{"id":297554,"date":"2025-12-20T08:09:09","date_gmt":"2025-12-20T08:09:09","guid":{"rendered":"https:\/\/www.europesays.com\/es\/297554\/"},"modified":"2025-12-20T08:09:09","modified_gmt":"2025-12-20T08:09:09","slug":"adios-a-la-noche-y-sus-locas-fiestas","status":"publish","type":"post","link":"https:\/\/www.europesays.com\/es\/297554\/","title":{"rendered":"adi\u00f3s a la noche y sus locas fiestas"},"content":{"rendered":"<p><b>\u201cHe estado en Pach\u00e1 desde el a\u00f1o 83 y ya toca un poquito cambiar de tercio. As\u00ed que seguir\u00e9 con mi cami\u00f3n y la noche se va a quedar sola. Y yo tambi\u00e9n, pero me buscar\u00e9 la vida por otro lado\u201d<\/b>, confiesa <a title=\"Pocholo Mart\u00ednez Bordi\u00fa\" href=\"https:\/\/www.larazon.es\/gente\/tv\/desvelamos-secretos-pocholo-verdadero-nombre-orgias-piso_2024091266e2e2dcb3741e0001e24993.html\" target=\"_blank\" rel=\"nofollow noopener\">Pocholo Mart\u00ednez Bordi\u00fa<\/a>, el nieto de Francisco Franco m\u00e1s d\u00edscolo. Sonadas son sus aventuras en las fiestas de Ibiza, pero a sus 64 a\u00f1os, ha querido anunciar que se jubila. Deja la noche, dice adi\u00f3s a las fiestas y decide comenzar una nueva vida. Una diurna. Pero antes trasnocha una \u00faltima vez y se sienta a charlar con Santi Acosta y Bea Archidona, as\u00ed como el elenco de colaboradores de \u2018De viernes\u2019. <\/p>\n<p>Por supuesto, haciendo m\u00edtica a su mochila que marc\u00f3 su paso por \u2018Hotel Glam\u2019, entr\u00f3 al plat\u00f3 de Telecinco con su complemento de piel. El p\u00fablico echa c\u00e1nticos a la mochila que tan grandes momentos dio en su d\u00eda. <b>\u201cYo estoy a estrenar\u201d, es lo primero que dice<\/b>. Y es que al presentador no se le pasa por alto que algo le sucede en la pierna. Tiene una lesi\u00f3n por un problema vascular por una aventura en moto por el campo y por un programa de cocina que le obligaba a estar de pie. Pero no es su salud lo \u00fanico que le ha hecho decidir dejar la noche, aunque <b>confiese entre risas que \u201cnunca he salido mucho, la verdad\u201d<\/b>. Todos r\u00eden a carcajadas.<\/p>\n<p>Pocholo dice adi\u00f3s a sus juergas hasta el amanecer<\/p>\n<p><b>\u201cEn la vida todo es un cambio. El cambio es constante incluso en la materia. Luego es opcional el progresar. Entonces, Ibiza ha cambiado un poco.<\/b> Empec\u00e9 en los a\u00f1os 80 en Pach\u00e1 y este a\u00f1o lo he dejado porque ha cambiado un poco la historia. Ha cambiado de due\u00f1o y la identidad es diferente. Entonces me he cortado la coleta\u201d, explica por qu\u00e9 abandona su trabajo en la m\u00edtica discoteca en la isla pitiusa. <b>\u201cHe sido yo el que me he querido ir, podr\u00eda haber estado ah\u00ed m\u00e1s tiempo. Pero tambi\u00e9n ha cambiado mucho la noche, ya no es lo que era, tampoco est\u00e1 mi amigo que era el due\u00f1o. Es todo diferente\u201d.<\/b><\/p>\n<p>Y es que echa de menos los tiempos en los que <b>\u201ctodo el mundo se mezclaba, pero ahora son todos privados y hacer caja\u201d<\/b>. Antes recuerda que hac\u00eda recorrido por las cinco discotecas grandes de la isla en una misma jornada de fiesta y se encontraba con la misma gente. Ya no tiene tanta soltura para hablar con el resto de fauna nocturna. Y eso que dec\u00eda que casi no sal\u00eda\u2026 Pero lo que s\u00ed que deja claro es que no deja Ibiza, pues aqu\u00ed ha establecido su vida. <b>Lo hace en un cami\u00f3n que ha adaptado como casa al que no le falta detalle<\/b>. Antes iba con \u00e9l all\u00e1 donde la fiesta le llamaba. Ahora Pocholo viajar\u00e1 a otro aire, ahora con el Sol en lo alto del cielo. <\/p>\n<p>Antes iba con \u00e9l all\u00e1 donde la fiesta le llamaba. Ahora Pocholo viajar\u00e1 a otro aire, ahora con el Sol en lo alto del cielo. <b>Asegura que desde hace mucho tiempo las noches locas de fiesta se han acabado y que ahora como muy tarde a las 3 de la madrugada est\u00e1 recogido en casa.<\/b> Todos alucinan con esta confesi\u00f3n: \u201cAntes ni se acostaba\u201d, recuerda \u00c1ngela Portero, que recuerda fiestas muy locas con \u00e9l. Tambi\u00e9n muchas an\u00e9cdotas tienen Lydia Lozano y el resto de colaboradores saben de sus correr\u00edas, enumerando muchas de ellas.<\/p>\n","protected":false},"excerpt":{"rendered":"\u201cHe estado en Pach\u00e1 desde el a\u00f1o 83 y ya toca un poquito cambiar de tercio. As\u00ed que&hellip;\n","protected":false},"author":2,"featured_media":297555,"comment_status":"","ping_status":"","sticky":false,"template":"","format":"standard","meta":{"footnotes":""},"categories":[174],"tags":[255,146,147,25,24,256,23],"class_list":{"0":"post-297554","1":"post","2":"type-post","3":"status-publish","4":"format-standard","5":"has-post-thumbnail","7":"category-famosos","8":"tag-celebrities","9":"tag-entertainment","10":"tag-entretenimiento","11":"tag-es","12":"tag-espana","13":"tag-famosos","14":"tag-spain"},"share_on_mastodon":{"url":"https:\/\/pubeurope.com\/@es\/115750880396862335","error":""},"_links":{"self":[{"href":"https:\/\/www.europesays.com\/es\/wp-json\/wp\/v2\/posts\/297554","targetHints":{"allow":["GET"]}}],"collection":[{"href":"https:\/\/www.europesays.com\/es\/wp-json\/wp\/v2\/posts"}],"about":[{"href":"https:\/\/www.europesays.com\/es\/wp-json\/wp\/v2\/types\/post"}],"author":[{"embeddable":true,"href":"https:\/\/www.europesays.com\/es\/wp-json\/wp\/v2\/users\/2"}],"replies":[{"embeddable":true,"href":"https:\/\/www.europesays.com\/es\/wp-json\/wp\/v2\/comments?post=297554"}],"version-history":[{"count":0,"href":"https:\/\/www.europesays.com\/es\/wp-json\/wp\/v2\/posts\/297554\/revisions"}],"wp:featuredmedia":[{"embeddable":true,"href":"https:\/\/www.europesays.com\/es\/wp-json\/wp\/v2\/media\/297555"}],"wp:attachment":[{"href":"https:\/\/www.europesays.com\/es\/wp-json\/wp\/v2\/media?parent=297554"}],"wp:term":[{"taxonomy":"category","embeddable":true,"href":"https:\/\/www.europesays.com\/es\/wp-json\/wp\/v2\/categories?post=297554"},{"taxonomy":"post_tag","embeddable":true,"href":"https:\/\/www.europesays.com\/es\/wp-json\/wp\/v2\/tags?post=297554"}],"curies":[{"name":"wp","href":"https:\/\/api.w.org\/{rel}","templated":true}]}}