{"id":297560,"date":"2025-12-20T08:14:13","date_gmt":"2025-12-20T08:14:13","guid":{"rendered":"https:\/\/www.europesays.com\/es\/297560\/"},"modified":"2025-12-20T08:14:13","modified_gmt":"2025-12-20T08:14:13","slug":"veladas-sonoras-loquillo-el-baloncesto-me-enseno-a-vivir-y-evitar-el-submundo","status":"publish","type":"post","link":"https:\/\/www.europesays.com\/es\/297560\/","title":{"rendered":"Veladas Sonoras | Loquillo: \u00abEl baloncesto me ense\u00f1\u00f3 a vivir y evitar el submundo\u00bb"},"content":{"rendered":"<p class=\"ft-text\"><strong>Loquillo<\/strong>, que cumple 65 a\u00f1os el 21 de diciembre, cerrar\u00e1 la gira de su disco \u2018Corazones Legendarios\u2019 con sendos conciertos en Valencia y Barcelona los d\u00edas 26 y 27 de diciembre respectivamente. Antes de afrontar este doblete en la carretera, el rockero catal\u00e1n visit\u00f3 la redacci\u00f3n de SPORT para hacer un extenso repaso su carrera para hablar de filosof\u00eda, disciplina y deporte. En especial del baloncesto, que ha sido la especialidad que ha marcado su vida y su trayectoria pues ha sido jugador, entrenador y patrocinador de equipos. Vale la pena leerlo porque siempre se explica, se moja y afronta todo aquello que se le pregunta sin tapujos.<\/p>\n<p class=\"ft-text\"><strong>Cambiamos el orden de las preguntas porque la actualidad, tristemente, obliga. Han desaparecido dos leyendas del rock patrio como Jorge Mart\u00ednez de \u2018Ilegales\u2019 y Robe Iniesta.<\/strong><\/p>\n<p class=\"ft-text\">Es triste porque son personajes que construyeron su carrera al margen. No son artistas de 40Principales y en nuestro pa\u00eds lo de trabajar en los m\u00e1rgenes de lo que es la industria es dif\u00edcil, pero, a su vez, valiente y audaz. Es la actitud del rock &amp; roll. No somos gente f\u00e1cil y si estamos en esto es porque una parte de nosotros nos hace ver cosas y plantear dudas razonables sobre la vida, sus extremos y lo que gira alrededor. Eran dos de los m\u00e1ximos exponentes de la actitud del rock espa\u00f1ol con una trayectoria que anda por los m\u00e1rgenes sin aceptar la industria como muchos creen que es.<\/p>\n<p class=\"ft-text\"><strong>Dos m\u00fasicos legendarios como el t\u00edtulo del disco que lanz\u00f3 en septiembre y cuya gira rematar\u00e1 en Valencia y Barcelona los 26 y 27 de diciembre. En \u2018Corazones Legendarios\u2019 re\u00fane a una pl\u00e9yade de artistas nacionales como el propio Jorge, Bunbury, Raphael, Dani Mart\u00edn o Leiva.<\/strong><\/p>\n<p class=\"ft-text\">Cuando uno acumula una trayectoria de 47 a\u00f1os de carrera tiene claro que es referente de la cultura espa\u00f1ola y que sus canciones forman parte de la memoria de much\u00edsimos espa\u00f1oles y ciudadanos del mundo. Mis temas forman parte de la historia de nuestra democracia. Muchos han traspasado fronteras y el hecho de si son de Loquillo o no. Cuando eso ocurre lo que tiene que hacer uno es mostrarlas y d\u00e1rselas a todos y que cada uno de los artistas con los que tiene relaci\u00f3n o amistad las hagan suyas. Plante\u00e9 el disco al estilo cinematogr\u00e1fico porque me encanta el cine. Hice de director detr\u00e1s de las c\u00e1maras y busqu\u00e9 el guion y el actor adecuado para cada tema. Me interesaba trabajar con artistas que dejasen su impronta y me lo pas\u00e9 muy bien dirigiendo la pel\u00edcula con protagonistas tan importantes en la industria como Bunbury, Nacho Vegas o \u2018J\u2019 de Los Planetas mezclados con Raphael o Miguel Poveda en un proyecto con continuidad.<\/p>\n<p class=\"ft-text\"><strong>\u00bfHabr\u00e1 segunda parte de \u2018Corazones Legendarios\u2019?<\/strong><\/p>\n<p class=\"ft-text\">As\u00ed es. Si este ha sido un disco de solistas el siguiente ser\u00e1 de bandas donde estas har\u00e1n versiones de mis canciones y de los autores de mis canciones en el que participar\u00e9 como invitado.<\/p>\n<p class=\"ft-text\"><strong>Tras repasar la actualidad, empezamos. Deportivamente hablando, si tuviese que hacer un paralelismo, \u00bfen qu\u00e9 momento se encuentra su carrera?<\/strong><\/p>\n<p class=\"ft-text\">El deporte cambi\u00f3 mi vida. El baloncesto fue fundamental para que yo pudiese crear un personaje, dejase de ser un ni\u00f1o introvertido de barrio y evitara el submundo. Me ense\u00f1\u00f3 a vivir, me marc\u00f3 las pautas y me permiti\u00f3 conocer a los mejores entrenadores. No hay momento m\u00e1s importante que ese. De los premios que me han dado, el m\u00e1s importante fue el de la revista \u2018Gigantes del Basket\u2019 porque pude dedicarlo a los entrenadores que tuve cuando fui jugador; desde Germ\u00e1n Gonz\u00e1lez a A\u00edto Garc\u00eda-Reneses. Ellos me transmitieron algo clave: el baloncesto es un deporte individual que se juega en equipo. Lo he trasladado al rock que es una m\u00fasica individual que se practica en banda. Fui entrenador y soy muy bueno creando equipos.<\/p>\n<p class=\"ft-text\"><strong>\u00bfEs m\u00e1s complicado gestionar una banda de rock o un equipo de baloncesto?<\/strong><\/p>\n<p class=\"ft-text\">Los problemas en las bandas vienen cuando uno de los miembros quiere ocupar el sitio de otro. Cada uno tiene un don y debe tener la sabidur\u00eda para encauzarlo y crear un puzle. He tardado 55 a\u00f1os en crear ese puzle y puedo decir que tengo la mejor banda de este pa\u00eds haciendo un rock de vieja escuela: el Dream Team de los mejores m\u00fasicos espa\u00f1oles.<\/p>\n<p class=\"ft-text\"><strong>Siempre ha estado vinculado al baloncesto.<\/strong><\/p>\n<p class=\"ft-text\">Alrededor m\u00edo siempre late el baloncesto. A nivel m\u00e9dico me trata el doctor Tramullas que lo fue del Bar\u00e7a, he esponsorizado al Easo en San Sebasti\u00e1n o el Femen\u00ed Sant Adri\u00e0 y no he dejado de tener vinculaci\u00f3n con este mundo porque es vital. Cuando tengo problemas no voy al psic\u00f3logo, me re\u00fano con el exjugador Roger Esteller que es un tipo que motiva hasta l\u00edmites insospechados. Deporte y baloncesto han formado parte de mi vida.<\/p>\n<p class=\"ft-text\"><strong>De hecho, el alias \u2018Loquillo\u2019 fue el bautizo de un mito de la historia del baloncesto.<\/strong><\/p>\n<p class=\"ft-text\">Gracias al baloncestista m\u00e1s importante de este pa\u00eds que no es otro que Juan Antonio San Epifanio, \u2018Epi\u2019. En un campeonato de Espa\u00f1a yo llevaba una beisbolera con un p\u00e1jaro loco que lo hab\u00eda intercambiado con un Marine americano de los que tra\u00edan las ladillas a las Ramblas\u2026 En el colegio ALPE me llamaban \u2018p\u00e1jaro\u2019 hasta que un d\u00eda Epi me lanz\u00f3 un bal\u00f3n, lo perd\u00ed y me dijo: \u201cya no eres un \u2018p\u00e1jaro\u2019 ahora eres un \u2018Loquillo\u2019\u201d y como lo que dec\u00eda \u2018Epi\u2019 iba a misa todos empezaron a llamarme as\u00ed. Hoy somos una marca registrada que vende millones de discos.<\/p>\n<blockquote class=\"ft-mol-quote\" data-aida-quote=\"\"><p>\u201cSoy de Barcelona y vivo en San Sebasti\u00e1n; Bar\u00e7a y Real Sociedad son mi debilidad\u201d<\/p><\/blockquote>\n<p class=\"ft-text\"><strong>\u00bfEcha de menos la \u00e9poca de \u2018Epi\u2019, Soloz\u00e1bal, Sibilio, Norris?<\/strong><\/p>\n<p class=\"ft-text\">Tuve la suerte de jugar con ellos y les homenajeo en la canci\u00f3n \u2018Memoria de j\u00f3venes airados\u2019 donde aparecen nombres con los que tuve relaci\u00f3n, entre ellos \u2018Epi\u2019. Aquel momento fue \u00fanico porque el baloncesto consigui\u00f3 pasar de una minor\u00eda a una mayor\u00eda de ciudadanos que ve\u00edan sus partidos. La final de Los \u00c1ngeles \u201984 en la que Espa\u00f1a logr\u00f3 la plata fue impresionante. Antes hubo otros como Brabender, Santillana o Buscat\u00f3, pero la primera generaci\u00f3n moderna que dio al baloncesto la aureola que tiene hay que otorg\u00e1rselo a esta gente sin olvidar que \u2018Epi\u2019 fue el \u00faltimo relevista de la antorcha en Barcelona \u201992 lo que demuestra su relevancia.<\/p>\n<p class=\"ft-text\"><strong>\u00bfQu\u00e9 otro deporte sigue? <\/strong><\/p>\n<p class=\"ft-text\">Cuando naces en Barcelona eres del Bar\u00e7a, club del que soy socio, o del Espanyol. De chaval\u00edn mi t\u00edo era ujier del Bar\u00e7a y me llevaba a los partidos y vi el m\u00edtico gol de Cruyff en una posici\u00f3n privilegiada. De ah\u00ed estuve a punto de fichar por el Bar\u00e7a de baloncesto y siempre he tenido vinculaci\u00f3n con el club. Quiero agradecer a Laporta el trato y el cari\u00f1o y que venga a mis conciertos, pero no hablar\u00e9 de eso.<\/p>\n<p class=\"ft-text\"><strong>\u00bfO s\u00ed?<\/strong><\/p>\n<p class=\"ft-text\">Mejor que no. S\u00f3lo digo que Joan Laporta asiste a mis conciertos (risas).<\/p>\n<p class=\"ft-text\"><strong>Entendido. \u00bfAs\u00ed que le gusta el f\u00fatbol?<\/strong><\/p>\n<p class=\"ft-text\">Adem\u00e1s del Bar\u00e7a piensa que viviendo en San Sebasti\u00e1n la Real Sociedad es otra de mis debilidades porque ese club significa muchas cosas. Cuando uno va a vivir a Donostia debe tener claro que el f\u00fatbol forma parte de su ADN as\u00ed que me divido con mi afici\u00f3n por el Bar\u00e7a. El otro d\u00eda estuve en El Molin\u00f3n viendo al Sporting, me hicieron un homenaje que te cagas y me dieron la camiseta as\u00ed que mi relaci\u00f3n con el deporte siempre ha sido muy estrecha y me ha permitido estar cerca de mis seguidores con los que compartimos afici\u00f3n por la m\u00fasica y los deportes.<\/p>\n<p class=\"ft-text\"><strong>\u00bfHay alg\u00fan momento hist\u00f3rico deportivo que le marcase? Comentaba que vio la final de Wembley sentado al lado de \u2018Urruti\u2019. <\/strong><\/p>\n<p class=\"ft-text\">Fue un viaje hist\u00f3rico e \u00edbamos con la cara pintada. Estaba en un momento muy alto de popularidad, justo cuando grabamos el concierto de Zeleste que es el directo m\u00e1s vendido del rock espa\u00f1ol. Me pint\u00e9 y cog\u00ed una ikurri\u00f1a y una bandera del Bar\u00e7a y me mezcl\u00e9 con los aficionados m\u00e1s radicales del Bar\u00e7a, pero la putada es que me vio un directivo de una cadena de radio mayoritaria que no era cul\u00e9 y nunca m\u00e1s son\u00e9 en su emisora. Fue muy divertido tener a \u2018Urruti\u2019 a dos butacas. He vivido como aficionado triunfos de la selecci\u00f3n espa\u00f1ola de baloncesto y del Bar\u00e7a en la Champions, aunque no dir\u00e9 d\u00f3nde no fui porque si llego a ir a una final que perdimos me da algo. El deporte es fundamental y maravilloso. Una canci\u00f3n puede cambiar la vida de un pa\u00eds y una victoria deportiva alterar la historia porque te eleva y hace que la gente sea feliz como con Iniesta en 2010. \u2018Cadillac Solitario\u2019 o \u2018Feo, Fuerte y Formal\u2019 hacen felices a mucha gente y comparo mis \u00e9xitos en ese sentido.<\/p>\n<p><img decoding=\"async\" src=\"https:\/\/www.europesays.com\/es\/wp-content\/uploads\/2025\/12\/735a3b3c-8b5b-44ab-8392-6baac49777fb_alta-libre-aspect-ratio_default_0.jpg\" width=\"1200\" height=\"900\" alt=\"Loquillo, cantante espa\u00f1ol\" class=\"ft-helper-img-rd\" loading=\"lazy\"\/><\/p>\n<p class=\"ft-helper-fontColor-quaternary ft-helper-fontSize-body-S ft-helper-spacer-t-xxs\">Loquillo, cantante espa\u00f1ol  \/ Jaume de Laiguana<\/p>\n<p class=\"ft-text\"><strong>Tambi\u00e9n ama el boxeo. <\/strong><\/p>\n<p class=\"ft-text\">Mi padre me llevaba al Gran Price en Barcelona y nunca olvidar\u00e9 el humo del tabaco, el aroma a Var\u00f3n Dandy y los se\u00f1ores con bigote. Crec\u00ed con esa cultura y es el entrenamiento que mejor me va. Lo recomiendo para el que quiera dedicarse a la m\u00fasica pues requiere un fondo f\u00edsico importante. Estamos dos horas encima de un escenario y debes mantener la respiraci\u00f3n y currarte lo de tener un buen show. Cuando programo una gira me tiro dos meses a fondo dedicado a su preparaci\u00f3n.<\/p>\n<p class=\"ft-text\"><strong>\u00bfC\u00f3mo ve al joven Bar\u00e7a que entrena Hansi Flick?<\/strong><\/p>\n<p class=\"ft-text\">Un equipo funciona cuando hay una buena media entre futbolistas veteranos y j\u00f3venes. Siempre he buscado ese equilibrio en mi banda. \u2018Josu\u2019 Garc\u00eda, el productor, tiene 60 a\u00f1os, y se junta con m\u00fasicos que no llegan a 40. Se lo vi a Johnny Hallyday en Francia y entend\u00ed muchas cosas: encontrar un equilibrio entre veteran\u00eda y energ\u00eda. No se debe sacrificar actitud por t\u00e9cnica y tiene que haber la chispa insolente del joven y el poso y la veteran\u00eda del adulto.<\/p>\n<p class=\"ft-text\"><strong>\u00bfLe gusta el discurso de Flick y su actitud con la cantera?<\/strong><\/p>\n<p class=\"ft-text\">Xavi ya intent\u00f3 dar oportunidades a la cantera y hay que reconoc\u00e9rselo. Parto de la base de que hay que crear v\u00ednculos y uno de los errores del deporte y el baloncesto actual es no hacerlo. Est\u00e1 bien tener a jugadores for\u00e1neos, pero hay que apostar por el producto nacional. Punto. El baloncesto funciona en ciudades peque\u00f1as porque los jugadores son cercanos a la afici\u00f3n. Son importantes los de casa porque crean ese v\u00ednculo y sigo creyendo que grandes clubes como Bar\u00e7a y Madrid necesitan cantera en su secci\u00f3n de baloncesto. Los de casa se van fuera y termina desvirtuando el baloncesto nacional y las canteras. En el f\u00fatbol pasa igual y hay que crear los \u2018Messis\u2019 que haga falta porque generan v\u00ednculos. Los cracks for\u00e1neos pueden ayudar, pero creo en el producto de aqu\u00ed. Llevo 47 a\u00f1os en esto y crear v\u00ednculos con el p\u00fablico hace que las generaciones pasen el veneno al que viene. A mis conciertos viene gente de mi edad y chavales de 11 a\u00f1os porque hay una tradici\u00f3n. Ser del Bar\u00e7a o la Real se lleva en el ADN y no podemos desvirtuar eso porque perderemos el v\u00ednculo con la afici\u00f3n. Un jugador del Bar\u00e7a debe saber qu\u00e9 significa hist\u00f3rica y culturalmente un \u2018cl\u00e1sico\u2019 y que no sea un simple \u201cvoy a la oficina\u201d. Me gusta ver cul\u00e9s saber por qu\u00e9 defienden los colores.<\/p>\n<p class=\"ft-text\"><strong>\u00bfQu\u00e9 consejos dar\u00eda a los Lamine Yamal, Cubars\u00ed, Eric Garc\u00eda o Casad\u00f3? <\/strong><\/p>\n<p class=\"ft-text\">No soy de dar discursos porque las ostias te las tienes que pegar tu solo. La regla n\u00famero uno es igual que en la m\u00fasica: \u201c\u00a1no te f\u00edes de nadie mayor de 30 a\u00f1os!\u201d. Hay una edad en la que tienes que pegarte las ostias t\u00fa mismo y aprender y luego buscar a qui\u00e9n te escuche y t\u00fa a \u00e9l. En el rock, el flamenco o el blues se idolatra al anterior mientras que en el pop pasa poco. Yo no estar\u00eda aqu\u00ed si no hubiesen existido Los Sirex, Los Salvajes, Los Brincos, Los Cheyenes o tipos como Ramonc\u00edn.<\/p>\n<p class=\"ft-text\"><strong>Es de bien nacido ser agradecido.<\/strong><\/p>\n<p class=\"ft-text\">En el deporte todo es ef\u00edmero y la vida de un deportista dura muy poco salvo excepciones como LeBron James. Si tardas en madurar esto provoca que tu rendimiento baje. Por eso cada vez hay m\u00e1s deportistas que tienen a psic\u00f3logos que cuidan su estado porque puedes perder la cabeza en cualquier momento. Se mueve mucho dinero con 19 a\u00f1os y o tienes gente buena alrededor o aprendes de lo que has visto en casa o mal. Debes saber el concepto del esfuerzo, que nada se regala y tener claro trabajo en equipo y dar espacios a tu gente. El que lo f\u00eda todo al \u2018frontman\u2019 y no tiene un equipo detr\u00e1s est\u00e1 jodido. Un jugador de \u00e9lite tiene que aprovechar la tecnolog\u00eda y estar mentalizado porque jugar a estos niveles no es una broma y debes saber qu\u00e9 lugar que ocupas.<\/p>\n<blockquote class=\"ft-mol-quote\" data-aida-quote=\"\"><p>\u00abUn jugador del Bar\u00e7a tiene que saber lo que significa hist\u00f3rica y culturalmente disputar un \u2018cl\u00e1sico\u2019 sin que sea un simple \u201choy voy a la oficina\u201d como pensar\u00eda un futbolista extranjero. Me gusta ver a los canteranos azulgranas saber el por qu\u00e9 defienden esos colores\u00bb<\/p><\/blockquote>\n<p class=\"ft-text\"><strong>\u00bfQu\u00e9 parte de exigencia deportiva tiene el componer m\u00fasica y resistir las giras?<\/strong><\/p>\n<p class=\"ft-text\">La disciplina es absoluta y tambi\u00e9n lo acabas entendiendo a ostias. Todo artista debe cruzar una traves\u00eda del desierto que es el momento de duda en el que dejas de ser uno mayoritario porque no eres un adolescente y tienes que crecer sin convertirte en el eterno adolescente. Quien consigue superar esa traves\u00eda deviene leyenda. Muchos se quedan en el camino por no normalizar la edad o no saber hacer letras adecuadas a cada momento vital. No cantar\u00e9 seg\u00fan qu\u00e9 temas porque ya no me toca y lo asumo. Tengo la suerte de poseer un repertorio de d\u00e9cadas diferentes y hay que tener amplitud de miras. Necesitas una disciplina absoluta y con el paso del tiempo lo ves. Si f\u00edsicamente est\u00e1s en condiciones, la cabeza te va bien y la vida de carretera te ha respetado ser\u00e1s mejor. Si no tienes la potencia de la juventud s\u00ed que posees la sabidur\u00eda para gestionar esa fuerza y distribuirla.<\/p>\n<p class=\"ft-text\"><strong>La \u00faltima, \u00bfqu\u00e9 sonaba en el coche de sus padres? <\/strong><\/p>\n<p class=\"ft-text\">No hab\u00eda coche pues \u00e9ramos de clase baja. Mi padre era tanguero antes de la Guerra Civil espa\u00f1ola y Gardel era Dios. Fui un \u2018rocker\u2019 y \u00e9l un \u2018tanguero\u2019 y lo m\u00e1s alucinante que me han dicho en Argentina es que soy un tanguero cantando rock. Mi madre era fan del D\u00fao Din\u00e1mico y mi t\u00eda de Manolo Escobar. Mi padre era estibador del puerto de Barcelona y curraba con el hermano del cantante de Los Sirex y sus discos circulaban por casa. \u00c9ramos vecinos de los padres de Salom\u00e9 que gano Eurovisi\u00f3n y he tenido vinculaci\u00f3n musical alrededor m\u00edo porque en casa conoc\u00ed el movimiento \u2018ye-ye\u2019, los Stones, Beatles, The Who. Viv\u00eda en una escalera al estilo \u2018Rocco y sus hermanos\u2019 con el perfil barrial de la inmigraci\u00f3n, de puertas abiertas en el que las mujeres hablaban y los hombres tomaban co\u00f1ac mientras sonaba m\u00fasica y nunca lo olvidar\u00e9 porque era aut\u00e9ntico. No s\u00f3lo importa el sonido sino tambi\u00e9n la est\u00e9tica y es importante definir a un artista por su actitud, vestir y discurso: deporte y rock siempre van ligados.<\/p>\n","protected":false},"excerpt":{"rendered":"Loquillo, que cumple 65 a\u00f1os el 21 de diciembre, cerrar\u00e1 la gira de su disco \u2018Corazones Legendarios\u2019 con&hellip;\n","protected":false},"author":2,"featured_media":297561,"comment_status":"","ping_status":"","sticky":false,"template":"","format":"standard","meta":{"footnotes":""},"categories":[170],"tags":[146,147,25,24,33025,184,185,23,70819],"class_list":{"0":"post-297560","1":"post","2":"type-post","3":"status-publish","4":"format-standard","5":"has-post-thumbnail","7":"category-musica","8":"tag-entertainment","9":"tag-entretenimiento","10":"tag-es","11":"tag-espana","12":"tag-loquillo","13":"tag-music","14":"tag-musica","15":"tag-spain","16":"tag-veladas-sonoras"},"share_on_mastodon":{"url":"https:\/\/pubeurope.com\/@es\/115750900266204649","error":""},"_links":{"self":[{"href":"https:\/\/www.europesays.com\/es\/wp-json\/wp\/v2\/posts\/297560","targetHints":{"allow":["GET"]}}],"collection":[{"href":"https:\/\/www.europesays.com\/es\/wp-json\/wp\/v2\/posts"}],"about":[{"href":"https:\/\/www.europesays.com\/es\/wp-json\/wp\/v2\/types\/post"}],"author":[{"embeddable":true,"href":"https:\/\/www.europesays.com\/es\/wp-json\/wp\/v2\/users\/2"}],"replies":[{"embeddable":true,"href":"https:\/\/www.europesays.com\/es\/wp-json\/wp\/v2\/comments?post=297560"}],"version-history":[{"count":0,"href":"https:\/\/www.europesays.com\/es\/wp-json\/wp\/v2\/posts\/297560\/revisions"}],"wp:featuredmedia":[{"embeddable":true,"href":"https:\/\/www.europesays.com\/es\/wp-json\/wp\/v2\/media\/297561"}],"wp:attachment":[{"href":"https:\/\/www.europesays.com\/es\/wp-json\/wp\/v2\/media?parent=297560"}],"wp:term":[{"taxonomy":"category","embeddable":true,"href":"https:\/\/www.europesays.com\/es\/wp-json\/wp\/v2\/categories?post=297560"},{"taxonomy":"post_tag","embeddable":true,"href":"https:\/\/www.europesays.com\/es\/wp-json\/wp\/v2\/tags?post=297560"}],"curies":[{"name":"wp","href":"https:\/\/api.w.org\/{rel}","templated":true}]}}