{"id":297562,"date":"2025-12-20T08:15:19","date_gmt":"2025-12-20T08:15:19","guid":{"rendered":"https:\/\/www.europesays.com\/es\/297562\/"},"modified":"2025-12-20T08:15:19","modified_gmt":"2025-12-20T08:15:19","slug":"un-falso-existencialismo-o-por-que-es-tan-dificil-adaptar-con-exito-el-extranjero-de-albert-camus","status":"publish","type":"post","link":"https:\/\/www.europesays.com\/es\/297562\/","title":{"rendered":"Un falso existencialismo o por qu\u00e9 es tan dif\u00edcil adaptar con \u00e9xito \u2018El extranjero\u2019 de Albert Camus"},"content":{"rendered":"<p class=\"article-text\">\n        Los comienzos m\u00e1s famosos de las novelas son los que parecen concentrar la experiencia general de la lectura posterior, o las razones por las que dicha novela <strong>es tan can\u00f3nica<\/strong>. En el caso de<strong> <\/strong><strong>El extranjero<\/strong><strong> de Albert Camus<\/strong>, publicada en la Francia ocupada por los nazis de 1942, se dan ambas cosas. <strong>\u201cHoy ha muerto mam\u00e1. O quiz\u00e1 ayer. No s\u00e9<\/strong><strong>\u201d<\/strong>. Meursault, el protagonista, describir\u00e1 sus pensamientos en primera persona durante toda la novela, sorprendi\u00e9ndonos por su sequedad y distanciamiento ante situaciones indudablemente dram\u00e1ticas. Que se te muera una madre es tremendo. Y m\u00e1s si no ten\u00edas una relaci\u00f3n particularmente mala con ella, como Meursault.\n    <\/p>\n<p class=\"offer__name\">infoLibre premium<\/p>\n<p>\n                            8\u20ac\/mes<br \/>\n                            75\u20ac\/a\u00f1o\n                        <\/p>\n<p>\n                            Ahorra 21\u20ac\n                        <\/p>\n<p>                                        <a class=\"offer__suscription bh-btn\" href=\"https:\/\/usuarios.infolibre.es\/hazte_socio\/\" rel=\"nofollow noopener\" target=\"_self\" title=\"Suscr\u00edbete\" data-google-interstitial=\"false\" data-dl-subscription-params=\"{&quot;value&quot;:&quot;75&quot;,&quot;currency&quot;:&quot;EUR&quot;,&quot;im_type&quot;:&quot;infoLibre_premium&quot;,&quot;method&quot;:&quot;paywall&quot;,&quot;im_location&quot;:&quot;banner_paywall&quot;,&quot;im_section&quot;:&quot;la pel\\u00edcula de la semana&quot;,&quot;items&quot;:[{&quot;item_name&quot;:&quot;infoLibre_premium&quot;,&quot;price&quot;:&quot;75&quot;,&quot;discount&quot;:&quot;21&quot;,&quot;quantity&quot;:&quot;1&quot;}]}\">Suscr\u00edbete<\/a><\/p>\n<ul class=\"offer__description\">\n<li>Lee art\u00edculos sin l\u00edmites<\/li>\n<li>Sin publicidad<\/li>\n<li>Recibe TintaLibre en tu casa<\/li>\n<\/ul>\n<p class=\"offer__name\">infoLibre total<\/p>\n<p>\n                            6\u20ac\/mes<br \/>\n                            55\u20ac\/a\u00f1o\n                        <\/p>\n<p>\n                            Ahorra 17\u20ac\n                        <\/p>\n<p>                                        <a class=\"offer__suscription bh-btn\" href=\"https:\/\/usuarios.infolibre.es\/hazte_socio\/\" rel=\"nofollow noopener\" target=\"_self\" title=\"Suscr\u00edbete\" data-google-interstitial=\"false\" data-dl-subscription-params=\"{&quot;value&quot;:&quot;55&quot;,&quot;currency&quot;:&quot;EUR&quot;,&quot;im_type&quot;:&quot;infoLibre_total&quot;,&quot;method&quot;:&quot;paywall&quot;,&quot;im_location&quot;:&quot;banner_paywall&quot;,&quot;im_section&quot;:&quot;la pel\\u00edcula de la semana&quot;,&quot;items&quot;:[{&quot;item_name&quot;:&quot;infoLibre_total&quot;,&quot;price&quot;:&quot;55&quot;,&quot;discount&quot;:&quot;17&quot;,&quot;quantity&quot;:&quot;1&quot;}]}\">Suscr\u00edbete<\/a><\/p>\n<ul class=\"offer__description\">\n<li>Lee art\u00edculos sin l\u00edmites<\/li>\n<li>Sin publicidad<\/li>\n<\/ul>\n","protected":false},"excerpt":{"rendered":"Los comienzos m\u00e1s famosos de las novelas son los que parecen concentrar la experiencia general de la lectura&hellip;\n","protected":false},"author":2,"featured_media":297563,"comment_status":"","ping_status":"","sticky":false,"template":"","format":"standard","meta":{"footnotes":""},"categories":[169],"tags":[9811,30430,70822,177,861,146,147,25,24,70820,70821,1424,176,175,23],"class_list":{"0":"post-297562","1":"post","2":"type-post","3":"status-publish","4":"format-standard","5":"has-post-thumbnail","7":"category-cine","8":"tag-adaptar","9":"tag-albert","10":"tag-camus","11":"tag-cine","12":"tag-dificil","13":"tag-entertainment","14":"tag-entretenimiento","15":"tag-es","16":"tag-espana","17":"tag-existencialismo","18":"tag-extrajero","19":"tag-falso","20":"tag-film","21":"tag-movies","22":"tag-spain"},"share_on_mastodon":{"url":"https:\/\/pubeurope.com\/@es\/115750903781589588","error":""},"_links":{"self":[{"href":"https:\/\/www.europesays.com\/es\/wp-json\/wp\/v2\/posts\/297562","targetHints":{"allow":["GET"]}}],"collection":[{"href":"https:\/\/www.europesays.com\/es\/wp-json\/wp\/v2\/posts"}],"about":[{"href":"https:\/\/www.europesays.com\/es\/wp-json\/wp\/v2\/types\/post"}],"author":[{"embeddable":true,"href":"https:\/\/www.europesays.com\/es\/wp-json\/wp\/v2\/users\/2"}],"replies":[{"embeddable":true,"href":"https:\/\/www.europesays.com\/es\/wp-json\/wp\/v2\/comments?post=297562"}],"version-history":[{"count":0,"href":"https:\/\/www.europesays.com\/es\/wp-json\/wp\/v2\/posts\/297562\/revisions"}],"wp:featuredmedia":[{"embeddable":true,"href":"https:\/\/www.europesays.com\/es\/wp-json\/wp\/v2\/media\/297563"}],"wp:attachment":[{"href":"https:\/\/www.europesays.com\/es\/wp-json\/wp\/v2\/media?parent=297562"}],"wp:term":[{"taxonomy":"category","embeddable":true,"href":"https:\/\/www.europesays.com\/es\/wp-json\/wp\/v2\/categories?post=297562"},{"taxonomy":"post_tag","embeddable":true,"href":"https:\/\/www.europesays.com\/es\/wp-json\/wp\/v2\/tags?post=297562"}],"curies":[{"name":"wp","href":"https:\/\/api.w.org\/{rel}","templated":true}]}}