{"id":297571,"date":"2025-12-20T08:26:08","date_gmt":"2025-12-20T08:26:08","guid":{"rendered":"https:\/\/www.europesays.com\/es\/297571\/"},"modified":"2025-12-20T08:26:08","modified_gmt":"2025-12-20T08:26:08","slug":"el-consejo-de-seguridad-renueva-la-mision-de-paz-en-rd-congo","status":"publish","type":"post","link":"https:\/\/www.europesays.com\/es\/297571\/","title":{"rendered":"El Consejo de Seguridad renueva la misi\u00f3n de paz en RD Congo"},"content":{"rendered":"<p>El <a href=\"https:\/\/main.un.org\/securitycouncil\/es\" rel=\"nofollow noopener\" target=\"_blank\">Consejo de Seguridad<\/a> de la ONU prorrog\u00f3 este viernes por unanimidad el mandato de la misi\u00f3n de paz de la ONU en la Rep\u00fablica Democr\u00e1tica del Congo (RDC) por un a\u00f1o m\u00e1s, mientras se intensifican los combates en el este del pa\u00eds en medio de nuevas ofensivas del grupo rebelde M23.<\/p>\n<p>La resoluci\u00f3n 2808 (2025) prorroga el mandato de la Misi\u00f3n de Estabilizaci\u00f3n de las Naciones Unidas en la RDC (<a href=\"https:\/\/monusco.unmissions.org\/en\" rel=\"nofollow noopener\" target=\"_blank\">MONUSCO<\/a>) hasta el 20 de diciembre de 2026, manteniendo un l\u00edmite m\u00e1ximo autorizado de 11.500 efectivos militares, 600 observadores militares y oficiales de Estado Mayor, 443 agentes de polic\u00eda y 1270 miembros de unidades de polic\u00eda constituidas.<\/p>\n<p>En virtud de la resoluci\u00f3n, la zona principal de operaciones de la MONUSCO sigue siendo Kivu del Norte e Ituri, y cualquier despliegue relacionado con la supervisi\u00f3n del alto el fuego en Kivu del Sur estar\u00e1 sujeto a las condiciones de seguridad y a la notificaci\u00f3n previa al Consejo.<\/p>\n<p>La Brigada de Intervenci\u00f3n de la Misi\u00f3n tambi\u00e9n se renov\u00f3 con car\u00e1cter \u00abexcepcional\u00bb, y el Consejo subray\u00f3 que se hab\u00eda sentado un precedente. La fuerza especializada se cre\u00f3 en 2013 y se le encomend\u00f3 la tarea de desarticular y desarmar a los grupos armados.<\/p>\n<p>La resoluci\u00f3n tambi\u00e9n destaca lo que denomina una \u00abcrisis humanitaria y de seguridad que se deteriora r\u00e1pidamente\u00bb en el este de la Rep\u00fablica Democr\u00e1tica del Congo debido a la ofensiva del grupo armado M23 (Mouvement du 23 Mars) en Kivu del Norte y Kivu del Sur \u00abcon el apoyo directo y la participaci\u00f3n de las Fuerzas de Defensa de Ruanda\u00bb.<\/p>\n<p>Adem\u00e1s, condena la toma de Uvira, una ciudad estrat\u00e9gica en Kivu del Sur, a orillas del lago Tanganica, por parte del grupo, y advierte de que corre el riesgo de desestabilizar toda la regi\u00f3n.<\/p>\n<p>Perspectivas nacionales<\/p>\n<p>Francia, pa\u00eds responsable del expediente, afirm\u00f3 que el Consejo negoci\u00f3 el proyecto en \u00abcircunstancias inusuales\u00bb, ya que el M23 continuaba su ofensiva en Kivu del Sur.<\/p>\n<p>\u00abA la luz de la gravedad y la urgencia de la situaci\u00f3n, y tras esta resoluci\u00f3n, Francia insta a todas las partes a que cumplan sus compromisos para lograr una paz duradera en el este de la Rep\u00fablica Democr\u00e1tica del Congo y en la regi\u00f3n de los Grandes Lagos\u00bb, declar\u00f3 el embajador J\u00e9r\u00f4me Bonnafont al presentar el texto.<\/p>\n<p>Estados Unidos afirm\u00f3 que las negociaciones se vieron \u00abuna vez m\u00e1s interrumpidas\u00bb por los avances del M23, \u00abapoyado por las Fuerzas de Defensa de Ruanda\u00bb, e inst\u00f3 al grupo a cumplir sus compromisos en el marco de Doha.<\/p>\n<p>\u00abEl M23 debe retirarse inmediatamente al menos 75 km de Uvira y volver a cumplir todas las obligaciones contra\u00eddas en el Acuerdo Marco\u00bb, declar\u00f3 Jennifer Locetta, embajadora y representante suplente para Asuntos Pol\u00edticos Especiales.<\/p>\n<p>China y Rusia, aunque respaldaron la renovaci\u00f3n, hicieron hincapi\u00e9 en que el mandato era el resultado de dif\u00edciles compromisos y advirtieron contra la politizaci\u00f3n de la misi\u00f3n.<\/p>\n<p>Sun Lei, embajador y representante permanente adjunto de China, dijo que el Consejo deb\u00eda defender la \u00abindependencia, neutralidad y autoridad\u00bb de la operaci\u00f3n.<\/p>\n<p>Destac\u00f3 que China \u00abapoya firmemente\u00bb la soberan\u00eda, la independencia y la integridad territorial de la Rep\u00fablica Democr\u00e1tica del Congo, y a\u00f1adi\u00f3 que \u00abtodos los pa\u00edses de fuera de la regi\u00f3n deben mantener su compromiso con la paz en el este de la Rep\u00fablica Democr\u00e1tica del Congo y dejar de aprovecharse de la situaci\u00f3n\u00bb.<\/p>\n<p>En nombre de Rusia, Anna Evstigneeva, embajadora y representante permanente adjunta, dijo que su pa\u00eds esperapro puestas detalladas sobre las modalidades del papel de la MONUSCO en la supervisi\u00f3n del alto el fuego antes del 1 de marzo de 2026, al tiempo que inst\u00f3 a todas las partes a cumplir con sus obligaciones en virtud de las resoluciones del Consejo.<\/p>\n<p>\u00abHacemos un llamamiento a las partes para que cesen el fuego y cumplan con sus obligaciones de aplicar la resoluci\u00f3n 2773 del Consejo de Seguridad, que establece las soluciones clave para resolver este conflicto en beneficio de los millones de residentes de la Rep\u00fablica Democr\u00e1tica del Congo y de otros pa\u00edses de la regi\u00f3n\u00bb, afirm\u00f3.<\/p>\n","protected":false},"excerpt":{"rendered":"El Consejo de Seguridad de la ONU prorrog\u00f3 este viernes por unanimidad el mandato de la misi\u00f3n de&hellip;\n","protected":false},"author":2,"featured_media":297572,"comment_status":"","ping_status":"","sticky":false,"template":"","format":"standard","meta":{"footnotes":""},"categories":[42],"tags":[17,18,13,14,11,61,62,63,64,19,20,9,10,15,16,12,21,22,65,66,67],"class_list":{"0":"post-297571","1":"post","2":"type-post","3":"status-publish","4":"format-standard","5":"has-post-thumbnail","7":"category-internacional","8":"tag-breaking-news","9":"tag-breakingnews","10":"tag-featured-news","11":"tag-featurednews","12":"tag-headlines","13":"tag-internacional","14":"tag-international","15":"tag-international-news","16":"tag-internationalnews","17":"tag-latest-news","18":"tag-latestnews","19":"tag-news","20":"tag-noticias","21":"tag-noticias-destacadas","22":"tag-noticiasdestacadas","23":"tag-titulares","24":"tag-ultimas-noticias","25":"tag-ultimasnoticias","26":"tag-world","27":"tag-world-news","28":"tag-worldnews"},"share_on_mastodon":{"url":"https:\/\/pubeurope.com\/@es\/115750947082191090","error":""},"_links":{"self":[{"href":"https:\/\/www.europesays.com\/es\/wp-json\/wp\/v2\/posts\/297571","targetHints":{"allow":["GET"]}}],"collection":[{"href":"https:\/\/www.europesays.com\/es\/wp-json\/wp\/v2\/posts"}],"about":[{"href":"https:\/\/www.europesays.com\/es\/wp-json\/wp\/v2\/types\/post"}],"author":[{"embeddable":true,"href":"https:\/\/www.europesays.com\/es\/wp-json\/wp\/v2\/users\/2"}],"replies":[{"embeddable":true,"href":"https:\/\/www.europesays.com\/es\/wp-json\/wp\/v2\/comments?post=297571"}],"version-history":[{"count":0,"href":"https:\/\/www.europesays.com\/es\/wp-json\/wp\/v2\/posts\/297571\/revisions"}],"wp:featuredmedia":[{"embeddable":true,"href":"https:\/\/www.europesays.com\/es\/wp-json\/wp\/v2\/media\/297572"}],"wp:attachment":[{"href":"https:\/\/www.europesays.com\/es\/wp-json\/wp\/v2\/media?parent=297571"}],"wp:term":[{"taxonomy":"category","embeddable":true,"href":"https:\/\/www.europesays.com\/es\/wp-json\/wp\/v2\/categories?post=297571"},{"taxonomy":"post_tag","embeddable":true,"href":"https:\/\/www.europesays.com\/es\/wp-json\/wp\/v2\/tags?post=297571"}],"curies":[{"name":"wp","href":"https:\/\/api.w.org\/{rel}","templated":true}]}}