{"id":297573,"date":"2025-12-20T08:27:46","date_gmt":"2025-12-20T08:27:46","guid":{"rendered":"https:\/\/www.europesays.com\/es\/297573\/"},"modified":"2025-12-20T08:27:46","modified_gmt":"2025-12-20T08:27:46","slug":"alrededor-de-150-alumnos-se-graduan-en-los-cursos-de-defensa-nacional-2025","status":"publish","type":"post","link":"https:\/\/www.europesays.com\/es\/297573\/","title":{"rendered":"Alrededor de 150 alumnos se grad\u00faan en los cursos de Defensa Nacional 2025"},"content":{"rendered":"<p>\t\t\t\t\t\t18\/12\/2025<br \/>\n\t\t\t\t\t\t<a href=\"https:\/\/twitter.com\/Defensagob\" title=\"Twitter\" rel=\"nofollow noopener\" target=\"_blank\"><img decoding=\"async\" src=\"https:\/\/www.europesays.com\/es\/wp-content\/uploads\/2025\/07\/siguenosTwitter1.png\" alt=\"Twitter\"\/> <\/a><\/p>\n<p>\n\t\t\t\t\t\t\t<strong>Crece el inter\u00e9s por acercarse a la cultura de Defensa e impulsar una conciencia de seguridad compartida entre sociedad civil y Fuerzas Armadas<\/strong>\n\t\t\t\t\t\t<\/p>\n<p>Contribuir a la difusi\u00f3n de la cultura de seguridad y defensa en los \u00e1mbitos civil y militar, ese es el fin de los cuatro cursos de Defensa Nacional que ha impartido este a\u00f1o el CESEDEN y que ha clausurado hoy la ministra de Defensa, Margarita Robles.<\/p>\n<p>Durante el acto de clausura celebrado en el Centro Superior de Estudios de la Defensa Nacional (CESEDEN), se ha destacado la importancia de que la sociedad valore los conceptos de \u201cseguridad y defensa\u201d, que en el actual contexto geopol\u00edtico se tornan m\u00e1s complejos y plantean m\u00e1s retos, y \u201cla creaci\u00f3n de v\u00ednculos entre los participantes, tanto militares como civiles.<\/p>\n<p>Robles ha hecho un llamamiento a los m\u00e1s j\u00f3venes para que asuman un papel de liderazgo en la defensa, recordando la relevancia de los valores democr\u00e1ticos y el compromiso que tiene Espa\u00f1a con la paz en el mundo.<\/p>\n<p>\u201cEspa\u00f1a es un aliado fiable, responsable y comprometido, y para nosotros el multilateralismo es esencial. Lo mismo estamos en L\u00edbano con Naciones Unidas, que en el Alianza Atl\u00e1ntica y en la Uni\u00f3n Europea, para defender los valores democr\u00e1ticos y la paz\u201d, ha dicho la ministra en su alocuci\u00f3n a los graduados.<\/p>\n<p>En esta ocasi\u00f3n se han entregado diplomas a casi 150 alumnos, procedentes tanto de las ediciones XII y XIII del Curso de Defensa Nacional para J\u00f3venes, como del LII y LIII Curso de Defensa Nacional 2025.<\/p>\n<p>Este \u00faltimo tiene como finalidad proporcionar una visi\u00f3n general de la defensa nacional, as\u00ed como impulsar y dar a conocer la cultura de defensa entre autoridades y altos responsables civiles de la Administraci\u00f3n del Estado y personas de relevancia de la vida pol\u00edtica, social y econ\u00f3mica.<\/p>\n<p>Al acto ha asistido el jefe de Estado Mayor de la Defensa, almirante general Teodoro L\u00f3pez Calder\u00f3n, del que depende el CESEDEN, dirigido por el teniente general Miguel \u00c1ngel Ballenilla.<\/p>\n<p>ALTOS ESTUDIOS DE LA DEFENSA<\/p>\n<p>De acuerdo con lo dispuesto en la Ley 39\/2007 de 19 de noviembre de la carrera militar, corresponde al CESEDEN impartir los cursos de Altos estudios de la Defensa Nacional relacionados con la paz, la seguridad y la defensa. La finalidad general de todos ellos es fomentar el conocimiento mutuo entre los participantes, estimulando el establecimiento de v\u00ednculos personales que faciliten el desarrollo de su vida profesional al servicio del Estado o de cualquier otro \u00e1mbito.<\/p>\n<p>Durante las formaciones se realizan diversas visitas a unidades, organismos y empresas de la defensa en territorio nacional, entre ellas cuarteles generales del Ej\u00e9rcito de Tierra, la Armada y Ej\u00e9rcito del Aire y del Espacio.<\/p>\n<p>El Curso de Defensa Nacional organiza adem\u00e1s un viaje de estudios internacional a Bruselas, donde conocen representaciones permanentes espa\u00f1olas ante la UE, la OTAN y el Parlamento Europeo.<\/p>\n<p>\t\t\t\t<script async src=\"https:\/\/platform.twitter.com\/widgets.js\" charset=\"utf-8\"><\/script><\/p>\n","protected":false},"excerpt":{"rendered":"18\/12\/2025 Crece el inter\u00e9s por acercarse a la cultura de Defensa e impulsar una conciencia de seguridad compartida&hellip;\n","protected":false},"author":2,"featured_media":2463,"comment_status":"","ping_status":"","sticky":false,"template":"","format":"standard","meta":{"footnotes":""},"categories":[8],"tags":[17,18,1616,2591,25,2586,24,2593,13,14,2588,2589,2590,2587,11,19,20,2592,2585,2584,9,10,15,16,23,12,21,22],"class_list":{"0":"post-297573","1":"post","2":"type-post","3":"status-publish","4":"format-standard","5":"has-post-thumbnail","7":"category-espana","8":"tag-breaking-news","9":"tag-breakingnews","10":"tag-defensa","11":"tag-ejrcito-espaol","12":"tag-es","13":"tag-espaa","14":"tag-espana","15":"tag-fas","16":"tag-featured-news","17":"tag-featurednews","18":"tag-ffaa","19":"tag-fuerzas-armadas","20":"tag-fuerzas-armadas-profesionales","21":"tag-gobierno-de-espaa","22":"tag-headlines","23":"tag-latest-news","24":"tag-latestnews","25":"tag-mde","26":"tag-ministerio-de-defensa","27":"tag-ministerio-defensa","28":"tag-news","29":"tag-noticias","30":"tag-noticias-destacadas","31":"tag-noticiasdestacadas","32":"tag-spain","33":"tag-titulares","34":"tag-ultimas-noticias","35":"tag-ultimasnoticias"},"share_on_mastodon":{"url":"https:\/\/pubeurope.com\/@es\/115750954848191673","error":""},"_links":{"self":[{"href":"https:\/\/www.europesays.com\/es\/wp-json\/wp\/v2\/posts\/297573","targetHints":{"allow":["GET"]}}],"collection":[{"href":"https:\/\/www.europesays.com\/es\/wp-json\/wp\/v2\/posts"}],"about":[{"href":"https:\/\/www.europesays.com\/es\/wp-json\/wp\/v2\/types\/post"}],"author":[{"embeddable":true,"href":"https:\/\/www.europesays.com\/es\/wp-json\/wp\/v2\/users\/2"}],"replies":[{"embeddable":true,"href":"https:\/\/www.europesays.com\/es\/wp-json\/wp\/v2\/comments?post=297573"}],"version-history":[{"count":0,"href":"https:\/\/www.europesays.com\/es\/wp-json\/wp\/v2\/posts\/297573\/revisions"}],"wp:featuredmedia":[{"embeddable":true,"href":"https:\/\/www.europesays.com\/es\/wp-json\/wp\/v2\/media\/2463"}],"wp:attachment":[{"href":"https:\/\/www.europesays.com\/es\/wp-json\/wp\/v2\/media?parent=297573"}],"wp:term":[{"taxonomy":"category","embeddable":true,"href":"https:\/\/www.europesays.com\/es\/wp-json\/wp\/v2\/categories?post=297573"},{"taxonomy":"post_tag","embeddable":true,"href":"https:\/\/www.europesays.com\/es\/wp-json\/wp\/v2\/tags?post=297573"}],"curies":[{"name":"wp","href":"https:\/\/api.w.org\/{rel}","templated":true}]}}