{"id":297576,"date":"2025-12-20T08:39:10","date_gmt":"2025-12-20T08:39:10","guid":{"rendered":"https:\/\/www.europesays.com\/es\/297576\/"},"modified":"2025-12-20T08:39:10","modified_gmt":"2025-12-20T08:39:10","slug":"la-campeona-belga-fem-van-empel-decide-parar-siento-que","status":"publish","type":"post","link":"https:\/\/www.europesays.com\/es\/297576\/","title":{"rendered":"La campeona belga Fem van Empel decide parar: \u00abSiento que&#8230;"},"content":{"rendered":"<p>                    \u00abEn este momento me faltan la motivaci\u00f3n y la satisfacci\u00f3n que he disfrutado en el ciclismo durante a\u00f1os\u00bb.<\/p>\n<p class=\"c-mainarticle__date\">\n<p>                    19 de diciembre de 2025 (16:10 CET)<\/p>\n<p>                                                                                                                                        <img fetchpriority=\"high\" decoding=\"async\" src=\"https:\/\/www.europesays.com\/es\/wp-content\/uploads\/2025\/12\/la-campeona-belga-fem-van-empe.jpeg\" alt=\"La campeona belga Fem van Empe\" title=\"La campeona belga Fem van Empe\" class=\"c-mainarticle__img\" loading=\"eager\" width=\"790\" height=\"454\"\/><\/p>\n<p>                    La campeona belga Fem van Empe<\/p>\n<p>La joven ciclista neerlandesa <strong>Fem van Empel<\/strong> (Visma Lease a Bike), <strong>tres veces campeona del mundo de ciclocross (2023, 2024 y 2025)<\/strong>, ha anunciado la decisi\u00f3n de dejar su carrera profesional \u00abpor tiempo indefinido\u00bb, a partir del 1 de enero, con el objetivo de \u00abencontrar el equilibrio y centrarse en su bienestar mental\u00bb, seg\u00fan informa el equipo.<\/p>\n<p>Van Empel, de 23 a\u00f1os, \u00a0tambi\u00e9n <strong>tricampeona de Europa de la especialidad (2022, 2023 y 2024)<\/strong>,\u00a0decidi\u00f3 en marzo retirarse del deporte para centrarse en su bienestar mental y controlar sus dolencias f\u00edsicas. Tras este periodo de descanso, decidi\u00f3 no seguir centr\u00e1ndose en el ciclismo de carretera y, en su lugar, trabajar para volver al ciclocross al inicio de la temporada.<\/p>\n<p>Aunque su entrenamiento y sus primeras carreras fueron positivas, Van Empel not\u00f3 que la sensaci\u00f3n que buscaba no surg\u00eda. Durante el Koppenbergcross, tuvo que abandonar la carrera porque no le iba bien en ese momento.<\/p>\n<blockquote><p>&#13;<\/p>\n<p>Durante el Koppenbergcross, mi cuerpo y mi mente me dieron una se\u00f1al muy clara. Soy una persona que no se rinde f\u00e1cilmente, pero inconscientemente, ya hab\u00eda tomado una decisi\u00f3n. Siento que este es el paso correcto para m\u00ed<\/p>\n<p>&#13;\n<\/p><\/blockquote>\n<p>El director ejecutivo del Visma, Richard Plugge, lament\u00f3 la baja de una corredora clave para la formaci\u00f3n. \u00abClaro que es una l\u00e1stima que Fem nos deje, pero respetamos plenamente su decisi\u00f3n. Ha significado mucho para nuestro equipo y para el ciclocr\u00f3s en general. Con su talento ha logrado resultados impresionantes y ha hecho historia con nuestro equipo, ganando m\u00faltiples t\u00edtulos europeos y mundiales. Ha sido especial presenciar su desarrollo de cerca y trabajar juntas. Le deseamos mucho \u00e9xito en el futuro\u00bb.<\/p>\n<blockquote class=\"instagram-media\" data-instgrm-captioned=\"\" data-instgrm-permalink=\"https:\/\/www.instagram.com\/p\/DScUyQejON8\/?utm_source=ig_embed&amp;utm_campaign=loading\" data-instgrm-version=\"14\" style=\" background:#FFF; border:0; border-radius:3px; box-shadow:0 0 1px 0 rgba(0,0,0,0.5),0 1px 10px 0 rgba(0,0,0,0.15); margin: 1px; max-width:540px; min-width:326px; padding:0; width:99.375%; width:-webkit-calc(100% - 2px); width:calc(100% - 2px);\"><p>&#13;<br \/>\n&#13;\n<\/p><\/blockquote>\n<p>Tras las conversaciones con el equipo, Van Empel concluy\u00f3 que ahora es mejor reorientar su carrera.<\/p>\n<blockquote><p>&#13;<\/p>\n<p>Esta es una decisi\u00f3n bien meditada y me siento bien. En este momento, me faltan la motivaci\u00f3n y la satisfacci\u00f3n que he disfrutado en el ciclismo durante a\u00f1os. Quer\u00eda ser honesta y justa con el equipo. Es el momento adecuado para empezar una nueva etapa. Estoy muy agradecida por todo el apoyo que he recibido del equipo, mi familia y la afici\u00f3n, y espero con ilusi\u00f3n lo que me depara el futuro<\/p>\n<p>&#13;\n<\/p><\/blockquote>\n<p><script async src=\"\/\/www.instagram.com\/embed.js\"><\/script><\/p>\n","protected":false},"excerpt":{"rendered":"\u00abEn este momento me faltan la motivaci\u00f3n y la satisfacci\u00f3n que he disfrutado en el ciclismo durante a\u00f1os\u00bb.&hellip;\n","protected":false},"author":2,"featured_media":297577,"comment_status":"","ping_status":"","sticky":false,"template":"","format":"standard","meta":{"footnotes":""},"categories":[273],"tags":[313,312,168,25,24,23,167],"class_list":{"0":"post-297576","1":"post","2":"type-post","3":"status-publish","4":"format-standard","5":"has-post-thumbnail","7":"category-ciclismo","8":"tag-ciclismo","9":"tag-cycling","10":"tag-deportes","11":"tag-es","12":"tag-espana","13":"tag-spain","14":"tag-sports"},"share_on_mastodon":{"url":"https:\/\/pubeurope.com\/@es\/115750998092307481","error":""},"_links":{"self":[{"href":"https:\/\/www.europesays.com\/es\/wp-json\/wp\/v2\/posts\/297576","targetHints":{"allow":["GET"]}}],"collection":[{"href":"https:\/\/www.europesays.com\/es\/wp-json\/wp\/v2\/posts"}],"about":[{"href":"https:\/\/www.europesays.com\/es\/wp-json\/wp\/v2\/types\/post"}],"author":[{"embeddable":true,"href":"https:\/\/www.europesays.com\/es\/wp-json\/wp\/v2\/users\/2"}],"replies":[{"embeddable":true,"href":"https:\/\/www.europesays.com\/es\/wp-json\/wp\/v2\/comments?post=297576"}],"version-history":[{"count":0,"href":"https:\/\/www.europesays.com\/es\/wp-json\/wp\/v2\/posts\/297576\/revisions"}],"wp:featuredmedia":[{"embeddable":true,"href":"https:\/\/www.europesays.com\/es\/wp-json\/wp\/v2\/media\/297577"}],"wp:attachment":[{"href":"https:\/\/www.europesays.com\/es\/wp-json\/wp\/v2\/media?parent=297576"}],"wp:term":[{"taxonomy":"category","embeddable":true,"href":"https:\/\/www.europesays.com\/es\/wp-json\/wp\/v2\/categories?post=297576"},{"taxonomy":"post_tag","embeddable":true,"href":"https:\/\/www.europesays.com\/es\/wp-json\/wp\/v2\/tags?post=297576"}],"curies":[{"name":"wp","href":"https:\/\/api.w.org\/{rel}","templated":true}]}}