{"id":297582,"date":"2025-12-20T08:43:13","date_gmt":"2025-12-20T08:43:13","guid":{"rendered":"https:\/\/www.europesays.com\/es\/297582\/"},"modified":"2025-12-20T08:43:13","modified_gmt":"2025-12-20T08:43:13","slug":"alessandro-lequio-reaparece-tras-su-despido-para-apoyar-publicamente-a-ana-obregon-las-palabras-del-italiano","status":"publish","type":"post","link":"https:\/\/www.europesays.com\/es\/297582\/","title":{"rendered":"Alessandro Lequio reaparece tras su despido para apoyar p\u00fablicamente a Ana Obreg\u00f3n: las palabras del italiano"},"content":{"rendered":"<p><img alt=\"Alessandro Lequio y Ana Obreg\u00f3n,\" class=\"global-image\" decoding=\"async\" fetchpriority=\"high\" height=\"960\" loading=\"eager\" src=\"https:\/\/www.europesays.com\/es\/wp-content\/uploads\/2025\/12\/JQRSIIG7S5FJLFZVQ3UU7547U4.jpg\" width=\"1706\"\/>Alessandro Lequio y Ana Obreg\u00f3n, en im\u00e1genes de archivo. (Europa Press)<\/p>\n<p class=\"paragraph\"><b>Alessandro Lequio<\/b> lleva un mes alejado del panorama medi\u00e1tico. Tras su <a href=\"https:\/\/www.infobae.com\/espana\/2025\/11\/19\/telecinco-despide-a-alessandro-lequio-tras-la-denuncia-de-violencia-machista-de-antonia-dellatte\/\" target=\"_blank\" rel=\"noreferrer nofollow noopener\" title=\"https:\/\/www.infobae.com\/espana\/2025\/11\/19\/telecinco-despide-a-alessandro-lequio-tras-la-denuncia-de-violencia-machista-de-antonia-dellatte\/\">despido de Telecinco<\/a> por el maltrato que ejerci\u00f3 contra su exmujer Antonia Dell\u2019Atte, el italiano no ha hecho declaraciones ni ha participado en actos p\u00fablicos, una reclusi\u00f3n total que este viernes ha roto para apoyar a<b> Ana Obreg\u00f3n<\/b> en un evento clave para la fundaci\u00f3n que lleva el nombre del hijo que tuvieron en com\u00fan.<\/p>\n<p class=\"paragraph\">La actriz acud\u00eda este 19 de diciembre a un acto en el centro de Madrid para formalizar la<b> donaci\u00f3n de 50.000 euros<\/b> de la Fundaci\u00f3n Aless Lequio al Hospital Vall d\u2019Hebron para la investigaci\u00f3n del sarcoma de Ewing. Pese a que Lequio no pudo estar presente, no dud\u00f3 en <a rel=\"noopener noreferrer nofollow\" href=\"https:\/\/www.infobae.com\/espana\/2024\/12\/12\/el-emotivo-reencuentro-de-ana-obregon-y-alessandro-lequio-con-el-que-entierran-el-hacha-de-guerra-por-una-buena-causa\/\" target=\"_self\" title=\"https:\/\/www.infobae.com\/espana\/2024\/12\/12\/el-emotivo-reencuentro-de-ana-obregon-y-alessandro-lequio-con-el-que-entierran-el-hacha-de-guerra-por-una-buena-causa\/\">intervenir por tel\u00e9fono<\/a> para mostrar su apoyo a la causa y mandar un mensaje de agradecimiento.<\/p>\n<p class=\"paragraph\">El pol\u00e9mico extertuliano de Mediaset respondi\u00f3 a la llamada de Obreg\u00f3n y se dirigi\u00f3 a los presentes a trav\u00e9s del altavoz de la bi\u00f3loga: \u201cEnhorabuena al equipo por vuestra investigaci\u00f3n en el sarcoma de Ewing. Ojal\u00e1 que funcionen las investigaciones. <b>Es una forma nuestra de reconocer la excelencia<\/b> y de mantener vivo nuestro compromiso con la investigaci\u00f3n y la esperanza\u201d, afirm\u00f3.<\/p>\n<p class=\"paragraph\">Lequio aprovecho para reivindicar la importancia de \u201cser punteros en <b>el sarcoma que se llev\u00f3 a nuestro hijo<\/b>\u201d, destacando que \u201cse ha hecho mucho en los \u00faltimos a\u00f1os\u201d y sin poder ocultar el dolor por la p\u00e9rdida de su hijo: \u201cOjal\u00e1 se hubiera descubierto todo esto antes. Muchas gracias\u201d, a\u00f1adi\u00f3. <\/p>\n<p>Entrevista a Ana Obreg\u00f3n.<\/p>\n<p class=\"paragraph\">El exmarido de Ana Obreg\u00f3n tambi\u00e9n quiso agradecer \u201cde coraz\u00f3n a los medios que est\u00e1n ah\u00ed, que nos han acompa\u00f1ado y dado voz a esta causa. Y a todos los presentes por su apoyo y compromiso. <b>Sin vosotros este camino no ser\u00eda posible<\/b>\u201d.<\/p>\n<p class=\"paragraph\">En su encuentro con la prensa acreditada en el acto, Ana Obreg\u00f3n quiso destacar la implicaci\u00f3n de Alessandro Lequio en la labor de la fundaci\u00f3n: \u201cTanto yo como Alessandro <b>nos estamos dejando la vida para recaudar dinero,<\/b> es dif\u00edcil. Hay gente que nos est\u00e1 haciendo donaciones incre\u00edbles. Hay donaciones que hacen tambi\u00e9n a trav\u00e9s de Bizum, pero casi siempre ves m\u00e1s sensibilizados los que han tenido un c\u00e1ncer cerca en sus familias\u201d, expres\u00f3 la actriz, que no quiso pronunciarse sobre el despido de su exmarido. \u201cEs nuestro hijo y ah\u00ed estamos codo con codo. \u00c9l ayuda much\u00edsimo a la fundaci\u00f3n y ya est\u00e1\u201d, sentenciaba.<\/p>\n<p class=\"paragraph\">Lo que s\u00ed abord\u00f3 la actriz fue su reciente pol\u00e9mica por la revelaci\u00f3n de su v\u00ednculo con Jeffrey Epstein en The New York Times: \u201cOjal\u00e1 salieran en The New York Times diciendo: \u2018Pues mira, ella y el padre de su hijo hacen una labor filantr\u00f3pica de ayudar a los dem\u00e1s, de financiar\u2026\u2019. Esto es importante. Ha salido esto; ojal\u00e1 no hubiera salido. <b>Salir por eso es que me da asco<\/b>\u201d, asever\u00f3 a Europa Press.<\/p>\n<p class=\"paragraph\">Obreg\u00f3n ha insistido en no querer desviar el foco de la investigaci\u00f3n y la labor de la fundaci\u00f3n: \u201cEs que no quiero desviar el foco. Ha sorprendido que eso haya salido ahora. Son cosas que salen de hace no s\u00e9 cu\u00e1ntos a\u00f1os, de verdad. No creo que venga al caso\u201d, dijo para reconducir el asunto.<\/p>\n<p class=\"paragraph\">En el plano personal, Ana comparti\u00f3 su alivio tras conocer que el sarcoma de Ewing no es hereditario, lo que supone una tranquilidad para la familia y para su nieta Ana Sandra. \u201c<b>Hay veces que tienes miedo a preguntar.<\/b> F\u00edjate que he podido preguntarlo al pediatra, pero tienes miedo a la respuesta. Si pregunto y me da una respuesta que no es, me va a quitar esta felicidad, entre comillas, que tengo ahora\u201d, reflexion\u00f3.<\/p>\n<p><img alt=\"Ana Obreg\u00f3n, en una imagen\" class=\"global-image\" decoding=\"async\" fetchpriority=\"low\" height=\"1440\" loading=\"lazy\" src=\"https:\/\/www.europesays.com\/es\/wp-content\/uploads\/2025\/12\/4OSGRI3B4RBTXCZWEEET2TS7T4.jpg\" width=\"1920\"\/>Ana Obreg\u00f3n, en una imagen de archivo. (Europa Press)<\/p>\n<p class=\"paragraph\">La actriz apunt\u00f3 que su prioridad absoluta es su nieta y expres\u00f3 sus deseos para el 2026: \u201cLo primero, <b>salud para mi ni\u00f1a<\/b>. Lo segundo, salud para m\u00ed para poderla cuidar muchos a\u00f1os. Y lo tercero, que este hombre, con su premio, consiga por lo menos, pues eso, frenar un poco esa met\u00e1stasis y hallar de alguna forma m\u00e1s curaci\u00f3n para el c\u00e1ncer de ni\u00f1os\u201d. <\/p>\n<p class=\"paragraph\">Finalmente, la actriz se despidi\u00f3 lamentando verse <a rel=\"noopener noreferrer nofollow\" href=\"https:\/\/www.infobae.com\/america\/agencias\/2025\/12\/16\/ana-obregon-sobre-jefrey-epstein-que-te-unan-en-nombre-a-un-deprabado-de-esa-magnitud-es-asqueroso\/\" target=\"_self\" title=\"https:\/\/www.infobae.com\/america\/agencias\/2025\/12\/16\/ana-obregon-sobre-jefrey-epstein-que-te-unan-en-nombre-a-un-deprabado-de-esa-magnitud-es-asqueroso\/\">envuelta en tantas pol\u00e9micas<\/a>: \u201c<b>Siento no responder a todas las pol\u00e9micas<\/b> que me rodean que son ajenas a m\u00ed. Debo tener un im\u00e1n para rodearme de las pol\u00e9micas. No s\u00e9 por qu\u00e9, con lo buena gente que soy, no lo entiendo\u201d.<\/p>\n","protected":false},"excerpt":{"rendered":"Alessandro Lequio y Ana Obreg\u00f3n, en im\u00e1genes de archivo. (Europa Press) Alessandro Lequio lleva un mes alejado del&hellip;\n","protected":false},"author":2,"featured_media":297583,"comment_status":"","ping_status":"","sticky":false,"template":"","format":"standard","meta":{"footnotes":""},"categories":[174],"tags":[255,146,147,25,24,256,23],"class_list":{"0":"post-297582","1":"post","2":"type-post","3":"status-publish","4":"format-standard","5":"has-post-thumbnail","7":"category-famosos","8":"tag-celebrities","9":"tag-entertainment","10":"tag-entretenimiento","11":"tag-es","12":"tag-espana","13":"tag-famosos","14":"tag-spain"},"share_on_mastodon":{"url":"https:\/\/pubeurope.com\/@es\/115751014721432204","error":""},"_links":{"self":[{"href":"https:\/\/www.europesays.com\/es\/wp-json\/wp\/v2\/posts\/297582","targetHints":{"allow":["GET"]}}],"collection":[{"href":"https:\/\/www.europesays.com\/es\/wp-json\/wp\/v2\/posts"}],"about":[{"href":"https:\/\/www.europesays.com\/es\/wp-json\/wp\/v2\/types\/post"}],"author":[{"embeddable":true,"href":"https:\/\/www.europesays.com\/es\/wp-json\/wp\/v2\/users\/2"}],"replies":[{"embeddable":true,"href":"https:\/\/www.europesays.com\/es\/wp-json\/wp\/v2\/comments?post=297582"}],"version-history":[{"count":0,"href":"https:\/\/www.europesays.com\/es\/wp-json\/wp\/v2\/posts\/297582\/revisions"}],"wp:featuredmedia":[{"embeddable":true,"href":"https:\/\/www.europesays.com\/es\/wp-json\/wp\/v2\/media\/297583"}],"wp:attachment":[{"href":"https:\/\/www.europesays.com\/es\/wp-json\/wp\/v2\/media?parent=297582"}],"wp:term":[{"taxonomy":"category","embeddable":true,"href":"https:\/\/www.europesays.com\/es\/wp-json\/wp\/v2\/categories?post=297582"},{"taxonomy":"post_tag","embeddable":true,"href":"https:\/\/www.europesays.com\/es\/wp-json\/wp\/v2\/tags?post=297582"}],"curies":[{"name":"wp","href":"https:\/\/api.w.org\/{rel}","templated":true}]}}