{"id":297584,"date":"2025-12-20T08:44:09","date_gmt":"2025-12-20T08:44:09","guid":{"rendered":"https:\/\/www.europesays.com\/es\/297584\/"},"modified":"2025-12-20T08:44:09","modified_gmt":"2025-12-20T08:44:09","slug":"ramon-rodriguez-desmenuza-el-primer-momento-de-oro-de-la-pintura-en-aviles","status":"publish","type":"post","link":"https:\/\/www.europesays.com\/es\/297584\/","title":{"rendered":"Ram\u00f3n Rodr\u00edguez desmenuza \u00abel primer momento de oro\u00bb de la pintura en Avil\u00e9s"},"content":{"rendered":"<p class=\"ft-text ft-helper-closenews\">La peque\u00f1a academia de historia de Avil\u00e9s es el Centro de Estudios Alfoz de Gauz\u00f3n (CEAG). Y lo es porque se ha planteado como objetivo divulgar cualquier esquina del pasado m\u00e1s cercano de la vida local. El pintor e investigador Ram\u00f3n Rodr\u00edguez se sum\u00f3 a esta lista de \u00abacad\u00e9micos\u00bb ayer mismo. Lo hizo pronunciando un discurso en el que desmenuz\u00f3 \u00abel primer momento de oro\u00bb del arte avilesino: <strong>el de las exposiciones que organizaron en los primeros a\u00f1os veinte del pasado siglo dos de los impulsores culturales m\u00e1s importantes de la peque\u00f1a historia avilesina: el poeta y bibliotecario \u2013fund\u00f3, de hecho, la Biblioteca Circulante\u2013 Luis Men\u00e9ndez \u00abLumen\u00bb, por un lado, y el cr\u00edtico de arte y divulgador Jos\u00e9 Franc\u00e9s \u2013uno de los m\u00e1s importantes del pa\u00eds en aquello a\u00f1os y tambi\u00e9n en los posteriores a la Guerra Civil\u2013. <\/strong><\/p>\n<p class=\"ft-text\">\u00abLa presencia activa de Franc\u00e9s otorg\u00f3 a las muestras un reconocimiento institucional que trascendi\u00f3 lo provincial, asegurando as\u00ed la posibilidad de inserci\u00f3n de los creadores en un horizonte cultural m\u00e1s amplio\u00bb, apunt\u00f3 Ram\u00f3n Rodr\u00edguez en un discurso que fue contestado por Rub\u00e9n Dom\u00ednguez, el presidente del CEAG, que cerr\u00f3 una ceremonia que tiene su reflejo en los reglamentos de las reales academias.<\/p>\n<p class=\"ft-text\"><strong>Dom\u00ednguez justific\u00f3 el nombramiento de Rodr\u00edguez. Mencion\u00f3 su \u00abacreditada e intachable trayectoria, tanto en el \u00e1mbito art\u00edstico como en el acad\u00e9mico\u00bb. Y es que Rodr\u00edguez, aparte de ser un artista prol\u00edfico es un investigador y divulgador \u00abcontumaz de la creaci\u00f3n art\u00edstica contempor\u00e1nea en Asturias, muy particularmente, la de artistas avilesinos\u00bb. <\/strong><\/p>\n<p class=\"ft-text\">Las palabras de Rodr\u00edguez y las de Dom\u00ednguez se publicar\u00e1n \u00abpr\u00f3ximamente\u00bb. En este momento, el CEAG tiene en imprenta el discurso del profesor Lorenzo Arias.<\/p>\n<p class=\"ft-text\">La lista de acad\u00e9micos del Alfoz, por lo tanto, est\u00e1 formada por el catedr\u00e1tico Francisco <a class=\"ft-link ft-link--decoration\" href=\"https:\/\/www.lne.es\/tags\/javier-fernandez\/\" rel=\"nofollow noopener\" target=\"_blank\">Javier Fern\u00e1ndez<\/a> Conde, el profesor Lorenzo Arias, la escritora Fe Santove\u00f1a. Rodr\u00edguez es el cuarto de la lista que cerrar\u00e1n \u00aben pr\u00f3ximas fechas\u00bb el arque\u00f3logo Alejandro Garc\u00eda y la historiadora Cristina Heredia.<\/p>\n<p class=\"ft-text\">Rodr\u00edguez desmenuz\u00f3 las aportaciones de los artistas avilesinos que colocaron a la ciudad en el mapa de los oficios est\u00e9ticos antes siquiera de que las administraciones p\u00fablicas apostasen por la cultura. Dijo Rodr\u00edguez: <strong>\u00abLas muestras reflejaron una pluralidad de lenguajes art\u00edstico que iban desde las pervivencias del regionalismo pict\u00f3rico, muy arraigado en Asturias desde finales del siglo XIX, hasta las influencias de un modernismo tard\u00edo que todav\u00eda encontraba eco en las propuestas ornamentales y en ciertas b\u00fasquedas formales vinculadas al simbolismo\u00bb. <\/strong><\/p>\n<p class=\"ft-text\">Mencion\u00f3, en este sentido, el nombre de 33 autores. Sobresalieron los hermanos Soria (Jes\u00fas, Florentino y Nicol\u00e1s), los hermanos Espolita (Juan, Jos\u00e9 y Gonzalo), pero tambi\u00e9n habl\u00f3 el doctor Villala\u00edn, de Maruja Mallo, de Alfredo Aguado y C\u00e1stor Gonz\u00e1lez. Dijo que \u00abalgunos creadores\u00bb de los que participaron en las exposiciones de los a\u00f1os veinte, los del \u00abprimer momento de oro\u00bb de la cultura avilesina, \u00abcomenzaban a experimentar t\u00edmidamente con c\u00f3digos de las vanguardias hist\u00f3ricas, en particular con el postimpresionismo, el expresionismo y ciertos ecos cubistas, aunque casi siempre tamizados por un esp\u00edritu de moderaci\u00f3n que garantizaba la aceptaci\u00f3n p\u00fablica. Esta tensi\u00f3n se manifest\u00f3 en Avil\u00e9s de un modo especialmente significativo\u00bb, concluy\u00f3 el nuevo acad\u00e9mico del Alfoz de Gauz\u00f3n.<\/p>\n<p data-close=\"closedContent\" class=\"subscribeHideForDisplay\">Suscr\u00edbete para seguir leyendo<\/p>\n","protected":false},"excerpt":{"rendered":"La peque\u00f1a academia de historia de Avil\u00e9s es el Centro de Estudios Alfoz de Gauz\u00f3n (CEAG). Y lo&hellip;\n","protected":false},"author":2,"featured_media":297585,"comment_status":"","ping_status":"","sticky":false,"template":"","format":"standard","meta":{"footnotes":""},"categories":[173],"tags":[22956,229,233,231,230,13849,232,70823,234,146,147,25,24,448,2812,3371,977,11082,416,23],"class_list":{"0":"post-297584","1":"post","2":"type-post","3":"status-publish","4":"format-standard","5":"has-post-thumbnail","7":"category-arte-y-diseno","8":"tag-alfoz","9":"tag-arte","10":"tag-arte-y-diseno","11":"tag-arts","12":"tag-arts-and-design","13":"tag-aviles","14":"tag-design","15":"tag-desmenuza","16":"tag-diseno","17":"tag-entertainment","18":"tag-entretenimiento","19":"tag-es","20":"tag-espana","21":"tag-historia","22":"tag-momento","23":"tag-oro","24":"tag-primer","25":"tag-ramon","26":"tag-rodriguez","27":"tag-spain"},"share_on_mastodon":{"url":"https:\/\/pubeurope.com\/@es\/115751017727006559","error":""},"_links":{"self":[{"href":"https:\/\/www.europesays.com\/es\/wp-json\/wp\/v2\/posts\/297584","targetHints":{"allow":["GET"]}}],"collection":[{"href":"https:\/\/www.europesays.com\/es\/wp-json\/wp\/v2\/posts"}],"about":[{"href":"https:\/\/www.europesays.com\/es\/wp-json\/wp\/v2\/types\/post"}],"author":[{"embeddable":true,"href":"https:\/\/www.europesays.com\/es\/wp-json\/wp\/v2\/users\/2"}],"replies":[{"embeddable":true,"href":"https:\/\/www.europesays.com\/es\/wp-json\/wp\/v2\/comments?post=297584"}],"version-history":[{"count":0,"href":"https:\/\/www.europesays.com\/es\/wp-json\/wp\/v2\/posts\/297584\/revisions"}],"wp:featuredmedia":[{"embeddable":true,"href":"https:\/\/www.europesays.com\/es\/wp-json\/wp\/v2\/media\/297585"}],"wp:attachment":[{"href":"https:\/\/www.europesays.com\/es\/wp-json\/wp\/v2\/media?parent=297584"}],"wp:term":[{"taxonomy":"category","embeddable":true,"href":"https:\/\/www.europesays.com\/es\/wp-json\/wp\/v2\/categories?post=297584"},{"taxonomy":"post_tag","embeddable":true,"href":"https:\/\/www.europesays.com\/es\/wp-json\/wp\/v2\/tags?post=297584"}],"curies":[{"name":"wp","href":"https:\/\/api.w.org\/{rel}","templated":true}]}}