{"id":297586,"date":"2025-12-20T08:46:11","date_gmt":"2025-12-20T08:46:11","guid":{"rendered":"https:\/\/www.europesays.com\/es\/297586\/"},"modified":"2025-12-20T08:46:11","modified_gmt":"2025-12-20T08:46:11","slug":"la-voz-14-9-lidera-con-su-final-mas-floja-en-audiencias-mientras-de-viernes-9-5-cae-a-minimo-de-temporada","status":"publish","type":"post","link":"https:\/\/www.europesays.com\/es\/297586\/","title":{"rendered":"&#8216;La Voz&#8217; (14.9%) lidera con su final m\u00e1s floja en audiencias mientras &#8216;De Viernes&#8217; (9.5%) cae a m\u00ednimo de temporada"},"content":{"rendered":"<p class=\"article-text\">\n        <strong>La Voz<\/strong> remat\u00f3 este viernes 19 de dicimbre su duod\u00e9cima edici\u00f3n con datos de audiencia que, aun siendo especialmente altos para una noche como la de ayer, abundan en la idea de que el exitoso y longevo talent show de Antena 3 va debilit\u00e1ndose poco a poco.\n    <\/p>\n<p>    <a href=\"https:\/\/www.eldiario.es\/vertele\/noticias\/presion-belgica-170-artistas-personalidades-piden-boicot-eurovision-presencia-israel_1_12860230.html\" data-mrf-recirculation=\"saber-mas\" data-dl-event=\"saber-mas\" rel=\"nofollow noopener\" target=\"_blank\"><\/p>\n<p class=\"know-more__title\">M\u00e1s presi\u00f3n sobre B\u00e9lgica: 170 artistas y personalidades piden un boicot a Eurovisi\u00f3n por la presencia de Israel<\/p>\n<p>            <img decoding=\"async\" class=\"lazy\" loading=\"lazy\" data-src=\"https:\/\/static.eldiario.es\/clip\/0ea316d2-6186-4b73-80ea-c3b77eae3857_16-9-aspect-ratio_default_0.jpg\" src=\"data:image\/svg+xml,%3Csvg xmlns=\" http:=\"\" viewbox=\"0 0 880 495\" alt=\"M\u00e1s presi\u00f3n sobre B\u00e9lgica: 170 artistas y personalidades piden un boicot a Eurovisi\u00f3n por la presencia de Israel\"\/><\/p>\n<p>                        <\/a><\/p>\n<p class=\"article-text\">\n        La \u00faltima gala de <strong>La Voz 2025<\/strong> reuni\u00f3 frente al televisor a <strong>1.124.000 espectadores, lo que se traduce en un 14.9% de cuota de pantalla<\/strong>. Por lo tanto, es su final menos vista (en n\u00famero de espectadores) y menos competitiva (en t\u00e9rminos de share) desde que el formato que produce <strong>Boomerang TV<\/strong> llegara a Espa\u00f1a en el a\u00f1o 2012.\n    <\/p>\n<p class=\"article-text\">\n        <strong>\u00b7 Audiencia de las galas finales de &#8216;La Voz&#8217;<\/strong>\n    <\/p>\n<ul>\n<li><strong>La Voz 2012 (Telecinco):<\/strong>\u00a037.3% y 5.453.000<\/li>\n<li><strong>La Voz 2013 (Telecinco):\u00a0<\/strong>28.4% y 4.044.000<\/li>\n<li><strong>La Voz 2015<\/strong>\u00a0<strong>(Telecinco):<\/strong>\u00a028.3% y 3.797.000<\/li>\n<li><strong>La Voz 2016 (Telecinco):<\/strong>\u00a022.6% y 3.057.000<\/li>\n<li><strong>La Voz 2017 (Telecinco):<\/strong>\u00a020% y 2.365.000<\/li>\n<li><strong>La Voz 2019 (Antena 3):<\/strong>\u00a018% y 2.169.000<\/li>\n<li><strong>La Voz 2020 (Antena 3):\u00a0<\/strong>20.8% y 2.708.000<\/li>\n<li><strong>La Voz 2021 (Antena 3):<\/strong>\u00a016.7% y 1.789.000<\/li>\n<li><strong>La Voz 2022 (Antena 3):<\/strong>\u00a021.8% y 2.014.000<\/li>\n<li><strong>La Voz 2023 (Antena 3):<\/strong>\u00a017.7% y 1.594.000<\/li>\n<li><strong>La Voz 2024 (Antena 3):\u00a0<\/strong>15.3% y 1.244.000<\/li>\n<li><strong>La Voz 2025 (Antena 3):<\/strong> 14.9% y 1.124.000<\/li>\n<\/ul>\n<p class=\"article-text\">\n        <strong>\u00b7 Audiencias de &#8216;La Voz 2025&#8217;<\/strong>\n    <\/p>\n<ul>\n<li><strong>19 septiembre:<\/strong>\u00a015.3% y 1.152.000 (l\u00edder)<\/li>\n<li><strong>26 septiembre:<\/strong>\u00a013.2% y 1.070.000 (l\u00edder)<\/li>\n<li><strong>3 octubre:\u00a0<\/strong>15% y 1.227.000 (l\u00edder)<\/li>\n<li><strong>10 octubre:<\/strong>\u00a013.6% y 1.162.000 (l\u00edder)<\/li>\n<li><strong>17 octubre:<\/strong>\u00a013.4% y 1.126.000 (l\u00edder)<\/li>\n<li><strong>24 octubre:\u00a0<\/strong>13.9% y 1.178.000 (l\u00edder)<\/li>\n<li><strong>31 octubre:\u00a0<\/strong>13.7% y 889.000 (l\u00edder)<\/li>\n<li><strong>7 noviembre:<\/strong>\u00a012.9% y 1.047.000 (2\u00aa opci\u00f3n)<\/li>\n<li><strong>14 noviembre:\u00a0<\/strong>12.3% y 1.009.000 (2\u00aa opci\u00f3n)<\/li>\n<li><strong>21 noviembre:\u00a0<\/strong>11.2% y 930.000 (2\u00aa opci\u00f3n)<\/li>\n<li><strong>28 noviembre:\u00a0<\/strong>11.9% y 916.000 (l\u00edder)<\/li>\n<li><strong>12 diciembre:<\/strong> 14.2% y 1.108.000 (l\u00edder)<\/li>\n<li><strong>19 diciembre:<\/strong> 14.9% y 1.124.000 (l\u00edder)<\/li>\n<\/ul>\n<ul>\n<li><strong>PROGRAMAS CON MEJOR CUOTA DEL VIERNES (POR CADENAS)<\/strong><\/li>\n<\/ul>\n<tr>\n<td colspan=\"2\" class=\"                                                \">\n                    <strong>                    Antena 3:<br \/>\n                    <\/strong>                <\/td>\n<td class=\"                                                \">\n                                        La ruleta de la suerte\n                                    <\/td>\n<td class=\"new_share__tbl--5                                                \">\n                                        24.1%\n                                    <\/td>\n<\/tr>\n<tr>\n<td colspan=\"2\" class=\"                                                \">\n                    <strong>                    La 1:<br \/>\n                    <\/strong>                <\/td>\n<td class=\"                                                \">\n                                        La hora de La 1\n                                    <\/td>\n<td class=\"new_share__tbl--5                                                \">\n                                        17.5%\n                                    <\/td>\n<\/tr>\n<tr>\n<td colspan=\"2\" class=\"                                                \">\n                    <strong>                    laSexta:<br \/>\n                    <\/strong>                <\/td>\n<td class=\"                                                \">\n                                        Aruser@s\n                                    <\/td>\n<td class=\"new_share__tbl--5                                                \">\n                                        16.5%\n                                    <\/td>\n<\/tr>\n<tr>\n<td colspan=\"2\" class=\"                                                \">\n                    <strong>                    Telecinco:<br \/>\n                    <\/strong>                <\/td>\n<td class=\"                                                \">\n                                        El programa de ar\n                                    <\/td>\n<td class=\"new_share__tbl--5                                                \">\n                                        12.4%\n                                    <\/td>\n<\/tr>\n<tr>\n<td colspan=\"2\" class=\"                                                \">\n                    <strong>                    Cuatro:<br \/>\n                    <\/strong>                <\/td>\n<td class=\"                                                \">\n                                        En boca de todos\n                                    <\/td>\n<td class=\"new_share__tbl--5                                                \">\n                                        6.8%\n                                    <\/td>\n<\/tr>\n<tr>\n<td colspan=\"2\" class=\"                                                \">\n                    <strong>                    La 2:<br \/>\n                    <\/strong>                <\/td>\n<td class=\"                                                \">\n                                        Cifras y letras\n                                    <\/td>\n<td class=\"new_share__tbl--5                                                \">\n                                        6.7%\n                                    <\/td>\n<\/tr>\n<tr>\n<td colspan=\"2\" class=\"                                                \">\n                    <strong>                    Informativo con mejor share:<br \/>\n                    <\/strong>                <\/td>\n<td class=\"                                                \">\n                                        Antena 3 Noticias 1\n                                    <\/td>\n<td class=\"new_share__tbl--5                                                \">\n                                        24.6%\n                                    <\/td>\n<\/tr>\n<p class=\"article-text\">\n        *Programas emitidos entre las 07:30 y las 01:00 horas\n    <\/p>\n<p class=\"article-text\">\n        \u201cPasapalabra\u201d (Antena 3), a las 21:03 con 2.825.940 espectadores y un 28% de share\n    <\/p>\n<p>    D\u00eda<\/p>\n<tr>\n<td class=\"                                                \">\n                                        Antena 3\n                                    <\/td>\n<td class=\"new_share__tbl--5                                                \">\n                                        14.7%\n                                    <\/td>\n<\/tr>\n<tr>\n<td class=\"                                                \">\n                                        Tem\u00e1ticas de pago\n                                    <\/td>\n<td class=\"new_share__tbl--5                                                \">\n                                        11.3%\n                                    <\/td>\n<\/tr>\n<tr>\n<td class=\"                                                \">\n                                        La 1\n                                    <\/td>\n<td class=\"new_share__tbl--5                                                \">\n                                        10.7%\n                                    <\/td>\n<\/tr>\n<tr>\n<td class=\"                                                \">\n                                        Auton\u00f3micas (FORTA)\n                                    <\/td>\n<td class=\"new_share__tbl--5                                                \">\n                                        9%\n                                    <\/td>\n<\/tr>\n<tr>\n<td class=\"                                                \">\n                                        Telecinco\n                                    <\/td>\n<td class=\"new_share__tbl--5                                                \">\n                                        8.5%\n                                    <\/td>\n<\/tr>\n<tr>\n<td class=\"                                                \">\n                                        laSexta\n                                    <\/td>\n<td class=\"new_share__tbl--5                                                \">\n                                        6.1%\n                                    <\/td>\n<\/tr>\n<tr>\n<td class=\"                                                \">\n                                        Cuatro\n                                    <\/td>\n<td class=\"new_share__tbl--5                                                \">\n                                        5.1%\n                                    <\/td>\n<\/tr>\n<tr>\n<td class=\"                                                \">\n                                        La 2\n                                    <\/td>\n<td class=\"new_share__tbl--5                                                \">\n                                        3.7%\n                                    <\/td>\n<\/tr>\n<tr>\n<td class=\"                                                \">\n                                        Auton\u00f3micas privadas\n                                    <\/td>\n<td class=\"new_share__tbl--5                                                \">\n                                        0.2%\n                                    <\/td>\n<\/tr>\n<p>    Mes<\/p>\n<tr>\n<td class=\"                                                \">\n                                        Antena 3\n                                    <\/td>\n<td class=\"new_share__tbl--5                                                \">\n                                        13.2%\n                                    <\/td>\n<\/tr>\n<tr>\n<td class=\"                                                \">\n                                        La 1\n                                    <\/td>\n<td class=\"new_share__tbl--5                                                \">\n                                        11.9%\n                                    <\/td>\n<\/tr>\n<tr>\n<td class=\"                                                \">\n                                        Tem\u00e1ticas de pago\n                                    <\/td>\n<td class=\"new_share__tbl--5                                                \">\n                                        11.7%\n                                    <\/td>\n<\/tr>\n<tr>\n<td class=\"                                                \">\n                                        Telecinco\n                                    <\/td>\n<td class=\"new_share__tbl--5                                                \">\n                                        8.7%\n                                    <\/td>\n<\/tr>\n<tr>\n<td class=\"                                                \">\n                                        Auton\u00f3micas (FORTA)\n                                    <\/td>\n<td class=\"new_share__tbl--5                                                \">\n                                        8.4%\n                                    <\/td>\n<\/tr>\n<tr>\n<td class=\"                                                \">\n                                        laSexta\n                                    <\/td>\n<td class=\"new_share__tbl--5                                                \">\n                                        6.1%\n                                    <\/td>\n<\/tr>\n<tr>\n<td class=\"                                                \">\n                                        Cuatro\n                                    <\/td>\n<td class=\"new_share__tbl--5                                                \">\n                                        5.9%\n                                    <\/td>\n<\/tr>\n<tr>\n<td class=\"                                                \">\n                                        La 2\n                                    <\/td>\n<td class=\"new_share__tbl--5                                                \">\n                                        3.3%\n                                    <\/td>\n<\/tr>\n<tr>\n<td class=\"                                                \">\n                                        Auton\u00f3micas privadas\n                                    <\/td>\n<td class=\"new_share__tbl--5                                                \">\n                                        0.3%\n                                    <\/td>\n<\/tr>\n<p class=\"article-text\">\n        <strong>SOBREMESA<\/strong>\n    <\/p>\n<tr>\n<td class=\"                                                \">\n                                        Antena 3 Noticias 1\n                                    <\/td>\n<td class=\"new_share__tbl--5                                                \">\n                                        24.6%\n                                    <\/td>\n<td class=\"                        new_share__tbl--10                        \">\n                                        2.130.000\n                                    <\/td>\n<\/tr>\n<tr>\n<td class=\"                                                \">\n                                        Telediario 1\n                                    <\/td>\n<td class=\"new_share__tbl--5                                                \">\n                                        13.9%\n                                    <\/td>\n<td class=\"                        new_share__tbl--10                        \">\n                                        1.209.000\n                                    <\/td>\n<\/tr>\n<tr>\n<td class=\"                                                \">\n                                        Informativos Telecinco 15h\n                                    <\/td>\n<td class=\"new_share__tbl--5                                                \">\n                                        8.4%\n                                    <\/td>\n<td class=\"                        new_share__tbl--10                        \">\n                                        730.000\n                                    <\/td>\n<\/tr>\n<tr>\n<td class=\"                                                \">\n                                        laSexta Noticias 14h\n                                    <\/td>\n<td class=\"new_share__tbl--5                                                \">\n                                        7.1%\n                                    <\/td>\n<td class=\"                        new_share__tbl--10                        \">\n                                        522.000\n                                    <\/td>\n<\/tr>\n<tr>\n<td class=\"                                                \">\n                                        Jugones\n                                    <\/td>\n<td class=\"new_share__tbl--5                                                \">\n                                        4.6%\n                                    <\/td>\n<td class=\"                        new_share__tbl--10                        \">\n                                        404.000\n                                    <\/td>\n<\/tr>\n<p class=\"article-text\">\n        <strong>PRIME TIME<\/strong>\n    <\/p>\n<tr>\n<td class=\"                                                \">\n                                        Antena 3 Noticias 2\n                                    <\/td>\n<td class=\"new_share__tbl--5                                                \">\n                                        19.2%\n                                    <\/td>\n<td class=\"                        new_share__tbl--10                        \">\n                                        1.989.000\n                                    <\/td>\n<\/tr>\n<tr>\n<td class=\"                                                \">\n                                        Telediario 2\n                                    <\/td>\n<td class=\"new_share__tbl--5                                                \">\n                                        11.6%\n                                    <\/td>\n<td class=\"                        new_share__tbl--10                        \">\n                                        1.200.000\n                                    <\/td>\n<\/tr>\n<tr>\n<td class=\"                                                \">\n                                        Informativos Telecinco 21h\n                                    <\/td>\n<td class=\"new_share__tbl--5                                                \">\n                                        6.8%\n                                    <\/td>\n<td class=\"                        new_share__tbl--10                        \">\n                                        694.000\n                                    <\/td>\n<\/tr>\n<tr>\n<td class=\"                                                \">\n                                        laSexta Noticias 20h\n                                    <\/td>\n<td class=\"new_share__tbl--5                                                \">\n                                        6.4%\n                                    <\/td>\n<td class=\"                        new_share__tbl--10                        \">\n                                        577.000\n                                    <\/td>\n<\/tr>\n<tr>\n<td class=\"                                                \">\n                                        Noticias Cuatro 2\n                                    <\/td>\n<td class=\"new_share__tbl--5                                                \">\n                                        4.7%\n                                    <\/td>\n<td class=\"                        new_share__tbl--10                        \">\n                                        419.000\n                                    <\/td>\n<\/tr>\n<p class=\"article-text\">\n        <strong>FRANJA MATINAL<\/strong>\n    <\/p>\n<tr>\n<td class=\"                                                \">\n                                        Telediario matinal\n                                    <\/td>\n<td class=\"new_share__tbl--5                                                \">\n                                        16%\n                                    <\/td>\n<td class=\"                        new_share__tbl--10                        \">\n                                        124.000\n                                    <\/td>\n<\/tr>\n<tr>\n<td class=\"                                                \">\n                                        Antena 3 Noticias de la ma\u00f1ana\n                                    <\/td>\n<td class=\"new_share__tbl--5                                                \">\n                                        13.3%\n                                    <\/td>\n<td class=\"                        new_share__tbl--10                        \">\n                                        153.000\n                                    <\/td>\n<\/tr>\n<tr>\n<td class=\"                                                \">\n                                        El Matinal (Telecinco)\n                                    <\/td>\n<td class=\"new_share__tbl--5                                                \">\n                                        8.8%\n                                    <\/td>\n<td class=\"                        new_share__tbl--10                        \">\n                                        104.000\n                                    <\/td>\n<\/tr>\n<p>    <a href=\"https:\/\/www.eldiario.es\/vertele\/entrevistas\/noemi-galera-evalua-ot-2025-reafirma-futuro-directora-academia-encanta-programa_1_12859083.html\" data-mrf-recirculation=\"saber-mas-abajo\" data-dl-event=\"saber-mas-abajo\" rel=\"nofollow noopener\" target=\"_blank\"><\/p>\n<p class=\"know-more__title\">Noem\u00ed Galera eval\u00faa &#8216;OT 2025&#8217; y reafirma su futuro como directora de la Academia: \u201cA m\u00ed me encanta hacer este programa\u201d<\/p>\n<p>            <img decoding=\"async\" class=\"lazy\" loading=\"lazy\" data-src=\"https:\/\/static.eldiario.es\/clip\/b7447847-9b5c-4629-b7db-7fd567c986ee_16-9-aspect-ratio_default_0.jpg\" src=\"data:image\/svg+xml,%3Csvg xmlns=\" http:=\"\" viewbox=\"0 0 880 495\" alt=\"Noem\u00ed Galera eval\u00faa 'OT 2025' y reafirma su futuro como directora de la Academia: &quot;A m\u00ed me encanta hacer este programa&quot;\"\/><\/p>\n<p>                        <\/a><\/p>\n<p class=\"article-text\">\n        Todos los datos de audiencia de este informe son CON invitados y CON segundas residencias, el est\u00e1ndar del sector acordado por las cadenas con Kantar Media y aceptado por los anunciantes. Kantar Media, como fabricante de la base de datos que contiene los \u00edndices de audiencia, es la propietaria exclusiva de la informaci\u00f3n suministrada a Vertele. Cualquier utilizaci\u00f3n o reutilizaci\u00f3n de los datos y el uso indebido de los productos Kantar Media S.A. dar\u00e1 lugar a las correspondientes responsabilidades legales.\n    <\/p>\n","protected":false},"excerpt":{"rendered":"La Voz remat\u00f3 este viernes 19 de dicimbre su duod\u00e9cima edici\u00f3n con datos de audiencia que, aun siendo&hellip;\n","protected":false},"author":2,"featured_media":297587,"comment_status":"","ping_status":"","sticky":false,"template":"","format":"standard","meta":{"footnotes":""},"categories":[171],"tags":[70827,146,147,25,24,70825,5564,70826,23,214,70824],"class_list":{"0":"post-297586","1":"post","2":"type-post","3":"status-publish","4":"format-standard","5":"has-post-thumbnail","7":"category-tv","8":"tag-deviernes-telecinco-carlo-costanzia-minimo","9":"tag-entertainment","10":"tag-entretenimiento","11":"tag-es","12":"tag-espana","13":"tag-la-voz-final","14":"tag-lider","15":"tag-menos-vista","16":"tag-spain","17":"tag-tv","18":"tag-viernes-19-diciembre-2025"},"share_on_mastodon":{"url":"https:\/\/pubeurope.com\/@es\/115751025567332040","error":""},"_links":{"self":[{"href":"https:\/\/www.europesays.com\/es\/wp-json\/wp\/v2\/posts\/297586","targetHints":{"allow":["GET"]}}],"collection":[{"href":"https:\/\/www.europesays.com\/es\/wp-json\/wp\/v2\/posts"}],"about":[{"href":"https:\/\/www.europesays.com\/es\/wp-json\/wp\/v2\/types\/post"}],"author":[{"embeddable":true,"href":"https:\/\/www.europesays.com\/es\/wp-json\/wp\/v2\/users\/2"}],"replies":[{"embeddable":true,"href":"https:\/\/www.europesays.com\/es\/wp-json\/wp\/v2\/comments?post=297586"}],"version-history":[{"count":0,"href":"https:\/\/www.europesays.com\/es\/wp-json\/wp\/v2\/posts\/297586\/revisions"}],"wp:featuredmedia":[{"embeddable":true,"href":"https:\/\/www.europesays.com\/es\/wp-json\/wp\/v2\/media\/297587"}],"wp:attachment":[{"href":"https:\/\/www.europesays.com\/es\/wp-json\/wp\/v2\/media?parent=297586"}],"wp:term":[{"taxonomy":"category","embeddable":true,"href":"https:\/\/www.europesays.com\/es\/wp-json\/wp\/v2\/categories?post=297586"},{"taxonomy":"post_tag","embeddable":true,"href":"https:\/\/www.europesays.com\/es\/wp-json\/wp\/v2\/tags?post=297586"}],"curies":[{"name":"wp","href":"https:\/\/api.w.org\/{rel}","templated":true}]}}