{"id":297594,"date":"2025-12-20T08:51:13","date_gmt":"2025-12-20T08:51:13","guid":{"rendered":"https:\/\/www.europesays.com\/es\/297594\/"},"modified":"2025-12-20T08:51:13","modified_gmt":"2025-12-20T08:51:13","slug":"los-martes-cine-para-mayores-la-iniciativa-que-cambia-los-habitos-de-las-salas-e-impulsa-los-estrenos-espanoles-cultura","status":"publish","type":"post","link":"https:\/\/www.europesays.com\/es\/297594\/","title":{"rendered":"Los martes, cine para mayores: la iniciativa que cambia los h\u00e1bitos de las salas e impulsa los estrenos espa\u00f1oles | Cultura"},"content":{"rendered":"<p class=\"\">\u201c\u00bfQu\u00e9 pel\u00edcula tiene para ver?\u201d, pregunta un hombre mayor un martes por la tarde en la taquilla del <a href=\"https:\/\/elpais.com\/espana\/madrid\/2023-09-25\/la-idea-loca-que-revoluciono-el-cine-de-barrio.html\" target=\"_blank\" rel=\"noreferrer nofollow noopener\" title=\"https:\/\/elpais.com\/espana\/madrid\/2023-09-25\/la-idea-loca-que-revoluciono-el-cine-de-barrio.html\">cine Embajadores<\/a> (Madrid). \u201c\u00bfDe qu\u00e9 va Singular?\u201d, pide recomendaciones. \u201c\u00bfEs en castellano?\u201d, indaga sobre detalles. \u201cPues me das dos entradas para mayores de 65\u201d. \u201cSer\u00edan cuatro euros\u201d, le responden al otro lado del mostrador. Es uno de los miles de espectadores que disfrutan cada semana de las sesiones de Cine Senior, un programa impulsado por el Ministerio de Cultura hace tres a\u00f1os.<\/p>\n<p class=\"\">La iniciativa consiste en una subvenci\u00f3n a las salas de cine que se adscriben y que permite que los mayores de 65 a\u00f1os compren entradas a dos euros para los pases de los martes. Este a\u00f1o son <a href=\"https:\/\/www.cultura.gob.es\/destacados\/cine-senior-2025\/publico.html\" target=\"_blank\" rel=\"noreferrer nofollow noopener\" title=\"https:\/\/www.cultura.gob.es\/destacados\/cine-senior-2025\/publico.html\">397 salas en toda Espa\u00f1a<\/a>, con m\u00e1s de 2.900 pantallas de proyecci\u00f3n y una dotaci\u00f3n m\u00e1xima de 8,5 millones de euros. Durante la edici\u00f3n pasada, desarrollada entre mayo y diciembre de 2024, acudieron 1.689.115 personas, un 83% m\u00e1s que la edici\u00f3n de 2023, que tuvo 764.391 espectadores. <\/p>\n<p>M\u00e1s informaci\u00f3n<\/p>\n<p class=\"\">En la calle llueve y se apretujan las se\u00f1oras esperando entrar a la funci\u00f3n de las cuatro. <a href=\"https:\/\/elpais.com\/cultura\/cine\/2025-11-28\/singular-el-black-mirror-de-la-ia-en-el-que-nos-miramos-tambien-en-espana.html\" target=\"_blank\" rel=\"noreferrer nofollow noopener\" title=\"https:\/\/elpais.com\/cultura\/cine\/2025-11-28\/singular-el-black-mirror-de-la-ia-en-el-que-nos-miramos-tambien-en-espana.html\">Singular<\/a>, <a href=\"https:\/\/elpais.com\/cultura\/cine\/2025-10-17\/la-cena-la-bendita-risa-del-ridiculo-y-la-amargura-con-franco-y-sus-fachas.html\" target=\"_blank\" rel=\"noreferrer nofollow noopener\" title=\"https:\/\/elpais.com\/cultura\/cine\/2025-10-17\/la-cena-la-bendita-risa-del-ridiculo-y-la-amargura-con-franco-y-sus-fachas.html\">La cena<\/a> y <a href=\"https:\/\/elpais.com\/cultura\/cine\/2025-11-28\/nuremberg-la-cupula-nazi-en-el-divan-de-la-historia.html\" target=\"_blank\" rel=\"noreferrer nofollow noopener\" title=\"https:\/\/elpais.com\/cultura\/cine\/2025-11-28\/nuremberg-la-cupula-nazi-en-el-divan-de-la-historia.html\">N\u00faremberg<\/a> est\u00e1n en cartelera. Maite Tijeras las recibe en la puerta y les escanea el QR del m\u00f3vil. Hace un mes que trabaja en el cine y ya se ha hecho una idea de los martes. \u201cAsisten m\u00e1s mujeres que hombres. Si viene un hombre, en general es acompa\u00f1ado de su esposa. Pero mujeres s\u00ed, en grupos de amigas o solas\u201d. La mayor\u00eda son del barrio, asegura Tijeras, y hay quienes incluso ven dos pel\u00edculas el mismo d\u00eda. \u201cSon personas muy activas, que van a clases de baile, salen con amigas. Un compa\u00f1ero les dice que ellas son quienes levantan la cultura\u201d. <\/p>\n<p class=\"\">En Embajadores participan de la iniciativa desde su primera edici\u00f3n. \u201cEl programa hace una labor para la gente mayor que se queda un poco marginada en ciudades grandes con este ritmo de vida\u201d, dice Javier L\u00f3pez, gerente de la sala. No modifican su cartelera los martes a diferencia de otros cines. Lo que s\u00ed hacen es pasar algunas en versi\u00f3n original y otras dobladas porque hay quienes no simpatizan con los subt\u00edtulos. Para gustos, colores: \u201cEl p\u00fablico es muy diverso\u201d. <\/p>\n<p class=\"\">David Rodr\u00edguez, responsable en Espa\u00f1a y Portugal de <a href=\"https:\/\/x.com\/cSMoviesSpain\" target=\"_blank\" rel=\"noreferrer nofollow\" title=\"https:\/\/x.com\/cSMoviesSpain\">Comscore, una empresa que audita las carteleras del cine<\/a>, aporta datos sobre las preferencias: \u201cNo tiene nada que ver el martes con el fin de semana, y el com\u00fan denominador es el cine espa\u00f1ol, da igual la tem\u00e1tica\u201d. Tambi\u00e9n hace \u00e9nfasis en que ahora los martes se han convertido en un d\u00eda relevante en t\u00e9rminos de p\u00fablico, adelantando al jueves y convirti\u00e9ndose en el d\u00eda con m\u00e1s audiencia despu\u00e9s del fin de semana y el mi\u00e9rcoles, que en muchos cines es el d\u00eda del espectador. Sin embargo, en los cines de barrio explican que en este tipo de salas el martes suele ser el tercer d\u00eda de la semana con m\u00e1s asistencia, a diferencia de los cines comerciales, debido al distinto tipo de p\u00fablico que asiste a cada uno. Otro cambio que apunta Rodr\u00edguez, de Comscore, es la diferencia entre la cartelera senior con la del fin de semana. \u201cEsta semana la m\u00e1s vista el martes fue N\u00faremberg, pero fue tercera el fin de semana. Golpes fue la segunda el martes, pero quinta el fin de semana\u201d.<\/p>\n<p class=\"\">Familias adultas, parejas, personas solas y grupos de amigas se acercan a comprar entradas durante la tarde, pero est\u00e1 todo vendido. Las salas del Embajadores no son tan grandes y se llenan r\u00e1pido, por eso les aconsejan comprarlas por internet o pasarse por la taquilla con unos d\u00edas de anticipaci\u00f3n. <\/p>\n<p><img decoding=\"auto\" class=\"_re lazyload a_m-h\" height=\"276\"  width=\"414\"  src=\"https:\/\/www.europesays.com\/es\/wp-content\/uploads\/2025\/12\/QKC5HRK4Z5DH7NS3AIEHWW4XRU.jpg\" loading=\"lazy\"\/>Un martes de cine &#8216;senior&#8217; en los cines Embajadores.Santi Burgos<\/p>\n<p class=\"\">Mar\u00eda \u00c1ngeles Garc\u00eda s\u00ed pudo comprar su entrada para N\u00faremberg justo antes de la funci\u00f3n porque ella va al cine Renoir Princesa, en Plaza Espa\u00f1a, donde las salas son m\u00e1s grandes. \u201cQuiero decirte que el cine ha sido importante en mi vida\u201d, apunta. Recuerda algunas pel\u00edculas que la han marcado durante sus 70 a\u00f1os. <a href=\"https:\/\/elpais.com\/icon\/2025-01-12\/la-madre-de-bambi-muere-otra-vez-por-que-esa-escena-sigue-traumatizando-al-mundo.html\" target=\"_blank\" rel=\"noreferrer nofollow noopener\" title=\"https:\/\/elpais.com\/icon\/2025-01-12\/la-madre-de-bambi-muere-otra-vez-por-que-esa-escena-sigue-traumatizando-al-mundo.html\">Bambi fue la primera pel\u00edcula que vio<\/a>, a sus siete a\u00f1os, y la ha visto \u201cmil veces m\u00e1s\u201d. Fue en el ya cerrado cine Iris, donde llor\u00f3 y se llen\u00f3 de fantas\u00eda. Tambi\u00e9n nombra <a href=\"https:\/\/elpais.com\/cultura\/2021-10-24\/el-dia-en-que-la-naranja-mecanica-desafio-a-la-espana-conservadora.html\" target=\"_blank\" rel=\"noreferrer nofollow noopener\" title=\"https:\/\/elpais.com\/cultura\/2021-10-24\/el-dia-en-que-la-naranja-mecanica-desafio-a-la-espana-conservadora.html\">La naranja mec\u00e1nica<\/a>, que la impact\u00f3 en su juventud, cuando se inclinaba m\u00e1s por el cine reivindicativo. Ahora en general disfruta de todo, menos el terror y la ciencia ficci\u00f3n, y se asesora leyendo cr\u00edticas antes de cada sesi\u00f3n. <\/p>\n<p class=\"\">Garc\u00eda tambi\u00e9n ve pel\u00edculas en casa, aunque asegura que no hay comparaci\u00f3n: \u201cEl cine me recoge y me mete en la pel\u00edcula\u201d. A veces va sola, pero esta y muchas otras fue acompa\u00f1ada de una amiga. \u201cA ella le gusta el cine, aunque no iba. Fui yo la que le dije: \u2018Oye, los martes hay esto. Si quieres puedes venir conmigo o puedes ir t\u00fa a otro\u2019, porque no vive por ac\u00e1. Ahora va todos los martes aprovechando la iniciativa\u201d. Ella tambi\u00e9n asiste sin falta y su c\u00edrculo sabe que ese d\u00eda est\u00e1 reservado para el cine. Solo ve una pel\u00edcula por jornada para dedicarle tiempo, pensarla y revivirla. Y si va acompa\u00f1ada, esa reflexi\u00f3n puede que la comparta con un vino despu\u00e9s del pase. <\/p>\n<p class=\"\">David Garc\u00eda, responsable de Programaci\u00f3n y Marketing de los <a href=\"https:\/\/elpais.com\/diario\/2002\/03\/08\/madrid\/1015590276_850215.html\" target=\"_blank\" rel=\"noreferrer nofollow noopener\" title=\"https:\/\/elpais.com\/diario\/2002\/03\/08\/madrid\/1015590276_850215.html\">cines Verdi<\/a>, asegura que la iniciativa ayud\u00f3 al regreso de las personas mayores al cine tras la pandemia. Su clientela es habitual, con un 70% que asiste cada semana. En los Verdi s\u00ed modifican la cartelera: \u201cEl martes no deja de ser un d\u00eda de evento en el cual sabes que el 80% de tu p\u00fablico es mayor de los 65 a\u00f1os\u201d, sobre todo en las sesiones de las cuatro y las seis.<\/p>\n<p class=\"\">Sobre la subvenci\u00f3n, Garc\u00eda asegura que a\u00fan no hay riesgo a la vista y que ya ver\u00e1n si quitan la promoci\u00f3n o hacen alguna iniciativa propia si se les acaba el dinero. \u201cEl p\u00fablico mayor ya tiene el plan de ir al cine los martes. As\u00ed que ser\u00eda un poco torpe por nuestra parte retirar esa promoci\u00f3n y volver al precio normal de taquilla\u201d. En Embajadores s\u00ed est\u00e1 la amenaza, lamenta Javier L\u00f3pez: \u201cA nosotros de momento nos alcanza, pero la subvenci\u00f3n est\u00e1 planteada en funci\u00f3n del aforo de las salas. Seguramente, igual que ocurri\u00f3 el a\u00f1o pasado, habr\u00e1 cines que no lleguen a gastar toda la ayuda que les corresponde, y cines como nosotros donde se acabe mucho antes de que termine el programa\u201d. Ya saben que el presupuesto se les agotar\u00e1, igual que el a\u00f1o pasado. <\/p>\n<p class=\"\">Desde la Federaci\u00f3n de Cines de Espa\u00f1a (FECE) aseguran que a\u00fan no saben de salas que hayan agotado la subvenci\u00f3n completa, aunque muchas ya han consumido m\u00e1s de la mitad de lo concedido. \u201cSi se superan ciertos umbrales (60%-80%), el cine tiene la posibilidad de solicitar una ampliaci\u00f3n de la ayuda\u201d, responden a trav\u00e9s de un correo electr\u00f3nico. <a href=\"https:\/\/www.cultura.gob.es\/actualidad\/2025\/06\/250623-cine-senior.html\" target=\"_blank\" rel=\"noreferrer nofollow noopener\" title=\"https:\/\/www.cultura.gob.es\/actualidad\/2025\/06\/250623-cine-senior.html\">Un comunicado del Ministerio de Cultura<\/a> anuncia que del presupuesto destinado a las subvenciones se reservar\u00e1 un m\u00e1ximo de 900.000 euros para un incremento de ayudas en estos casos.<\/p>\n<p class=\"\">Minutos antes de las siete de la tarde de un martes, Danielle y Tamara reciben a los espectadores senior del Verdi. Llevan siete y ocho a\u00f1os, respectivamente, trabajando en este cine. \u201cVienen muchas parejas y en grupo\u201d, dicen. Las mesas del vest\u00edbulo se empiezan a llenar de clientela que espera el inicio de la funci\u00f3n. Afuera hace fr\u00edo y est\u00e1 oscuro, quiz\u00e1s buscan refugio dentro de las salas. \u201cEn invierno aumenta la asistencia\u201d, dicen las taquilleras. O son las pel\u00edculas las que los llaman, en esta ocasi\u00f3n, La cena con 80 espectadores o Los domingos y Ciudad sin sue\u00f1o, con 65 butacas ocupadas en cada sala. O tal vez, simplemente, es que disfrutar de estas historias les cuesta la m\u00f3dica suma de dos euros.<\/p>\n","protected":false},"excerpt":{"rendered":"\u201c\u00bfQu\u00e9 pel\u00edcula tiene para ver?\u201d, pregunta un hombre mayor un martes por la tarde en la taquilla del&hellip;\n","protected":false},"author":2,"featured_media":297595,"comment_status":"","ping_status":"","sticky":false,"template":"","format":"standard","meta":{"footnotes":""},"categories":[91],"tags":[1013,177,12374,209,146,147,25,24,4725,13802,70839,27543,205,251,59138,23,13560,7022,8691],"class_list":{"0":"post-297594","1":"post","2":"type-post","3":"status-publish","4":"format-standard","5":"has-post-thumbnail","7":"category-entretenimiento","8":"tag-cartelera","9":"tag-cine","10":"tag-cine-espanol","11":"tag-cultura","12":"tag-entertainment","13":"tag-entretenimiento","14":"tag-es","15":"tag-espana","16":"tag-espectadores","17":"tag-estrenos-cine","18":"tag-fece","19":"tag-industria-cine","20":"tag-madrid","21":"tag-ministerio-de-cultura","22":"tag-salas-cine","23":"tag-spain","24":"tag-subvenciones","25":"tag-taquilla-cine","26":"tag-tercera-edad"},"share_on_mastodon":{"url":"https:\/\/pubeurope.com\/@es\/115751045600005732","error":""},"_links":{"self":[{"href":"https:\/\/www.europesays.com\/es\/wp-json\/wp\/v2\/posts\/297594","targetHints":{"allow":["GET"]}}],"collection":[{"href":"https:\/\/www.europesays.com\/es\/wp-json\/wp\/v2\/posts"}],"about":[{"href":"https:\/\/www.europesays.com\/es\/wp-json\/wp\/v2\/types\/post"}],"author":[{"embeddable":true,"href":"https:\/\/www.europesays.com\/es\/wp-json\/wp\/v2\/users\/2"}],"replies":[{"embeddable":true,"href":"https:\/\/www.europesays.com\/es\/wp-json\/wp\/v2\/comments?post=297594"}],"version-history":[{"count":0,"href":"https:\/\/www.europesays.com\/es\/wp-json\/wp\/v2\/posts\/297594\/revisions"}],"wp:featuredmedia":[{"embeddable":true,"href":"https:\/\/www.europesays.com\/es\/wp-json\/wp\/v2\/media\/297595"}],"wp:attachment":[{"href":"https:\/\/www.europesays.com\/es\/wp-json\/wp\/v2\/media?parent=297594"}],"wp:term":[{"taxonomy":"category","embeddable":true,"href":"https:\/\/www.europesays.com\/es\/wp-json\/wp\/v2\/categories?post=297594"},{"taxonomy":"post_tag","embeddable":true,"href":"https:\/\/www.europesays.com\/es\/wp-json\/wp\/v2\/tags?post=297594"}],"curies":[{"name":"wp","href":"https:\/\/api.w.org\/{rel}","templated":true}]}}