{"id":297599,"date":"2025-12-20T08:54:08","date_gmt":"2025-12-20T08:54:08","guid":{"rendered":"https:\/\/www.europesays.com\/es\/297599\/"},"modified":"2025-12-20T08:54:08","modified_gmt":"2025-12-20T08:54:08","slug":"atencion-a-migrantes-en-bogota-durante-el-2025","status":"publish","type":"post","link":"https:\/\/www.europesays.com\/es\/297599\/","title":{"rendered":"Atenci\u00f3n a migrantes en Bogot\u00e1 durante el 2025"},"content":{"rendered":"<p><strong> Adem\u00e1s, la Secretaria de Integraci\u00f3n Social brind\u00f3 atenci\u00f3n a 1.613 ni\u00f1as, ni\u00f1os y adolescentes en el Centro Abrazar y 1.200 en los 13 centros Amar. <\/strong><\/p>\n<p>\u00a1Aqu\u00ed s\u00ed pasa! En la conmemoraci\u00f3n del D\u00eda Internacional del Migrante, la administraci\u00f3n del alcalde Carlos Fernando Gal\u00e1n contin\u00faa comprometida con la garant\u00eda de los derechos de la poblaci\u00f3n migrante en <a href=\"https:\/\/bogota.gov.co\/tag\/bogota-mi-ciudad-mi-casa\" style=\"color:blue; text-decoration:underline\" rel=\"nofollow noopener\" target=\"_blank\">Bogot\u00e1, mi Ciudad, mi Casa<\/a>, especialmente para ni\u00f1as, ni\u00f1os y adolescentes, quienes enfrentan riesgos de pobreza, vulneraci\u00f3n de derechos y exclusi\u00f3n social.<\/p>\n<p><strong>Lee tambi\u00e9n:\u00a0<a href=\"https:\/\/bogota.gov.co\/mi-ciudad\/integracion-social\/arreglos-navidenos-en-centro-de-desarrollo-comunitario-de-bogota\" rel=\"nofollow noopener\" target=\"_blank\">Vitrina navide\u00f1a que muestra el talento en el Centro de Desarrollo Comunitario Jos\u00e9 Antonio Gal\u00e1n<\/a><\/strong><\/p>\n<p>Durante los primeros 11 meses de 2025, la <a href=\"https:\/\/www.integracionsocial.gov.co\/\" style=\"color:blue; text-decoration:underline\" rel=\"nofollow noopener\" target=\"_blank\">Secretar\u00eda Distrital de Integraci\u00f3n Social<\/a> (SDIS) ha atendido en sus diferentes servicios a 85.134 personas migrantes, entre ellas ni\u00f1as, ni\u00f1os y adolescentes a trav\u00e9s de los 13 centros Amar y el centro Abrazar.<\/p>\n<p>M\u00e1s servicios para las personas migrantes<\/p>\n<p>La atenci\u00f3n a la ni\u00f1ez tambi\u00e9n se ha fortalecido a trav\u00e9s de los jardines infantiles, atendiendo a 1.800. Tambi\u00e9n, con <a href=\"https:\/\/bogota.gov.co\/tag\/ingreso-minimo-garantizado\" style=\"color:blue; text-decoration:underline\" rel=\"nofollow noopener\" target=\"_blank\">Ingreso M\u00ednimo Garantizado<\/a> (IMG) se beneficiaron 23.712 ni\u00f1as, ni\u00f1os y adolescentes, mientras que en los comedores comunitarios la atenci\u00f3n fue para 1.001 ni\u00f1as, ni\u00f1os y adolescentes.<\/p>\n<p>Adem\u00e1s, Integraci\u00f3n Social ha brindado atenci\u00f3n a la poblaci\u00f3n migrante a trav\u00e9s de otros servicios como Integraci\u00f3n y los Derechos del Migrante, Refugiado y Retornado; los Centros de Desarrollo Comunitario; Atrapasue\u00f1os; el Arte de Cuidar-Arte, respuesta social, transferencias para personas con discapacidad; Casa de Juventud; Creciendo Juntos; centros Crecer, Proteger y Forjar; Comisar\u00edas de Familia; componente prevenci\u00f3n violencia intrafamiliar y violencia sexual; Casas LGBTI;\u00a0 tiempo propio para personas cuidadoras; Centro de Atenci\u00f3n Distrital para la Inclusi\u00f3n Social, entre otros.<\/p>\n<p>Ventanilla \u00danica<\/p>\n<p>Como parte de la modernizaci\u00f3n para la atenci\u00f3n social, Bogot\u00e1 cuenta con la\u00a0 Ventanilla \u00danica, una plataforma digital innovadora que centraliza y simplifica el acceso a servicios sociales. Esta herramienta permite una atenci\u00f3n m\u00e1s eficiente para brindar soluciones individual y\/o familiar, utilizando informaci\u00f3n disponible y armonizada de las diferentes fuentes administrativas.<\/p>\n<p><strong>Te puede interesar:\u00a0<a href=\"https:\/\/bogota.gov.co\/mi-ciudad\/integracion-social\/ampliacion-de-horarios-en-atencion-de-comisaria-de-familia-tunjuelito\" rel=\"nofollow noopener\" target=\"_blank\">Comisar\u00eda de Familia de Tunjuelito ampl\u00eda su horario y capacidad de atenci\u00f3n<\/a><\/strong><\/p>\n<p>Este contenido fue creado a partir de la informaci\u00f3n proporcionada y difundida por la Secretar\u00eda de Integraci\u00f3n Social <a href=\"https:\/\/www.integracionsocial.gov.co\/\" title=\"\" rel=\"nofollow noopener\" target=\"_blank\"> https:\/\/www.integracionsocial.gov.co\/ <\/a> . El art\u00edculo fue curado por un o una periodista del Portal Bogot\u00e1.  Si tienes alguna sugerencia, observaci\u00f3n o necesitas m\u00e1s informaci\u00f3n sobre la nota publicada, puedes hacerlo a trav\u00e9s de los canales de atenci\u00f3n a la ciudadan\u00eda de la entidad mencionada o en Bogot\u00e1 te Escucha: <a href=\"https:\/\/bogota.gov.co\/sdqs\/\" title=\"SDQS\" rel=\"nofollow noopener\" target=\"_blank\">https:\/\/bogota.gov.co\/sdqs\/.<\/a><\/p>\n","protected":false},"excerpt":{"rendered":"Adem\u00e1s, la Secretaria de Integraci\u00f3n Social brind\u00f3 atenci\u00f3n a 1.613 ni\u00f1as, ni\u00f1os y adolescentes en el Centro Abrazar&hellip;\n","protected":false},"author":2,"featured_media":297600,"comment_status":"","ping_status":"","sticky":false,"template":"","format":"standard","meta":{"footnotes":""},"categories":[42],"tags":[17,18,13,14,11,61,62,63,64,19,20,9,10,15,16,12,21,22,65,66,67],"class_list":{"0":"post-297599","1":"post","2":"type-post","3":"status-publish","4":"format-standard","5":"has-post-thumbnail","7":"category-internacional","8":"tag-breaking-news","9":"tag-breakingnews","10":"tag-featured-news","11":"tag-featurednews","12":"tag-headlines","13":"tag-internacional","14":"tag-international","15":"tag-international-news","16":"tag-internationalnews","17":"tag-latest-news","18":"tag-latestnews","19":"tag-news","20":"tag-noticias","21":"tag-noticias-destacadas","22":"tag-noticiasdestacadas","23":"tag-titulares","24":"tag-ultimas-noticias","25":"tag-ultimasnoticias","26":"tag-world","27":"tag-world-news","28":"tag-worldnews"},"share_on_mastodon":{"url":"","error":""},"_links":{"self":[{"href":"https:\/\/www.europesays.com\/es\/wp-json\/wp\/v2\/posts\/297599","targetHints":{"allow":["GET"]}}],"collection":[{"href":"https:\/\/www.europesays.com\/es\/wp-json\/wp\/v2\/posts"}],"about":[{"href":"https:\/\/www.europesays.com\/es\/wp-json\/wp\/v2\/types\/post"}],"author":[{"embeddable":true,"href":"https:\/\/www.europesays.com\/es\/wp-json\/wp\/v2\/users\/2"}],"replies":[{"embeddable":true,"href":"https:\/\/www.europesays.com\/es\/wp-json\/wp\/v2\/comments?post=297599"}],"version-history":[{"count":0,"href":"https:\/\/www.europesays.com\/es\/wp-json\/wp\/v2\/posts\/297599\/revisions"}],"wp:featuredmedia":[{"embeddable":true,"href":"https:\/\/www.europesays.com\/es\/wp-json\/wp\/v2\/media\/297600"}],"wp:attachment":[{"href":"https:\/\/www.europesays.com\/es\/wp-json\/wp\/v2\/media?parent=297599"}],"wp:term":[{"taxonomy":"category","embeddable":true,"href":"https:\/\/www.europesays.com\/es\/wp-json\/wp\/v2\/categories?post=297599"},{"taxonomy":"post_tag","embeddable":true,"href":"https:\/\/www.europesays.com\/es\/wp-json\/wp\/v2\/tags?post=297599"}],"curies":[{"name":"wp","href":"https:\/\/api.w.org\/{rel}","templated":true}]}}