{"id":297605,"date":"2025-12-20T09:07:08","date_gmt":"2025-12-20T09:07:08","guid":{"rendered":"https:\/\/www.europesays.com\/es\/297605\/"},"modified":"2025-12-20T09:07:08","modified_gmt":"2025-12-20T09:07:08","slug":"fem-van-empel-campeona-del-mundo-de-ciclocross-y-corredora-del-visma-lease-a-bike-cuelga-la-bicicleta-a-los-23-anos-para-cuidar-de-su-salud-mental","status":"publish","type":"post","link":"https:\/\/www.europesays.com\/es\/297605\/","title":{"rendered":"Fem van Empel, campeona del mundo de ciclocross y corredora del Visma-Lease a Bike, cuelga la bicicleta a los 23 a\u00f1os para cuidar de su salud mental"},"content":{"rendered":"<p class=\"typo-tk-rs-caption-xs\">Mundial Li\u00e9vin: Van Empel firma su triple corona particular: reina con agon\u00eda final ante Brand<\/p>\n<p class=\"typo-tk-rs-caption-xs\">Autor del v\u00eddeo: Eurosport<\/p>\n<p><b data-testid=\"body-text-bold\">Fem van Empel<\/b>, de 23 a\u00f1os, opt\u00f3 en marzo por <b data-testid=\"body-text-bold\">retirarse del deporte para centrarse en su bienestar mental<\/b> y controlar sus dolencias f\u00edsicas. Tras este periodo de descanso, decidi\u00f3 no seguir centr\u00e1ndose en el <b data-testid=\"body-text-bold\">ciclismo de carretera<\/b> y, en su lugar, trabajar para volver al <b data-testid=\"body-text-bold\">ciclocross<\/b> al inicio de la temporada.<\/p>\n<p>Aunque su entrenamiento y sus primeras carreras fueron positivas, Van Empel not\u00f3 que la sensaci\u00f3n que buscaba no surg\u00eda. Durante el <b data-testid=\"body-text-bold\">Koppenbergcross<\/b>, tuvo que abandonar la carrera porque no le iba bien en ese momento.<\/p>\n<p>\u00abDurante el Koppenbergcross, <b data-testid=\"body-text-bold\">mi cuerpo y mi mente me dieron una se\u00f1al muy clara<\/b>. Soy una persona que no se rinde f\u00e1cilmente, pero inconscientemente, ya hab\u00eda tomado una decisi\u00f3n. Siento que este es el paso correcto para m\u00ed\u00bb, se\u00f1ala la campeona mundial y europea.<\/p>\n<blockquote class=\"wrapping-break-word typo-tk-rs-display-sm flex-auto text-content-block-default-text-fill-01\"><p>En este momento, me faltan la motivaci\u00f3n y la satisfacci\u00f3n que he disfrutado del ciclismo durante a\u00f1os.<\/p><\/blockquote>\n<p><b data-testid=\"body-text-bold\">Richard Plugge<\/b>, director ejecutivo del <b data-testid=\"body-text-bold\">Visma-Lease a Bike<\/b>, lament\u00f3 la baja de una corredora clave para la formaci\u00f3n: \u00abClaro que es una l\u00e1stima que Fem nos deje, pero respetamos plenamente su decisi\u00f3n. <b data-testid=\"body-text-bold\">Ha significado mucho para nuestro equipo y para el ciclocross en general<\/b>. Con su talento ha logrado resultados impresionantes y ha hecho historia con nuestro equipo, ganando m\u00faltiples t\u00edtulos europeos y mundiales. Ha sido especial presenciar su desarrollo de cerca y trabajar juntas. Le deseamos mucho \u00e9xito en el futuro\u00bb.<\/p>\n<p>Tras las conversaciones con el equipo, Van Empel concluy\u00f3 que ahora es mejor reorientar su carrera. \u00abEsta es una decisi\u00f3n bien meditada y me siento bien. En este momento, me faltan la motivaci\u00f3n y la satisfacci\u00f3n que he disfrutado del ciclismo durante a\u00f1os. Quer\u00eda ser honesta y justa con el equipo. <b data-testid=\"body-text-bold\">Es el momento adecuado para empezar una nueva etapa<\/b>. Estoy muy agradecida por todo el apoyo que he recibido del equipo, mi familia y la afici\u00f3n, y espero con ilusi\u00f3n lo que me depara el futuro\u00bb, concluye.<\/p>\n<p><img decoding=\"async\" class=\"text-transparent h-full w-full object-cover\" src=\"https:\/\/www.europesays.com\/es\/wp-content\/uploads\/2025\/12\/image-1a2bda98-63ea-40d7-a298-57c64398ee53-85-2560-1440.jpeg\" alt=\"picture\" data-testid=\"image-high-res\"\/><\/p>\n<p class=\"typo-tk-rs-caption-xs\">Final Exact Cross Heerderstrand (F): Media centena de triunfos para Van Empel y triplete neerland\u00e9s<\/p>\n<p class=\"typo-tk-rs-caption-xs\">Autor del v\u00eddeo: Eurosport<\/p>\n","protected":false},"excerpt":{"rendered":"Mundial Li\u00e9vin: Van Empel firma su triple corona particular: reina con agon\u00eda final ante Brand Autor del v\u00eddeo:&hellip;\n","protected":false},"author":2,"featured_media":297606,"comment_status":"","ping_status":"","sticky":false,"template":"","format":"standard","meta":{"footnotes":""},"categories":[273],"tags":[313,312,61033,168,25,24,23,167],"class_list":{"0":"post-297605","1":"post","2":"type-post","3":"status-publish","4":"format-standard","5":"has-post-thumbnail","7":"category-ciclismo","8":"tag-ciclismo","9":"tag-cycling","10":"tag-cyclo-cross","11":"tag-deportes","12":"tag-es","13":"tag-espana","14":"tag-spain","15":"tag-sports"},"share_on_mastodon":{"url":"https:\/\/pubeurope.com\/@es\/115751108548899763","error":""},"_links":{"self":[{"href":"https:\/\/www.europesays.com\/es\/wp-json\/wp\/v2\/posts\/297605","targetHints":{"allow":["GET"]}}],"collection":[{"href":"https:\/\/www.europesays.com\/es\/wp-json\/wp\/v2\/posts"}],"about":[{"href":"https:\/\/www.europesays.com\/es\/wp-json\/wp\/v2\/types\/post"}],"author":[{"embeddable":true,"href":"https:\/\/www.europesays.com\/es\/wp-json\/wp\/v2\/users\/2"}],"replies":[{"embeddable":true,"href":"https:\/\/www.europesays.com\/es\/wp-json\/wp\/v2\/comments?post=297605"}],"version-history":[{"count":0,"href":"https:\/\/www.europesays.com\/es\/wp-json\/wp\/v2\/posts\/297605\/revisions"}],"wp:featuredmedia":[{"embeddable":true,"href":"https:\/\/www.europesays.com\/es\/wp-json\/wp\/v2\/media\/297606"}],"wp:attachment":[{"href":"https:\/\/www.europesays.com\/es\/wp-json\/wp\/v2\/media?parent=297605"}],"wp:term":[{"taxonomy":"category","embeddable":true,"href":"https:\/\/www.europesays.com\/es\/wp-json\/wp\/v2\/categories?post=297605"},{"taxonomy":"post_tag","embeddable":true,"href":"https:\/\/www.europesays.com\/es\/wp-json\/wp\/v2\/tags?post=297605"}],"curies":[{"name":"wp","href":"https:\/\/api.w.org\/{rel}","templated":true}]}}