{"id":297631,"date":"2025-12-20T09:22:08","date_gmt":"2025-12-20T09:22:08","guid":{"rendered":"https:\/\/www.europesays.com\/es\/297631\/"},"modified":"2025-12-20T09:22:08","modified_gmt":"2025-12-20T09:22:08","slug":"ruth-conde-enfermera-pediatrica-de-msf-en-gaza-habal-del-invierno","status":"publish","type":"post","link":"https:\/\/www.europesays.com\/es\/297631\/","title":{"rendered":"Ruth Conde, enfermera pedi\u00e1trica de MSF en Gaza, habal del invierno"},"content":{"rendered":"<p><strong>Ruth Conde<\/strong> es enfermera pedi\u00e1trica y coordinadora m\u00e9dica de la organizaci\u00f3n M\u00e9dicos Sin Fronteras. Su primera misi\u00f3n hace trece a\u00f1os fue a N\u00edger y despu\u00e9s pas\u00f3 por Rep\u00fablica Centroafricana, Yemen, India, Venezuela, Colombia, Guinea-Bis\u00e1u, Guatemala, Mozambique, Ucrania y Territorios Palestinos Ocupados. Sin embargo, en Gaza ha vivido una de las experiencias vitales y laborales m\u00e1s duras. Ha estado en tres misiones desde el 7 de octubre de 2023 y acaba de volver. Antes de tomarse unos d\u00edas de descanso en su Galicia natal, comparte lo vivido en el infierno en la tierra. <\/p>\n<p style=\"text-align:justify;\"><strong>PREGUNTA: Israel sigue matando en Gaza, entre los muertos hay ni\u00f1os y mujeres. No ha dejado de bombardear campos de personas desplazadas. \u00bfLa guerra no ha terminado?<\/strong><\/p>\n<p style=\"text-align:justify;\"><strong>RESPUESTA: <\/strong>El alto el fuego es quiz\u00e1s un alto de la guerra, pero no ha atajado la continuidad del conflicto. Quiz\u00e1s haya disminuido la intensidad, pero el conflicto sigue. Los ataques no han cesado en Gaza y la situaci\u00f3n es dantesca tanto en la Franja como en Cisjordania. Es un poco la sensaci\u00f3n de que se ha firmado un el alto el fuego, pero el espacio y la tierra de los palestinos siguen siendo el objetivo. <\/p>\n<p><strong>P: \u00bfC\u00f3mo afrontan este tercer invierno? Las condiciones siguen siendo muy extremas y adem\u00e1s llegan m\u00e1s cansados que en los dos a\u00f1os anteriores.<\/strong><\/p>\n<p>Esta es la clave. El primer invierno, es verdad que los pill\u00f3 prevenidos, aunque pensaban que pod\u00eda ser un per\u00edodo breve de tiempo. Muchas personas no ten\u00edan ropa para ese primer invierno. El segundo fue duro y ahora se est\u00e1n preparando para este tercer invierno, pero \u00bfCu\u00e1l es el problema? El cansancio o el agotamiento generado desde la necesidad de preocuparse por buscar comida cada d\u00eda. Ya que la gran mayor\u00eda de la poblaci\u00f3n depende de la ayuda humanitaria al 100%. La gran mayor\u00eda no puede comprar comida en el mercado y siguen sufriendo las consecuencias del bloqueo de la entrada de ayuda humanitaria, del material de para reconstruir los edificios que han sido bombardeados y de las tiendas que se necesitan para hacer frente al invierno. No dejan pasar las tiendas porque tienen unas varillas met\u00e1licas, y est\u00e1 en esa lista de material de doble uso. Seg\u00fan nuestra experiencia del a\u00f1o pasado, a nivel m\u00e9dico no estamos preparados para hacer frente al <strong>incremento de enfermedades respiratorias y diarreas que traer\u00e1 el invierno<\/strong>. Con la llegada de las lluvias, hemos empezado a ver tiendas anegadas en campos de desplazados absolutamente inundados. Y algo que a m\u00ed, personalmente, me ha llamado la atenci\u00f3n es ver en los ni\u00f1os la falta del calzado, con este fr\u00edo siguen llevando las chanclas del verano. <\/p>\n<blockquote>\n<p>\u201cCon este fr\u00edo siguen llevando las chanclas del verano\u201c<\/p>\n<\/blockquote>\n<p><strong>P: El material sanitario sigue sin entrar y esto empeora cualquier respuesta que pod\u00e1is dar a la poblaci\u00f3n. <\/strong><\/p>\n<p><strong>R: <\/strong>Por ejemplo, necesitamos un tipo de ventilaci\u00f3n mec\u00e1nica no invasiva que se utiliza mucho para atender a pacientes con problemas respiratorios como puede ser una bronquiolitis. Por eso hay material que nos sirve para que los ni\u00f1os puedan respirar y puedan mejorar. Sin embargo, todos estos medicamentos no puede pasar. Es triste saber que, aunque hemos estado presentes en Gaza en los \u00faltimos m\u00e1s de dos a\u00f1os, seguimos sin poder estar preparados para este invierno, sabiendo lo que va a suceder por la experiencia de los \u00faltimos dos a\u00f1os. Somos muy conscientes de lo que nos vamos a enfrentar y esto genera mucha impotencia. <\/p>\n<p><strong>P: Otro dato importante y que preocupa a M\u00e9dicos Sin Fronteras es que hay m\u00e1s de 16.500 personas, entre ellas m\u00e1s de 4000 ni\u00f1os y ni\u00f1as pendientes de evacuaci\u00f3n m\u00e9dica urgente.<\/strong><\/p>\n<p><strong>R: <\/strong>Tenemos que pensar que todav\u00eda estamos en esa primera fase del alto el fuego. Estamos esperando la retirada de las tropas. Los bombardeos contin\u00faan, la presencia de los drones 24 horas al d\u00eda prosigue, las tropas que est\u00e1n en la famosa l\u00ednea amarilla, van cambiando de sitio y siguen avanzando. Siguen reduciendo el espacio habitable de Gaza. Todo esto, incluyendo las evacuaciones, supone un no respeto al la tregua. Los casos que requieren evacuaci\u00f3n son muy complejos. Se trata de pacientes cr\u00f3nicos que necesitan un tratamiento al que no pueden acceder dentro de Gaza, como un tratamiento oncol\u00f3gico o un tratamiento de di\u00e1lisis. Pero tambi\u00e9n hay otros que necesitan acceder a pruebas diagn\u00f3sticas muy sencillas, pacientes que para poder ser tratados necesitan primeramente estar correctamente diagnosticados un tac o una resonancia magn\u00e9tica. O pacientes que han sido intervenidos por una cirug\u00eda, por una amputaci\u00f3n debido a un ataque israel\u00ed, y necesitan ser intervenidos a m\u00e1s alto nivel. Todos est\u00e1n esperando. De esas 16.500 personas que constan en la lista para ser evaluados, no sabremos si est\u00e1n con vida o no hasta que se realice la llamada en la que se valida esa evacuaci\u00f3n. <\/p>\n<p><strong>P: \u00bfQu\u00e9 te dec\u00edan los gazat\u00edes del Plan de Trump?<\/strong><\/p>\n<p><strong>R:<\/strong> Yo hablo de lo que yo he visto y me he limitado a realizar evaluaciones a nivel poblacional en cuanto a necesidades de la poblaci\u00f3n. Sobre el plan de Trump, a m\u00ed a\u00fan no me queda muy claro cu\u00e1l es su proyecto para Gaza. Para m\u00ed Trump es una persona que hoy dice una cosa y ma\u00f1ana dice absolutamente lo contrario. Lo que vemos en los pacientes es agotamiento. Una sensaci\u00f3n de desilusi\u00f3n generalizada que la veo entre nuestros compa\u00f1eros y en la poblaci\u00f3n en general. Cuando se firm\u00f3 el primer alto el fuego, s\u00ed se percib\u00eda que las cosas pod\u00edan cambiar, pero con este segundo acuerdo hay una <strong>desilusi\u00f3n total y absoluta.<\/strong> Tambi\u00e9n sienten que hay un silencio a nivel de los gobiernos y pa\u00edses que realmente tienen peso en la toma de decisiones.<\/p>\n<p><strong>P: Siempre dices que solo sabes cuidar. Es una tarea importante en tu profesi\u00f3n de enfermer\u00eda. Pero \u00bfc\u00f3mo se puede cuidar en un contexto tan hostil?<\/strong><\/p>\n<p><strong>R: <\/strong>Esta es una pregunta que nos hacemos siempre. Es verdad que yo soy enfermera y a m\u00ed me gusta estar con los pacientes, pero en este caso como responsable de actividades m\u00e9dicas, de proyectos, hago un trabajo m\u00e1s de gesti\u00f3n. Entonces mi responsabilidad es cuidar de mi equipo. A veces, el hecho de cuidar es crear espacios seguros tanto para ellos como para pacientes donde puedan hablar. Cuidamos la parte f\u00edsica, tanto como podemos y con los medios que tenemos, y tambi\u00e9n cuidamos la parte mental. La estrategia de salud mental es fundamental para nosotros, es uno de los pilares b\u00e1sicos de nuestra presencia en Gaza. Porque hablamos de las heridas que se esconden dentro, aquellas que no se ven. <\/p>\n<p><strong>P: \u00bfC\u00f3mo lo est\u00e1n viviendo las mujeres y tus compa\u00f1eras sanitarias? <\/strong><\/p>\n<p><strong>R: <\/strong> Una de nuestras prioridades siempre ha sido la salud de las mujeres. Estamos presentes en dos hospitales de referencia de salud sexual y reproductiva de toda la Franja. Pero al mismo, justo por tener este tipo de actividades, somos testigos de los testimonios de estas mujeres que atendemos en nuestros equipos de salud. En Gaza hemos visto un aumento del n\u00famero de casos de <strong>desnutrici\u00f3n en mujeres embarazadas y lactantes <\/strong>en los \u00faltimos meses y sobre todo en este periodo de bloqueo total de entrada de ayuda en Gaza. La que deja de comer en casa cuando no hay comida suficiente para los ni\u00f1os siempre es la mujer. En las \u00faltimas semanas, en el norte de Gaza hemos visto muchos casos de mujeres que no han podido llegar al hospital para poder dar a luz, porque no hay transporte p\u00fablico, ni carreteras, ni hay combustible para quien conserva su coche y no puede llegar al hospital. Muchas han dado a luz en el propio campo de desplazados o han dado a luz en el camino, en la misma carretera. Adem\u00e1s, han sufrido la falta de productos de higiene ligada a la menstruaci\u00f3n, concretamente las compresas. Cualquier puerta que abras en cuanto a salud materna y femenina, en general, es un fondo de necesidad. <\/p>\n<p><strong>P: T\u00fa has visto con tus propios c\u00f3mo comenz\u00f3 la guerra, el durante y este supuesto final. \u00bfC\u00f3mo ha ido cambiando vuestro trabajo sobre el terreno? <\/strong><\/p>\n<p><strong>R: <\/strong>La primera vez que sal\u00ed de Gaza coment\u00e9 la falta de espacio, pero no pens\u00e1bamos o al menos yo creo que guard\u00e1bamos la esperanza de que no iba a llegar a este nivel de destrucci\u00f3n del sistema sanitario. Lo que vemos en gente que ha estado trabajando con nosotros desde el primer momento, es que llevan m\u00e1s de dos a\u00f1os sometidos a una <strong>presi\u00f3n extrema<\/strong>. Ves un deterioro f\u00edsico y un deterioro emocional, los ves cada d\u00eda m\u00e1s delgados y agotados. Hemos tenido compa\u00f1eros que han sido v\u00edctimas de esos bombardeos, hemos perdido 15 personas que trabajan mano a mano con nosotros. Y tenemos algunos que tras los bombardeos ya se han recuperado, pero siguen teniendo sus heridas f\u00edsicas. Ellos mismos se ponen mucha presi\u00f3n. Es algo que escuchamos much\u00edsimas veces, que en ese proceso de querer cuidarlos. Son ellos que te dicen, es que si estoy en mi casa lo \u00fanico que hago sin trabajar es darle vueltas a la cabeza a esta situaci\u00f3n. Necesitan trabajar para tener la cabeza ocupada y es una estrategia que tienen muchos que trabajan hasta m\u00e1s no poder.<\/p>\n<p><strong>P: Quienes ten\u00e9is la oportunidad de entrar, tambi\u00e9n ten\u00e9is la responsabilidad de compartir y contar. Pero, \u00bfno tiene que ser f\u00e1cil volver a contarlo una y otra vez?<\/strong><\/p>\n<p>R: Es extremadamente complicado. Yo no soy profesional de la comunicaci\u00f3n ni soy experta en pol\u00edtica internacional. Yo soy enfermera, pero al mismo tiempo s\u00e9 que soy testigo y te sientes responsable de comunicar lo que has visto. Y es muy dif\u00edcil porque tampoco te permite a ti curarte. Es volver a recordarlo todo, revivir un mont\u00f3n de emociones y momentos que no son f\u00e1ciles. Duelen las decisiones que se han tomado por esa hiperpriorizaci\u00f3n y no te dejan dormir por las noches. Contarlo una y otra vez, es abrir la herida, pero al mismo tiempo te dices como se me ocurre a mi decir que estoy cansada si pienso en mis compa\u00f1eros que est\u00e1n dentro. Es una responsabilidad tambi\u00e9n hacia ellos de compartir lo que he visto. <\/p>\n","protected":false},"excerpt":{"rendered":"Ruth Conde es enfermera pedi\u00e1trica y coordinadora m\u00e9dica de la organizaci\u00f3n M\u00e9dicos Sin Fronteras. Su primera misi\u00f3n hace&hellip;\n","protected":false},"author":2,"featured_media":297632,"comment_status":"","ping_status":"","sticky":false,"template":"","format":"standard","meta":{"footnotes":""},"categories":[42],"tags":[17,18,13,14,11,61,62,63,64,19,20,9,10,15,16,12,21,22,65,66,67],"class_list":{"0":"post-297631","1":"post","2":"type-post","3":"status-publish","4":"format-standard","5":"has-post-thumbnail","7":"category-internacional","8":"tag-breaking-news","9":"tag-breakingnews","10":"tag-featured-news","11":"tag-featurednews","12":"tag-headlines","13":"tag-internacional","14":"tag-international","15":"tag-international-news","16":"tag-internationalnews","17":"tag-latest-news","18":"tag-latestnews","19":"tag-news","20":"tag-noticias","21":"tag-noticias-destacadas","22":"tag-noticiasdestacadas","23":"tag-titulares","24":"tag-ultimas-noticias","25":"tag-ultimasnoticias","26":"tag-world","27":"tag-world-news","28":"tag-worldnews"},"share_on_mastodon":{"url":"https:\/\/pubeurope.com\/@es\/115751167886273035","error":""},"_links":{"self":[{"href":"https:\/\/www.europesays.com\/es\/wp-json\/wp\/v2\/posts\/297631","targetHints":{"allow":["GET"]}}],"collection":[{"href":"https:\/\/www.europesays.com\/es\/wp-json\/wp\/v2\/posts"}],"about":[{"href":"https:\/\/www.europesays.com\/es\/wp-json\/wp\/v2\/types\/post"}],"author":[{"embeddable":true,"href":"https:\/\/www.europesays.com\/es\/wp-json\/wp\/v2\/users\/2"}],"replies":[{"embeddable":true,"href":"https:\/\/www.europesays.com\/es\/wp-json\/wp\/v2\/comments?post=297631"}],"version-history":[{"count":0,"href":"https:\/\/www.europesays.com\/es\/wp-json\/wp\/v2\/posts\/297631\/revisions"}],"wp:featuredmedia":[{"embeddable":true,"href":"https:\/\/www.europesays.com\/es\/wp-json\/wp\/v2\/media\/297632"}],"wp:attachment":[{"href":"https:\/\/www.europesays.com\/es\/wp-json\/wp\/v2\/media?parent=297631"}],"wp:term":[{"taxonomy":"category","embeddable":true,"href":"https:\/\/www.europesays.com\/es\/wp-json\/wp\/v2\/categories?post=297631"},{"taxonomy":"post_tag","embeddable":true,"href":"https:\/\/www.europesays.com\/es\/wp-json\/wp\/v2\/tags?post=297631"}],"curies":[{"name":"wp","href":"https:\/\/api.w.org\/{rel}","templated":true}]}}