{"id":297649,"date":"2025-12-20T09:44:10","date_gmt":"2025-12-20T09:44:10","guid":{"rendered":"https:\/\/www.europesays.com\/es\/297649\/"},"modified":"2025-12-20T09:44:10","modified_gmt":"2025-12-20T09:44:10","slug":"el-teatro-de-los-corrales-se-llena-en-la-presentacion-del-documental-sobre-la-marcha-de-authi","status":"publish","type":"post","link":"https:\/\/www.europesays.com\/es\/297649\/","title":{"rendered":"El Teatro de Los Corrales se llena en la presentaci\u00f3n del documental sobre la Marcha de Authi"},"content":{"rendered":"<p><a class=\"v-mdl-ath__fig-a\" href=\"https:\/\/www.eldiariomontanes.es\/autor\/nacho-cavia-1029.html\" title=\"Nacho Cavia\" rel=\"nofollow noopener\" target=\"_blank\"><br \/>\n<img decoding=\"async\" class=\"v-mdl-ath__img\" src=\"https:\/\/www.europesays.com\/es\/wp-content\/uploads\/2025\/08\/firmas-5617e64f1b3f0-foto.jpg\" alt=\"Nacho Cavia\"\/><br \/>\n<\/a><\/p>\n<p class=\"v-mdl-ath__p v-mdl-ath__p--6\">\nS\u00e1bado, 20 de diciembre 2025, 09:03<\/p>\n<p class=\"v-p\">M\u00e1s de 300 personas asistieron este viernes a la proyecci\u00f3n del documental sobre la Marcha de Authi en el Teatro Municipal de Los Corrales de Buelna, con motivo del 50 aniversario de una manifestaci\u00f3n de cientos de trabajadores caminando hacia Santander en defensa de sus empleos en un momento hist\u00f3rico, en el que estaban totalmente prohibidas esas actividades. Fue el 22 de diciembre de 1975, en una Espa\u00f1a confusa sobre su futuro tras la muerte de Francisco Franco y pocos d\u00edas despu\u00e9s de que la f\u00e1brica de autom\u00f3viles Auhti anunciara la rescisi\u00f3n de m\u00e1s de 2.000 contratos laborales. En el teatro estuvieron el director general de Industria, Energ\u00eda y Minas, Jos\u00e9 Luis Ceballos Pereda, el alcalde de Los Corrales de Buelna, Julio Arranz Ochoa, junto a varios concejales de la Corporaci\u00f3n, el de San Felices de Buelna, Jos\u00e9 Antonio Cobo Gonz\u00e1lez, y el de Cieza, Juan Manuel Cuevas, adem\u00e1s de representantes de las empresas y sindicatos de la comarca, y muchas de las personas que hicieron esa marcha y sus familiares.<\/p>\n<p class=\"v-p\">El documental de &#8216;El Cuartuco&#8217; ha contado con la colaboraci\u00f3n de algunos de los miembros del Jurado de Empresa y personas que hicieron la marcha, adem\u00e1s de familiares que siguieron desde sus casas aquella proeza, el Ayuntamiento de Los Corrales de Buelna y la Consejer\u00eda de Innovaci\u00f3n, Industria, Comercio y Turismo, posibilitando la documentaci\u00f3n y edici\u00f3n de un v\u00eddeo de 30 minutos de duraci\u00f3n que se estrenar\u00e1 p\u00fablicamente el pr\u00f3ximo lunes, el d\u00eda en el que se cumplen los 50 a\u00f1os de la marcha.<\/p>\n<p>Reedici\u00f3n de la marcha<\/p>\n<p class=\"v-p\">En un marco bien diferente, tras la presentaci\u00f3n de un documental avalado por los largos aplausos del p\u00fablico que llenaba el teatro, una decena de personas que hicieron en su momento esa marcha anunciaron que volver\u00e1n a recorrer a pie los 40 kil\u00f3metros que separan Los Corrales de Santander este lunes, en memoria de sus compa\u00f1eros fallecidos y homenaje a cuantos cambiaron la historia de Los Corrales.<\/p>\n<p>Reporta un error<\/p>\n","protected":false},"excerpt":{"rendered":"S\u00e1bado, 20 de diciembre 2025, 09:03 M\u00e1s de 300 personas asistieron este viernes a la proyecci\u00f3n del documental&hellip;\n","protected":false},"author":2,"featured_media":297650,"comment_status":"","ping_status":"","sticky":false,"template":"","format":"standard","meta":{"footnotes":""},"categories":[169],"tags":[69950,177,9001,6084,146,147,25,24,176,2490,3402,175,2436,57,23,1651],"class_list":{"0":"post-297649","1":"post","2":"type-post","3":"status-publish","4":"format-standard","5":"has-post-thumbnail","7":"category-cine","8":"tag-authi","9":"tag-cine","10":"tag-corrales","11":"tag-documental","12":"tag-entertainment","13":"tag-entretenimiento","14":"tag-es","15":"tag-espana","16":"tag-film","17":"tag-llena","18":"tag-marcha","19":"tag-movies","20":"tag-presentacion","21":"tag-sobre","22":"tag-spain","23":"tag-teatro"},"share_on_mastodon":{"url":"","error":""},"_links":{"self":[{"href":"https:\/\/www.europesays.com\/es\/wp-json\/wp\/v2\/posts\/297649","targetHints":{"allow":["GET"]}}],"collection":[{"href":"https:\/\/www.europesays.com\/es\/wp-json\/wp\/v2\/posts"}],"about":[{"href":"https:\/\/www.europesays.com\/es\/wp-json\/wp\/v2\/types\/post"}],"author":[{"embeddable":true,"href":"https:\/\/www.europesays.com\/es\/wp-json\/wp\/v2\/users\/2"}],"replies":[{"embeddable":true,"href":"https:\/\/www.europesays.com\/es\/wp-json\/wp\/v2\/comments?post=297649"}],"version-history":[{"count":0,"href":"https:\/\/www.europesays.com\/es\/wp-json\/wp\/v2\/posts\/297649\/revisions"}],"wp:featuredmedia":[{"embeddable":true,"href":"https:\/\/www.europesays.com\/es\/wp-json\/wp\/v2\/media\/297650"}],"wp:attachment":[{"href":"https:\/\/www.europesays.com\/es\/wp-json\/wp\/v2\/media?parent=297649"}],"wp:term":[{"taxonomy":"category","embeddable":true,"href":"https:\/\/www.europesays.com\/es\/wp-json\/wp\/v2\/categories?post=297649"},{"taxonomy":"post_tag","embeddable":true,"href":"https:\/\/www.europesays.com\/es\/wp-json\/wp\/v2\/tags?post=297649"}],"curies":[{"name":"wp","href":"https:\/\/api.w.org\/{rel}","templated":true}]}}