{"id":297655,"date":"2025-12-20T09:48:18","date_gmt":"2025-12-20T09:48:18","guid":{"rendered":"https:\/\/www.europesays.com\/es\/297655\/"},"modified":"2025-12-20T09:48:18","modified_gmt":"2025-12-20T09:48:18","slug":"del-perdon-a-carmen-borrego-a-la-jugarreta-de-jose-maria-almoguera","status":"publish","type":"post","link":"https:\/\/www.europesays.com\/es\/297655\/","title":{"rendered":"del perd\u00f3n a Carmen Borrego a la jugarreta de Jos\u00e9 Mar\u00eda Almoguera"},"content":{"rendered":"<p>En v\u00edsperas de la Navidad y cuando todo parec\u00eda en calma entre Jos\u00e9 Mar\u00eda Almoguera y la madre de su hijo, <strong>Paola Olmedo<\/strong> (38 a\u00f1os) <a href=\"https:\/\/www.lecturas.com\/television\/paola-olmedo-desvela-viernes-dos-motivos-por-que-aun-no-se-ha-divorciado-jose-maria-almoguera_186171\" target=\"_self\" rel=\"nofollow noopener\">reaparec\u00eda en &#8216;\u00a1De Viernes!&#8217;<\/a> para aclarar su verdad. \u00bfC\u00f3mo ha sido su vida con las Campos?\u00bfC\u00f3mo es su relaci\u00f3n actual con Carmen Borrego?\u00bfPor qu\u00e9 todav\u00eda no se ha divorciado de Jose? La esteticista lo ha aclarado todo con lujo de detalles a pesar de la animadversi\u00f3n que esto le ha generado a su ex marido.\u00a0<\/p>\n<p><strong>\u00abElla sabr\u00e1 lo que hace, en su conciencia quedar\u00e1 lo que haga\u00bb, <\/strong>aseguraba el hijo de Carmen Borrego tras conocer la intenci\u00f3n de Paola de conceder una entrevista en televisi\u00f3n. Y es que Jose se reafirma en su intenci\u00f3n de no hablar mal de la madre de su hijo por el dolor que eso le pueda causar en un futuro al peque\u00f1o. Pero, \u00bfqu\u00e9 tiene que decir la argentina al respecto?\u00a0<\/p>\n<p><img loading=\"lazy\" decoding=\"async\"   src=\"https:\/\/www.europesays.com\/es\/wp-content\/uploads\/2025\/12\/paola-olmedo_3ab3053d_251220075427_1200x1799.webp.webp\" alt=\"Paola Olmedo \" class=\"lazyload\" width=\"1200\" height=\"1799\" data-aspectratio=\"1200\/1799\"\/><\/p>\n<p>Paola Olmedo ha hablado largo y tendido sobre su relaci\u00f3n con Jos\u00e9 Mar\u00eda Almoguera<\/p>\n<p>&#13;Gar\u00f3fano<\/p>\n<p>El propio Jos\u00e9 Mar\u00eda ya adelantaba que la relaci\u00f3n con la madre de su hijo no atravesaba su mejor momento.\u00a0\u00abNo me gusta que se tire la piedra y se esconda la mano. No tengo ganas de malos entendidos, no quiero ninguna guerra con nadie, simplemente aclarar por qu\u00e9 no se ha firmado el divorcio\u00bb, explicaba.\u00a0<\/p>\n<p><img decoding=\"async\" src=\"https:\/\/www.europesays.com\/es\/wp-content\/uploads\/2025\/12\/sonsoles-onega-tamara-gorro-y-pilar-vidal_6a1b2e82_251220082550_800x800.webp.webp\" alt=\"Sonsoles \u00d3nega, Tamara Gorro y Pilar Vidal\" class=\"image lazyload\"\/><img loading=\"lazy\" decoding=\"async\" src=\"https:\/\/www.europesays.com\/es\/wp-content\/uploads\/2025\/12\/sonsoles-onega-tamara-gorro-y-pilar-vidal_6a1b2e82_251220082601_1280x720.webp.webp\" alt=\"De Sonsoles \u00d3nega a Tamara Gorro o Pilar Vidal: la gran fiesta de Navidad de 'Y ahora Sonsoles' con un dress code muy peculiar\" class=\"image lazyload\" width=\"1280\" height=\"720\" data-aspectratio=\"1280\/720\"\/>Los dos motivos por los que no han firmado el divorcio\u00a0<\/p>\n<p>Han pasado casi dos a\u00f1os desde que Paola y Jos\u00e9 Mar\u00eda anunciara su separaci\u00f3n, pero \u00bfpor qu\u00e9 todav\u00eda no se han divorciado? Cansada de especulaciones, la esteticista revelaba toda la verdad.\u00a0<\/p>\n<p>\u00abYo le ped\u00ed un favor y me dijo que no pod\u00eda porque quer\u00eda estar divorciado ya. Nos relajamos y se ha alargado&#8230; Hay dos motivos por el que no se ha firmado a\u00fan el divorcio, y uno de ellos es absurdo\u00bb, advert\u00eda. En primer lugar, Paola ha recordado que cuando eran pareja invirtieron en un negocio que no fue bien, \u00ab<strong>es un dinero que hemos perdido los dos<\/strong> y no puede pedir el dinero que perdi\u00f3 porque yo tambi\u00e9n lo hice, e invert\u00ed m\u00e1s dinero\u00bb.<\/p>\n<p><img loading=\"lazy\" decoding=\"async\"   src=\"https:\/\/www.europesays.com\/es\/wp-content\/uploads\/2025\/12\/de-viernes-paola-olmedo_ae14e3cc_251220080644_1200x666.webp.webp\" alt=\"De Viernes Paola Olmedo\" class=\"lazyload\" width=\"1200\" height=\"666\" data-aspectratio=\"1200\/666\"\/><\/p>\n<p>Jos\u00e9 Mar\u00eda se niega a aceptar las normas que Paola le ha puesto en la sentencia de divorcio<\/p>\n<p>&#13;Telecinco<\/p>\n<p>El segundo motivo es bastante delicado. \u00abLe he pedido mantener totalmente la privacidad de mi hijo. El ni\u00f1o no puede salir en ning\u00fan sitio, <strong>no se puede dar ning\u00fan dato del ni\u00f1o. Y se puede evitar, y \u00e9l lo sabe<\/strong>\u00ab, ha explicado. Una petici\u00f3n a la que Jos\u00e9 Mar\u00eda se habr\u00eda negado. \u00abSe niega porque dice que \u00e9l no puede controlar que el ni\u00f1o salga en alg\u00fan lado si lo pillan caminando con \u00e9l. Yo no voy a ir contra \u00e9l si veo eso, y yo creo que ese es el miedo de \u00e9l. Si sale mi hijo en alguna revista, yo no voy a ir en contra de \u00e9l, sino en contra de la revista. Estando ya con \u00e9l, mi pelea era esa, sal\u00edan datos del ni\u00f1o\u00bb, se quejaba.<\/p>\n<p>Pide perd\u00f3n a Carmen Borrego\u00a0<\/p>\n<p>Durante la entrevista se han recordado los audios que dinamitaron su relaci\u00f3n con el clan Campos y, en especial, con Carmen Borrego. Ha sido en ese momento cuando no ha dudado en pedirle perd\u00f3n p\u00fablicamente. \u00ab<strong>A m\u00ed no me importa disculparme con ellas todas las veces que sean necesarias, ellas nunca me han tratado mal\u00bb, <\/strong>ha querido aclarar.<\/p>\n<p><img loading=\"lazy\" decoding=\"async\"   src=\"https:\/\/www.europesays.com\/es\/wp-content\/uploads\/2025\/12\/de-viernes-paola-olmedo_b75437fe_251220075224_1200x678.webp.webp\" alt=\"De Viernes Paola Olmedo\" class=\"lazyload\" width=\"1200\" height=\"678\" data-aspectratio=\"1200\/678\"\/><\/p>\n<p>La relaci\u00f3n entre Paola y Carmen Borrego es cordial<\/p>\n<p>&#13;Telecinco<\/p>\n<p>Paola ha recordado que fue una conversaci\u00f3n con una clienta frecuente y \u00abno tiene nada que ver de c\u00f3mo se ha vendido, aunque es verdad que yo me expreso fatal en much\u00edsimas ocasiones\u00bb, se justificaba.\u00a0<\/p>\n<p>El tiempo ha conseguido calmar las aguas y Paola asegura que actualmente la relaci\u00f3n con Carmen es \u00abcordial\u00bb. \u00abSi yo necesito algo, <strong>ella siempre est\u00e1 ah\u00ed para ejercer de abuela<\/strong>. No necesitamos tener otra relaci\u00f3n porque ya no somos familia\u00bb, aclaraba.<\/p>\n<p><img loading=\"lazy\" decoding=\"async\"   src=\"https:\/\/www.europesays.com\/es\/wp-content\/uploads\/2025\/12\/terelu-campos-carmen-borrego-jose-carlos_3f557b32_251220075304_1200x800.webp.webp\" alt=\"Terelu Campos, Carmen Borrego, Jos\u00e9 Carlos\" class=\"lazyload\" width=\"1200\" height=\"800\" data-aspectratio=\"1200\/800\"\/><\/p>\n<p>Tanto Carmen Borrego como Terelu han conseguido llegar a un entendimiento con Paola tras los pol\u00e9micos audios<\/p>\n<p>&#13;Gtres<br \/>\nLa jugarreta de Jos\u00e9 Mar\u00eda Almoguera con su madre<\/p>\n<p>Paola tambi\u00e9n ha hablado sobre el distanciamiento entre Carmen y Jos\u00e9 Mar\u00eda. Y es que cabe recordar que tras el nacimiento del beb\u00e9, la colaboradora recibi\u00f3 una direcci\u00f3n falsa y no pudo conocer a su nieto.\u00a0\u00ab<strong>Fue idea de \u00e9l por la desconfianza que ten\u00eda, nada m\u00e1s<\/strong>. A m\u00ed me era indiferente\u00bb, ha desvelado Paola. Una aut\u00e9ntica jugarreta que a Carmen le produjo un enorme dolor.<\/p>\n<p>La argentina ha querido dejar constancia de que fue ella quien propici\u00f3 un acercamiento al enviarle\u00a0una imagen de su nieto. \u00ab<strong>Fui\u00a0yo la que empez\u00f3 a hablarle a Carmen para que viera a su nieto, no su hijo. Jos\u00e9 siempre negaba fotos<\/strong>\u00ab, recordaba. \u00abCreo que, de la misma forma que mi madre tiene todo el derecho de estar con su nieto, ella tambi\u00e9n (&#8230;) <strong>Con Carmen no tengo ning\u00fan problema<\/strong>. La guerra no es m\u00eda\u00bb.<\/p>\n<p><img loading=\"lazy\" decoding=\"async\"   src=\"https:\/\/www.europesays.com\/es\/wp-content\/uploads\/2025\/12\/jose-maria-almoguera_374b11ab_251220075331_1200x1800.webp.webp\" alt=\"Jos\u00e9 Mar\u00eda Almoguera\" class=\"lazyload\" width=\"1200\" height=\"1800\" data-aspectratio=\"1200\/1800\"\/>&#13;Gtres<\/p>\n<p>A pesar de eso, siente que ha estado en medio de la madre y el hijo durante todo este tiempo. \u00abA m\u00ed me dice una cosa y a su madre le dice otra. Carmen no tiene la culpa de nada. Incluso que se ha dicho mucho tiene que ver con la separaci\u00f3n y tal. <strong>Carmen no tiene nada que ver con mi separaci\u00f3n<\/strong>\u00ab, ha zanjado.<\/p>\n<p>Paola Olmedo habla de Mar\u00eda &#8216;la jerezana&#8217;\u00a0<\/p>\n<p>Antes de terminar la entrevista en &#8216;\u00a1De Viernes!\u00a1, Paola Olmedo tambi\u00e9n ha tenido unas palabras para Mar\u00eda &#8216;la jerezana&#8217;, actual novia de Jos\u00e9 Mar\u00eda. \u00abYo era muy diferente a Mar\u00eda. A ella le gusta esto&#8230; Puede que ahora le vaya mejor cuando dos personas est\u00e1n de acuerdo en lo mismo. Obviamente, hay mejor entendimiento (&#8230;) \u00c9l necesitaba coger ese impulso y se ha decidido y tiene un apoyo al lado suyo. Para m\u00ed, es un apoyo para \u00e9l\u00bb.\u00a0<\/p>\n","protected":false},"excerpt":{"rendered":"En v\u00edsperas de la Navidad y cuando todo parec\u00eda en calma entre Jos\u00e9 Mar\u00eda Almoguera y la madre&hellip;\n","protected":false},"author":2,"featured_media":297656,"comment_status":"","ping_status":"","sticky":false,"template":"","format":"standard","meta":{"footnotes":""},"categories":[91],"tags":[146,147,25,24,23],"class_list":{"0":"post-297655","1":"post","2":"type-post","3":"status-publish","4":"format-standard","5":"has-post-thumbnail","7":"category-entretenimiento","8":"tag-entertainment","9":"tag-entretenimiento","10":"tag-es","11":"tag-espana","12":"tag-spain"},"share_on_mastodon":{"url":"https:\/\/pubeurope.com\/@es\/115751270394425953","error":""},"_links":{"self":[{"href":"https:\/\/www.europesays.com\/es\/wp-json\/wp\/v2\/posts\/297655","targetHints":{"allow":["GET"]}}],"collection":[{"href":"https:\/\/www.europesays.com\/es\/wp-json\/wp\/v2\/posts"}],"about":[{"href":"https:\/\/www.europesays.com\/es\/wp-json\/wp\/v2\/types\/post"}],"author":[{"embeddable":true,"href":"https:\/\/www.europesays.com\/es\/wp-json\/wp\/v2\/users\/2"}],"replies":[{"embeddable":true,"href":"https:\/\/www.europesays.com\/es\/wp-json\/wp\/v2\/comments?post=297655"}],"version-history":[{"count":0,"href":"https:\/\/www.europesays.com\/es\/wp-json\/wp\/v2\/posts\/297655\/revisions"}],"wp:featuredmedia":[{"embeddable":true,"href":"https:\/\/www.europesays.com\/es\/wp-json\/wp\/v2\/media\/297656"}],"wp:attachment":[{"href":"https:\/\/www.europesays.com\/es\/wp-json\/wp\/v2\/media?parent=297655"}],"wp:term":[{"taxonomy":"category","embeddable":true,"href":"https:\/\/www.europesays.com\/es\/wp-json\/wp\/v2\/categories?post=297655"},{"taxonomy":"post_tag","embeddable":true,"href":"https:\/\/www.europesays.com\/es\/wp-json\/wp\/v2\/tags?post=297655"}],"curies":[{"name":"wp","href":"https:\/\/api.w.org\/{rel}","templated":true}]}}