{"id":297661,"date":"2025-12-20T09:51:09","date_gmt":"2025-12-20T09:51:09","guid":{"rendered":"https:\/\/www.europesays.com\/es\/297661\/"},"modified":"2025-12-20T09:51:09","modified_gmt":"2025-12-20T09:51:09","slug":"la-ue-recurre-a-la-deuda-comun-para-ayudar-a-ucrania","status":"publish","type":"post","link":"https:\/\/www.europesays.com\/es\/297661\/","title":{"rendered":"La UE recurre a la deuda com\u00fan para ayudar a Ucrania"},"content":{"rendered":"<p data-gtm-element-container=\"modulo-texto-link\" class=\"paragraph\">El primer ministro belga, Bart de Wever, era el hombre m\u00e1s satisfecho saliendo de madrugada del Consejo Europeo. Despu\u00e9s de una enorme presi\u00f3n tanto de la Comisi\u00f3n Europea como de ciertas importantes capitales \u2013especialmente Berl\u00edn\u2013, el nacionalista flamenco termin\u00f3 resistiendo y frenando la idea de usar los activos rusos congelados en Europa para entregarlos a Ucrania.<\/p>\n<p data-gtm-element-container=\"modulo-texto-link\" class=\"paragraph\">Ni las advertencias del ucraniano Volod\u00edmir Zelenski, ni la insistencia del alem\u00e1n Friedrich Merz ni los incansables esfuerzos del equipo de la presidenta Ursula von der Leyen. Despu\u00e9s de m\u00e1s de diecis\u00e9is horas de negociaciones, la UE acord\u00f3 durante la madrugada que no hab\u00eda manera de llegar a un consenso sobre un pr\u00e9stamo a trav\u00e9s de los activos rusos y era hora de pasar al plan B. Al final, financiar\u00e1n a Ucrania durante los dos pr\u00f3ximos a\u00f1os con un cr\u00e9dito de 90.000 millones de euros, pero utilizando eurobonos avalados por el presupuesto comunitario.<\/p>\n<p>Los activos rusos seguir\u00e1n inmovilizados y ser\u00e1n la \u00faltima garant\u00eda detr\u00e1s de la nueva propuesta<\/p>\n<p data-gtm-element-container=\"modulo-texto-link\" class=\"paragraph\">\u201cEs casi una combinaci\u00f3n de los dos modelos. Lo importante es que la necesidad urgente de financiar a Ucrania ahora est\u00e1 garantizada para los pr\u00f3ximos dos a\u00f1os\u201d, sostuvo la primera ministra danesa, Mette Frederiksen, que cierra as\u00ed su presidencia de la UE. \u201c\u00bfEstoy completamente satisfecho? No. Pero siempre es mejor tener un pedazo de algo que nada\u201d, reconoci\u00f3 el polaco Donald Tusk.<\/p>\n<p data-gtm-element-container=\"modulo-texto-link\" class=\"paragraph\">En sus valoraciones, los l\u00edderes se esforzaron en defender el resultado, porque asegura las necesidades financieras de Ucrania para los pr\u00f3ximos dos a\u00f1os, que era el principal objetivo de esta cumbre. Sin embargo, pese al evidente \u00e9xito que supone movilizar 90.000 millones, lo innegable es que la conclusi\u00f3n tambi\u00e9n representa un fracaso debido al relato que la Comisi\u00f3n Europea y la gran parte de los mandatarios de los Veintisiete han promovido durante los \u00faltimos meses. Hasta el \u00faltimo momento, el equipo del Ejecutivo comunitario reiteraba que su opci\u00f3n era utilizar los activos rusos porque era tambi\u00e9n la opci\u00f3n moralmente m\u00e1s justa.<\/p>\n<p>    Lee tambi\u00e9n<\/p>\n<p data-gtm-element-container=\"modulo-texto-link\" class=\"paragraph\">Ahora, Ucrania recibir\u00e1 este pr\u00e9stamo de 90.000 millones de euros \u2013sin intereses\u2013 que los estados miembros recaudar\u00e1n emitiendo deuda conjunta con aval al margen del presupuesto com\u00fan de la UE (que ser\u00e1 quien pagar\u00e1 los intereses) y, en \u00faltimo lugar, les respaldar\u00e1n los activos inmovilizados rusos. Porque, seg\u00fan lo aprobado, Kyiv no tendr\u00e1 que devolver este pr\u00e9stamo hasta que Rusia haya pagado las reparaciones de guerra. Hasta entonces, estos activos permanecer\u00e1n \u201cinmovilizados\u201d y la UE \u201cse reserva el derecho de usarlos para repagar el pr\u00e9stamo, de acuerdo con la ley europea e internacional\u201d. Todo, mientras el Consejo pide \u201ccontinuar trabajando en los aspectos t\u00e9cnicos y legales\u201d del pr\u00e9stamo usando los activos rusos, algo sin mucho m\u00e1s recorrido.<\/p>\n<p data-gtm-element-container=\"modulo-texto-link\" class=\"paragraph\">El precio ha sido prometer a tres pa\u00edses amigos del Kremlin \u2013Hungr\u00eda, Eslovaquia y, ahora, la Rep\u00fablica Checa\u2013 que ellos quedan fuera de este esquema, que tendr\u00e1n un tratamiento legal especial para no tener que responder de estos activos rusos. Lo hicieron en base al art\u00edculo 20 del tratado de la UE sobre \u201ccooperaci\u00f3n reforzada\u201d, que permite la formaci\u00f3n de equipos de trabajo.<\/p>\n<p>El belga De Wever y la italiana Meloni se salen con la suya, mientras que Merz aparece derrotado<\/p>\n<p data-gtm-element-container=\"modulo-texto-link\" class=\"paragraph\">Esta ha sido la clave de lograr el acuerdo, porque para emitir deuda conjunta se requer\u00eda la unanimidad de los Veintisiete, y era la \u00fanica manera de lograr que estos tres pa\u00edses se subieran a bordo. \u201cHungr\u00eda est\u00e1 totalmente fuera de este acuerdo\u201d, sostuvo el primer ministro h\u00fangaro, Viktor Orb\u00e1n, el mejor amigo de Vlad\u00edmir Putin en el continente. \u201cPara m\u00ed es una decisi\u00f3n extremadamente mala que acerca a Europa a la guerra (&#8230;). Hay una cl\u00e1usula de exclusi\u00f3n voluntaria para nosotros y somos inocentes\u201d, protest\u00f3.<\/p>\n<p data-gtm-element-container=\"modulo-texto-link\" class=\"paragraph\">Todo se precipit\u00f3 despu\u00e9s de que durante todo el d\u00eda los t\u00e9cnicos comunitarios y los belgas negociaran un texto de conclusiones que pudiera satisfacer las demandas de B\u00e9lgica. Principalmente, el primer ministro, Bart de Wever, reclamaba que los riesgos fueran compartidos y que el resto de pa\u00edses comunitarios firmasen un cheque en blanco para proteger y sostener a su pa\u00eds de cualquier tipo de represalia de Mosc\u00fa. Pero cuando este nuevo borrador apareci\u00f3 en la mesa del resto de l\u00edderes fue evidente que no hab\u00eda consenso. Seg\u00fan ha podido saber este diario, gran parte de los pa\u00edses no vieron claro tener que firmar estas garant\u00edas ilimitadas.<\/p>\n<p>El precio ha sido excluir a Hungr\u00eda, Eslovaquia y la Rep\u00fablica Checa de cualquier responsabilidad<\/p>\n<p data-gtm-element-container=\"modulo-texto-link\" class=\"paragraph\">Fue entonces cuando una idea que flotaba en el ambiente en las \u00faltimas horas fue recuperada del estante. \u00bfY si no hiciera falta que Orb\u00e1n y los suyos est\u00e9n de acuerdo? \u00bfY si bastaba solo prometerles que no tendr\u00e1n que responder con garant\u00edas? Al final, los intereses del pr\u00e9stamo se pagar\u00e1n con los intereses del presupuesto comunitario. Cuando qued\u00f3 claro que Budapest se iba a subir a este tren, el equipo negociador recuper\u00f3 la idea de la deuda com\u00fan, que hasta ahora hab\u00eda sido un tab\u00fa. Pasadas las tres de la madrugada llegaba la fumata blanca, con Francia e Italia como instigadoras de esta v\u00eda. La primera ministra italiana, Giorgia Meloni, cr\u00edtica con el plan de los activos y con buena relaci\u00f3n con su hom\u00f3logo h\u00fangaro, ha sido clave al potenciar esta salida. Es otra de las ganadoras de la noche, tras haber tambi\u00e9n retrasado la firma del acuerdo comercial con el Mercosur.<\/p>\n<p data-gtm-element-container=\"modulo-texto-link\" class=\"paragraph\">Si el flamenco De Wever puede celebrar ser el gran triunfador de la noche al resistir la presi\u00f3n por todos los frentes, uno de los grandes perdedores es sin duda el canciller alem\u00e1n, Friedrich Merz, que hab\u00eda invertido un enorme capital pol\u00edtico en el uso de los activos rusos y que se hab\u00eda opuesto a la deuda conjunta desde el prin\u00adcipio.<\/p>\n<p data-gtm-element-container=\"modulo-texto-link\" class=\"paragraph\">\u201cAl final ha pasado, como sab\u00eda que pasar\u00eda, que hab\u00eda muchos m\u00e1s pa\u00edses cr\u00edticos con los aspectos financieros. No hay dinero gratis en el mundo. Si coges dinero de Putin, est\u00e1s expuesto\u201d, resumi\u00f3 De Wever, que se\u00f1al\u00f3 la presi\u00f3n p\u00fablica de Alemania, Polonia y los n\u00f3rdicos como un error que llev\u00f3 a la falsa percepci\u00f3n de que la \u00fanica salida eran los activos.<\/p>\n","protected":false},"excerpt":{"rendered":"El primer ministro belga, Bart de Wever, era el hombre m\u00e1s satisfecho saliendo de madrugada del Consejo Europeo.&hellip;\n","protected":false},"author":2,"featured_media":297662,"comment_status":"","ping_status":"","sticky":false,"template":"","format":"standard","meta":{"footnotes":""},"categories":[42],"tags":[17,18,13,14,11,61,62,63,64,19,20,9,10,15,16,12,21,22,65,66,67],"class_list":{"0":"post-297661","1":"post","2":"type-post","3":"status-publish","4":"format-standard","5":"has-post-thumbnail","7":"category-internacional","8":"tag-breaking-news","9":"tag-breakingnews","10":"tag-featured-news","11":"tag-featurednews","12":"tag-headlines","13":"tag-internacional","14":"tag-international","15":"tag-international-news","16":"tag-internationalnews","17":"tag-latest-news","18":"tag-latestnews","19":"tag-news","20":"tag-noticias","21":"tag-noticias-destacadas","22":"tag-noticiasdestacadas","23":"tag-titulares","24":"tag-ultimas-noticias","25":"tag-ultimasnoticias","26":"tag-world","27":"tag-world-news","28":"tag-worldnews"},"share_on_mastodon":{"url":"https:\/\/pubeurope.com\/@es\/115751281317196712","error":""},"_links":{"self":[{"href":"https:\/\/www.europesays.com\/es\/wp-json\/wp\/v2\/posts\/297661","targetHints":{"allow":["GET"]}}],"collection":[{"href":"https:\/\/www.europesays.com\/es\/wp-json\/wp\/v2\/posts"}],"about":[{"href":"https:\/\/www.europesays.com\/es\/wp-json\/wp\/v2\/types\/post"}],"author":[{"embeddable":true,"href":"https:\/\/www.europesays.com\/es\/wp-json\/wp\/v2\/users\/2"}],"replies":[{"embeddable":true,"href":"https:\/\/www.europesays.com\/es\/wp-json\/wp\/v2\/comments?post=297661"}],"version-history":[{"count":0,"href":"https:\/\/www.europesays.com\/es\/wp-json\/wp\/v2\/posts\/297661\/revisions"}],"wp:featuredmedia":[{"embeddable":true,"href":"https:\/\/www.europesays.com\/es\/wp-json\/wp\/v2\/media\/297662"}],"wp:attachment":[{"href":"https:\/\/www.europesays.com\/es\/wp-json\/wp\/v2\/media?parent=297661"}],"wp:term":[{"taxonomy":"category","embeddable":true,"href":"https:\/\/www.europesays.com\/es\/wp-json\/wp\/v2\/categories?post=297661"},{"taxonomy":"post_tag","embeddable":true,"href":"https:\/\/www.europesays.com\/es\/wp-json\/wp\/v2\/tags?post=297661"}],"curies":[{"name":"wp","href":"https:\/\/api.w.org\/{rel}","templated":true}]}}