{"id":297663,"date":"2025-12-20T09:52:11","date_gmt":"2025-12-20T09:52:11","guid":{"rendered":"https:\/\/www.europesays.com\/es\/297663\/"},"modified":"2025-12-20T09:52:11","modified_gmt":"2025-12-20T09:52:11","slug":"la-comunidad-de-madrid-invierte-287-millones-en-el-mantenimiento-de-las-infraestructuras-de-metro","status":"publish","type":"post","link":"https:\/\/www.europesays.com\/es\/297663\/","title":{"rendered":"La Comunidad de Madrid invierte 28,7 millones en el mantenimiento de las infraestructuras de Metro"},"content":{"rendered":"<p>As\u00ed, uno de ellos contempla los trabajos sobre las l\u00edneas 5 y 7 y el recinto de Canillejas; otro la l\u00ednea 3 y 12; un tercero para la 9 y 10; el Ramal \u00d3pera \u2013 Pr\u00edncipe P\u00edo est\u00e1 emparejado a la 1 y 2; por otra parte, la 4, 8 y Metro Ligero 1; y, por \u00faltimo, la 6 y 11.<\/p>\n<p>Este proyecto incluye las actividades destinadas a la conservaci\u00f3n de infraestructuras claves para el buen funcionamiento de Metro, como t\u00faneles, dep\u00f3sitos, cocheras y estaciones. As\u00ed, estas labores se planifican para actuar de forma preventiva y correctiva, contemplando tambi\u00e9n tareas relacionadas con alba\u00f1iler\u00eda, canter\u00eda, cerrajer\u00eda, cristaler\u00eda, pintura, fontaner\u00eda, saneamiento, impermeabilizaciones o pocer\u00eda, entre otras.<\/p>\n<p>El correcto manteamiento de las instalaciones es una de las prioridades del plan de acci\u00f3n, ya que resulta determinante para reducir el n\u00famero de incidencias que afectan a la circulaci\u00f3n y, por tanto, a la experiencia de los viajeros. A trav\u00e9s de estas actuaciones, la Comunidad de Madrid refuerza su compromiso con un transporte p\u00fablico eficiente y seguro, que cada a\u00f1o se consolida como la opci\u00f3n m\u00e1s demandada por los usuarios para sus desplazamientos cotidianos.<\/p>\n<p>Adem\u00e1s, el Consejo de Gobierno ha conocido la propuesta de adjudicaci\u00f3n de los contratos para el suministro de gas natural en los recintos de Metro de Madrid y Metro Ligero. En este caso, en total, la inversi\u00f3n supera los 7,7 millones de euros.<\/p>\n","protected":false},"excerpt":{"rendered":"As\u00ed, uno de ellos contempla los trabajos sobre las l\u00edneas 5 y 7 y el recinto de Canillejas;&hellip;\n","protected":false},"author":2,"featured_media":297664,"comment_status":"","ping_status":"","sticky":false,"template":"","format":"standard","meta":{"footnotes":""},"categories":[8],"tags":[17,18,25,24,13,14,11,19,20,9,10,15,16,23,12,21,22],"class_list":{"0":"post-297663","1":"post","2":"type-post","3":"status-publish","4":"format-standard","5":"has-post-thumbnail","7":"category-espana","8":"tag-breaking-news","9":"tag-breakingnews","10":"tag-es","11":"tag-espana","12":"tag-featured-news","13":"tag-featurednews","14":"tag-headlines","15":"tag-latest-news","16":"tag-latestnews","17":"tag-news","18":"tag-noticias","19":"tag-noticias-destacadas","20":"tag-noticiasdestacadas","21":"tag-spain","22":"tag-titulares","23":"tag-ultimas-noticias","24":"tag-ultimasnoticias"},"share_on_mastodon":{"url":"https:\/\/pubeurope.com\/@es\/115751285109628688","error":""},"_links":{"self":[{"href":"https:\/\/www.europesays.com\/es\/wp-json\/wp\/v2\/posts\/297663","targetHints":{"allow":["GET"]}}],"collection":[{"href":"https:\/\/www.europesays.com\/es\/wp-json\/wp\/v2\/posts"}],"about":[{"href":"https:\/\/www.europesays.com\/es\/wp-json\/wp\/v2\/types\/post"}],"author":[{"embeddable":true,"href":"https:\/\/www.europesays.com\/es\/wp-json\/wp\/v2\/users\/2"}],"replies":[{"embeddable":true,"href":"https:\/\/www.europesays.com\/es\/wp-json\/wp\/v2\/comments?post=297663"}],"version-history":[{"count":0,"href":"https:\/\/www.europesays.com\/es\/wp-json\/wp\/v2\/posts\/297663\/revisions"}],"wp:featuredmedia":[{"embeddable":true,"href":"https:\/\/www.europesays.com\/es\/wp-json\/wp\/v2\/media\/297664"}],"wp:attachment":[{"href":"https:\/\/www.europesays.com\/es\/wp-json\/wp\/v2\/media?parent=297663"}],"wp:term":[{"taxonomy":"category","embeddable":true,"href":"https:\/\/www.europesays.com\/es\/wp-json\/wp\/v2\/categories?post=297663"},{"taxonomy":"post_tag","embeddable":true,"href":"https:\/\/www.europesays.com\/es\/wp-json\/wp\/v2\/tags?post=297663"}],"curies":[{"name":"wp","href":"https:\/\/api.w.org\/{rel}","templated":true}]}}