{"id":297665,"date":"2025-12-20T10:03:06","date_gmt":"2025-12-20T10:03:06","guid":{"rendered":"https:\/\/www.europesays.com\/es\/297665\/"},"modified":"2025-12-20T10:03:06","modified_gmt":"2025-12-20T10:03:06","slug":"el-decia-por-lo-que-cobra-mi-tio-que-siga","status":"publish","type":"post","link":"https:\/\/www.europesays.com\/es\/297665\/","title":{"rendered":"\u00c9l dec\u00eda &#8216;por lo que cobra mi t\u00edo, que siga"},"content":{"rendered":"<p class=\"c-paragraph\">La inesperada ruptura entre <a href=\"https:\/\/www.20minutos.es\/tags\/deportes\/carlos-alcaraz.html\" title=\"Carlos Alcaraz\" rel=\"nofollow noopener\" target=\"_blank\">Carlos Alcaraz<\/a> y <a href=\"https:\/\/www.20minutos.es\/tags\/deportes\/juan-carlos-ferrero.html\" title=\"Juan Carlos Ferrero\" rel=\"nofollow noopener\" target=\"_blank\">Juan Carlos Ferrero<\/a><b> ha sacudido el panorama del tenis mundial. <\/b>Ambos se expresaron a trav\u00e9s de las redes sociales, pero se desconocen cu\u00e1l es la verdadera causa de esa separaci\u00f3n.<\/p>\n<p class=\"c-paragraph\">Sobre ello habl\u00f3 este jueves en El Larguero\u00a0<a href=\"https:\/\/www.20minutos.es\/tags\/deportes\/toni-nadal.html\" title=\"Toni Nadal\" rel=\"nofollow noopener\" target=\"_blank\">Toni Nadal<\/a>, quien adem\u00e1s desvel\u00f3 que durante su etapa como entrenador de su sobrino Rafa<b> \u00abno cobraba\u00bb por sus servicios.<\/b><\/p>\n<p class=\"c-paragraph\">El preparador cree que <b>\u00abel problema no es ten\u00edstico porque los resultados han sido impecables\u00bb<\/b>, por lo que \u00abser\u00e1 un tema contractual o personal, porque Carlos ya no es Carlitos&#8230;\u00bb.<\/p>\n<p class=\"c-paragraph\">Para tratar el tema, Toni Nadal tir\u00f3 de su experiencia y asegur\u00f3 que nunca ha cobrado nada como entrenador de su sobrino, pero con una condici\u00f3n: \u00abEl que paga manda. <b>Como nunca he cobrado nada como entrenador de Rafa, le pod\u00eda decir lo que quer\u00eda<\/b>\u00ab.<\/p>\n<p class=\"c-paragraph\">Ante la afirmaci\u00f3n de Manu Carre\u00f1o de que le sali\u00f3 barato a Rafa Nadal, Toni a\u00f1adi\u00f3 entre risas: \u00ab<b>Por eso estuve tanto tiempo. <\/b>Nosotros somos medio catalanes. Rafael dec\u00eda &#8216;por lo que cobra mi t\u00edo, que siga\u00bb.<\/p>\n<p class=\"c-paragraph\">Toni insisti\u00f3 en que esa circunstancia le permiti\u00f3 exigir sin filtros y sin miedo a las consecuencias, pues \u00e9l cree que<b> \u00ablos tenistas\u00a0necesitan alguien que les diga las cosas que otros no se atreven a decirles\u00bb.<\/b><\/p>\n<p class=\"c-paragraph\">Aun as\u00ed, confes\u00f3 su admiraci\u00f3n por el trabajo de Ferrero, de quien cree que \u00abactuaba correctamente\u00bb, aunque \u00ab<b>por muy entrenador que seas, con adultos ya no toca imponer\u2026 <\/b>es igual que ser padre\u00bb.<\/p>\n","protected":false},"excerpt":{"rendered":"La inesperada ruptura entre Carlos Alcaraz y Juan Carlos Ferrero ha sacudido el panorama del tenis mundial. Ambos&hellip;\n","protected":false},"author":2,"featured_media":297666,"comment_status":"","ping_status":"","sticky":false,"template":"","format":"standard","meta":{"footnotes":""},"categories":[274],"tags":[168,4083,25,24,3489,689,2074,23,167,327,326,19182],"class_list":{"0":"post-297665","1":"post","2":"type-post","3":"status-publish","4":"format-standard","5":"has-post-thumbnail","7":"category-tenis","8":"tag-deportes","9":"tag-desvela","10":"tag-es","11":"tag-espana","12":"tag-nadal","13":"tag-no","14":"tag-que","15":"tag-spain","16":"tag-sports","17":"tag-tenis","18":"tag-tennis","19":"tag-toni"},"share_on_mastodon":{"url":"https:\/\/pubeurope.com\/@es\/115751328426453372","error":""},"_links":{"self":[{"href":"https:\/\/www.europesays.com\/es\/wp-json\/wp\/v2\/posts\/297665","targetHints":{"allow":["GET"]}}],"collection":[{"href":"https:\/\/www.europesays.com\/es\/wp-json\/wp\/v2\/posts"}],"about":[{"href":"https:\/\/www.europesays.com\/es\/wp-json\/wp\/v2\/types\/post"}],"author":[{"embeddable":true,"href":"https:\/\/www.europesays.com\/es\/wp-json\/wp\/v2\/users\/2"}],"replies":[{"embeddable":true,"href":"https:\/\/www.europesays.com\/es\/wp-json\/wp\/v2\/comments?post=297665"}],"version-history":[{"count":0,"href":"https:\/\/www.europesays.com\/es\/wp-json\/wp\/v2\/posts\/297665\/revisions"}],"wp:featuredmedia":[{"embeddable":true,"href":"https:\/\/www.europesays.com\/es\/wp-json\/wp\/v2\/media\/297666"}],"wp:attachment":[{"href":"https:\/\/www.europesays.com\/es\/wp-json\/wp\/v2\/media?parent=297665"}],"wp:term":[{"taxonomy":"category","embeddable":true,"href":"https:\/\/www.europesays.com\/es\/wp-json\/wp\/v2\/categories?post=297665"},{"taxonomy":"post_tag","embeddable":true,"href":"https:\/\/www.europesays.com\/es\/wp-json\/wp\/v2\/tags?post=297665"}],"curies":[{"name":"wp","href":"https:\/\/api.w.org\/{rel}","templated":true}]}}