{"id":297683,"date":"2025-12-20T10:15:18","date_gmt":"2025-12-20T10:15:18","guid":{"rendered":"https:\/\/www.europesays.com\/es\/297683\/"},"modified":"2025-12-20T10:15:18","modified_gmt":"2025-12-20T10:15:18","slug":"vitamina-d-para-que-sirve-como-obtenerla-y-cuales-son-los-peligros-de-un-deficit-o-un-exceso-segun-expertos","status":"publish","type":"post","link":"https:\/\/www.europesays.com\/es\/297683\/","title":{"rendered":"Vitamina D: para qu\u00e9 sirve, c\u00f3mo obtenerla y cu\u00e1les son los peligros de un d\u00e9ficit o un exceso, seg\u00fan expertos"},"content":{"rendered":"<p><img alt=\"La vitamina D es esencial\" class=\"global-image\" decoding=\"async\" fetchpriority=\"high\" height=\"816\" loading=\"eager\" src=\"https:\/\/www.europesays.com\/es\/wp-content\/uploads\/2025\/12\/UOOMJCXWCBCN5PBO33APZSXPLY.jpg\" width=\"1456\"\/>La vitamina D es esencial para la salud \u00f3sea, el sistema inmunol\u00f3gico y el funcionamiento nervioso en todas las etapas de la vida (Imagen Ilustrativa Infobae)<\/p>\n<p class=\"paragraph\">La <a href=\"https:\/\/www.infobae.com\/salud\/2025\/12\/10\/vitamina-d-por-que-los-expertos-aseguran-que-la-d3-es-mucho-mas-eficaz-que-la-d2\/\" target=\"_blank\" rel=\"noreferrer nofollow noopener\" title=\"https:\/\/www.infobae.com\/salud\/2025\/12\/10\/vitamina-d-por-que-los-expertos-aseguran-que-la-d3-es-mucho-mas-eficaz-que-la-d2\/\"><b>vitamina D<\/b><\/a> <b>es esencial para la salud humana<\/b>, pues interviene en funciones clave como el fortalecimiento de huesos y dientes, el funcionamiento del sistema inmunol\u00f3gico y nervioso, y la posible regulaci\u00f3n del estado de \u00e1nimo. <\/p>\n<p class=\"paragraph\">Tanto la deficiencia como <b>el exceso de este nutriente pueden generar consecuencias grave<\/b>s, lo que impulsa un creciente inter\u00e9s en la suplementaci\u00f3n y en las recomendaciones para su consumo, seg\u00fan destaca Verywell Health.<\/p>\n<p class=\"paragraph\">La vitamina D participa en la absorci\u00f3n y retenci\u00f3n de calcio y f\u00f3sforo, minerales imprescindibles para el desarrollo y mantenimiento de huesos y dientes fuertes. <b>La insuficiencia de este nutriente puede provocar una disminuci\u00f3n de densidad \u00f3sea y aumentar el riesgo de osteoporosis y fracturas. <\/b><\/p>\n<p><img alt=\"La deficiencia de vitamina D\" class=\"global-image\" decoding=\"async\" fetchpriority=\"low\" height=\"1281\" loading=\"lazy\" src=\"https:\/\/www.europesays.com\/es\/wp-content\/uploads\/2025\/12\/YL4XVDSE6FE4NDEU6FVCZWOGM4.jpg\" width=\"1920\"\/>La deficiencia de vitamina D puede provocar osteoporosis, fracturas, debilidad muscular, fatiga y deterioro cognitivo<\/p>\n<p class=\"paragraph\">Adem\u00e1s, la vitamina D resulta necesaria para la transmisi\u00f3n de se\u00f1ales nerviosas entre el cerebro y el resto del cuerpo, y es fundamental para el desarrollo adecuado del sistema nervioso desde la etapa fetal.<\/p>\n<p class=\"paragraph\"><b>En el sistema inmunol\u00f3gico, contribuye a combatir bacterias y virus<\/b>, favoreciendo una respuesta defensiva eficiente. Diversos estudios sugieren que este nutriente puede influir en la salud mental: la suplementaci\u00f3n ha mostrado beneficios en personas con trastorno depresivo mayor y deficiencia de vitamina D. <\/p>\n<p class=\"paragraph\"><b>El cuerpo produce vitamina D principalmente a trav\u00e9s de la exposici\u00f3n directa de la piel a la luz solar<\/b>,<b> <\/b>report\u00f3 Harvard Health. Factores como la estaci\u00f3n del a\u00f1o, el uso de protectores solares y la latitud pueden limitar esta s\u00edntesis, especialmente durante el invierno. <\/p>\n<p class=\"paragraph\">Por esta raz\u00f3n, la dieta adquiere importancia. Los alimentos ricos en vitamina D incluyen <b>pescados grasos como at\u00fan, salm\u00f3n y caballa, hongos, yemas de huevo, queso, productos l\u00e1cteos, algunos cereales y jugos de naranja enriquecidos.<\/b><\/p>\n<p><img alt=\"Los alimentos ricos en vitamina\" class=\"global-image\" decoding=\"async\" fetchpriority=\"low\" height=\"1024\" loading=\"lazy\" src=\"https:\/\/www.europesays.com\/es\/wp-content\/uploads\/2025\/12\/RMBCLG4BJBAQPGSCMFQA3OU65Q.png\" width=\"1536\"\/>Los alimentos ricos en vitamina D incluyen pescados grasos, hongos, yemas de huevo, l\u00e1cteos y productos enriquecidos (Imagen ilustrativa infobae)<\/p>\n<p class=\"paragraph\">La deficiencia de vitamina D resulta frecuente y muchas veces no presenta s\u00edntomas evidentes. Cuando los s\u00edntomas aparecen, pueden incluir <b>dolor muscular, debilidad, fatiga, problemas dentales, dolor \u00f3seo, depresi\u00f3n y deterioro cognitivo. <\/b><\/p>\n<p class=\"paragraph\">Los grupos con mayor riesgo de deficiencia son quienes se han sometido a cirug\u00eda de <b>bypass g\u00e1strico o padecen enfermedad cel\u00edaca, osteoporosis, trastornos renales o hep\u00e1ticos cr\u00f3nicos, enfermedad de Crohn, sarcoidosis, histoplasmosis, tuberculosis o hiperparatiroidismo. <\/b><\/p>\n<p class=\"paragraph\">Las recomendaciones diarias de vitamina D var\u00edan seg\u00fan la edad y el estado fisiol\u00f3gico. Para lactantes hasta los 12 meses se sugieren 400 UI (10 mcg) al d\u00eda; para ni\u00f1os y adolescentes de uno a 18 a\u00f1os, 600 UI (15 mcg); adultos de 19 a 70 a\u00f1os, 600 UI (15 mcg); mayores de 70 a\u00f1os, 800 UI (20 mcg), y personas embarazadas o en periodo de lactancia, 600 UI (15 mcg). <\/p>\n<p class=\"paragraph\">Un an\u00e1lisis de sangre permite determinar los niveles y, en caso de deficiencia, el profesional de la salud puede indicar la suplementaci\u00f3n adecuada.<\/p>\n<p><img alt=\"Un an\u00e1lisis de sangre permite\" class=\"global-image\" decoding=\"async\" fetchpriority=\"low\" height=\"768\" loading=\"lazy\" src=\"https:\/\/www.europesays.com\/es\/wp-content\/uploads\/2025\/12\/SNLOTR3OUFFS5DZLROZQ62UHB4.png\" width=\"1408\"\/>Un an\u00e1lisis de sangre permite detectar deficiencia de vitamina D y determinar la necesidad de suplementaci\u00f3n bajo supervisi\u00f3n m\u00e9dica (Imagen Ilustrativa Infobae)<\/p>\n<p class=\"paragraph\">Verywell Health recomienda<b> optar por suplementos de <\/b><a href=\"https:\/\/www.infobae.com\/salud\/2025\/12\/10\/vitamina-d-por-que-los-expertos-aseguran-que-la-d3-es-mucho-mas-eficaz-que-la-d2\/\" target=\"_blank\" rel=\"noreferrer nofollow noopener\" title=\"https:\/\/www.infobae.com\/salud\/2025\/12\/10\/vitamina-d-por-que-los-expertos-aseguran-que-la-d3-es-mucho-mas-eficaz-que-la-d2\/\"><b>vitamina D3<\/b><\/a><b>, ya que esta forma favorece un aumento y mantenimiento m\u00e1s eficaz de los niveles en sangre que la D2.<\/b> Los suplementos deben administrarse siguiendo las indicaciones m\u00e9dicas, por lo general de forma diaria o semanal, y preferiblemente junto con alimentos que contengan grasa para mejorar la absorci\u00f3n.<\/p>\n<p class=\"paragraph\">El riesgo de toxicidad por vitamina D derivado de la alimentaci\u00f3n o la exposici\u00f3n solar es bajo, debido a que el organismo controla la producci\u00f3n interna. <\/p>\n<p class=\"paragraph\">Sin embargo, el exceso de suplementos puede producir <b>hipercalcemia, caracterizada por s\u00edntomas como n\u00e1useas, v\u00f3mitos, confusi\u00f3n, debilidad muscular, p\u00e9rdida de apetito, dolor general, sed y micci\u00f3n excesivas, deshidrataci\u00f3n y formaci\u00f3n de c\u00e1lculos renales, <\/b>mencion\u00f3 Harvard Health.<\/p>\n<p><img alt=\"Las arritmias pueden surgir como\" class=\"global-image\" decoding=\"async\" fetchpriority=\"low\" height=\"283\" loading=\"lazy\" src=\"https:\/\/www.europesays.com\/es\/wp-content\/uploads\/2025\/12\/LJRHHYUWTZDPRKT2C5OMPXUWSU.png\" width=\"502\"\/>Las arritmias pueden surgir como resultado de una intoxicaci\u00f3n por suplementos sin supervisi\u00f3n m\u00e9dica (Imagen Ilustrativa Infobae)<\/p>\n<p class=\"paragraph\">En situaciones graves pueden aparecer <b>arritmias, insuficiencia renal o incluso la muerte<\/b>. El principal efecto adverso de la toxicidad es la hipercalcemia, por lo que la suplementaci\u00f3n debe realizarse bajo control m\u00e9dico.<\/p>\n<p class=\"paragraph\">Diversas condiciones de salud como el hiperparatiroidismo, la enfermedad renal o la hipercalcemia requieren consultar al m\u00e9dico antes de iniciar la suplementaci\u00f3n con vitamina D, para evitar posibles complicaciones.<\/p>\n<p><img alt=\"La regulaci\u00f3n de los suplementos\" class=\"global-image\" decoding=\"async\" fetchpriority=\"low\" height=\"816\" loading=\"lazy\" src=\"https:\/\/www.europesays.com\/es\/wp-content\/uploads\/2025\/12\/TSKXH4USE5HUFNRC6ZODWQSPTE.jpg\" width=\"1456\"\/>La regulaci\u00f3n de los suplementos de vitamina D es menos estricta que la de los medicamentos recetados, lo que aumenta los riesgos (Imagen Ilustrativa Infobae)<\/p>\n<p class=\"paragraph\">La selecci\u00f3n de un suplemento de vitamina D debe basarse en la calidad y en la verificaci\u00f3n independiente del producto. Verywell Health recomienda optar por<b> suplementos sometidos a pruebas externas y consultar con un profesional de la salud antes de comenzar su consumo. <\/b><\/p>\n<p class=\"paragraph\">Dado que la regulaci\u00f3n de estos productos es menos estricta que la de los medicamentos recetados, resulta fundamental asegurarse de la autenticidad y seguridad del suplemento para evitar riesgos innecesarios, seg\u00fan destaca Harvard Health.<\/p>\n","protected":false},"excerpt":{"rendered":"La vitamina D es esencial para la salud \u00f3sea, el sistema inmunol\u00f3gico y el funcionamiento nervioso en todas&hellip;\n","protected":false},"author":2,"featured_media":297684,"comment_status":"","ping_status":"","sticky":false,"template":"","format":"standard","meta":{"footnotes":""},"categories":[92],"tags":[70841,22976,70842,3757,70843,43386,70844,8543,70845,6289,25,24,39193,165,15940,3345,8551,22986,70846,16278,6302,3774,70847,70848,166,57401,23,19008,8572,70849],"class_list":{"0":"post-297683","1":"post","2":"type-post","3":"status-publish","4":"format-standard","5":"has-post-thumbnail","7":"category-salud","8":"tag-anatomy","9":"tag-arthritis","10":"tag-backbone","11":"tag-caucasian","12":"tag-chiropractor","13":"tag-diagnosing","14":"tag-discussing","15":"tag-disease","16":"tag-disk","17":"tag-doctor","18":"tag-es","19":"tag-espana","20":"tag-explaining","21":"tag-health","22":"tag-healthcare","23":"tag-hospital","24":"tag-illness","25":"tag-inflammation","26":"tag-intervertebral","27":"tag-manual","28":"tag-medicine","29":"tag-model","30":"tag-osteopath","31":"tag-plastic","32":"tag-salud","33":"tag-section","34":"tag-spain","35":"tag-spine","36":"tag-symptom","37":"tag-therapist"},"share_on_mastodon":{"url":"https:\/\/pubeurope.com\/@es\/115751376200308578","error":""},"_links":{"self":[{"href":"https:\/\/www.europesays.com\/es\/wp-json\/wp\/v2\/posts\/297683","targetHints":{"allow":["GET"]}}],"collection":[{"href":"https:\/\/www.europesays.com\/es\/wp-json\/wp\/v2\/posts"}],"about":[{"href":"https:\/\/www.europesays.com\/es\/wp-json\/wp\/v2\/types\/post"}],"author":[{"embeddable":true,"href":"https:\/\/www.europesays.com\/es\/wp-json\/wp\/v2\/users\/2"}],"replies":[{"embeddable":true,"href":"https:\/\/www.europesays.com\/es\/wp-json\/wp\/v2\/comments?post=297683"}],"version-history":[{"count":0,"href":"https:\/\/www.europesays.com\/es\/wp-json\/wp\/v2\/posts\/297683\/revisions"}],"wp:featuredmedia":[{"embeddable":true,"href":"https:\/\/www.europesays.com\/es\/wp-json\/wp\/v2\/media\/297684"}],"wp:attachment":[{"href":"https:\/\/www.europesays.com\/es\/wp-json\/wp\/v2\/media?parent=297683"}],"wp:term":[{"taxonomy":"category","embeddable":true,"href":"https:\/\/www.europesays.com\/es\/wp-json\/wp\/v2\/categories?post=297683"},{"taxonomy":"post_tag","embeddable":true,"href":"https:\/\/www.europesays.com\/es\/wp-json\/wp\/v2\/tags?post=297683"}],"curies":[{"name":"wp","href":"https:\/\/api.w.org\/{rel}","templated":true}]}}