{"id":297687,"date":"2025-12-20T10:17:30","date_gmt":"2025-12-20T10:17:30","guid":{"rendered":"https:\/\/www.europesays.com\/es\/297687\/"},"modified":"2025-12-20T10:17:30","modified_gmt":"2025-12-20T10:17:30","slug":"mercado-pc-y-smartphones-en-2026-frente-al-desafio-de-las-memorias","status":"publish","type":"post","link":"https:\/\/www.europesays.com\/es\/297687\/","title":{"rendered":"Mercado PC y smartphones en 2026 frente al desaf\u00edo de las memorias"},"content":{"rendered":"<p>A falta de conocer las cifras finales de cierre de ejercicio, se puede decir que <strong>el a\u00f1o 2025 ha sido un buen ejercicio para la industria mundial del PC<\/strong>. La actualizaci\u00f3n a Windows 11 por el <a href=\"https:\/\/www.channelpartner.es\/negocios\/especiales-negocios\/hoy-llega-el-fin-de-soporte-de-windows-10-pero-sigue-habiendo-mucha-actualizacion-pendiente\/\" rel=\"nofollow noopener\" target=\"_blank\">fin de soporte de Windows 10<\/a> (el 14 de octubre de 2025), unido a la aparici\u00f3n de los ordenadores optimizados para ejecutar cargas de inteligencia artificial en local (los llamados AI PC), han sido espoletas de unas ventas que en general han subido <strong>entre un 3% y un 4%<\/strong>, hasta los 273 millones de m\u00e1quinas comercializadas en todo el planeta. Y esas son excelentes noticias para un negocio bastante err\u00e1tico.<\/p>\n<p>Adem\u00e1s, en 2025 se ha recuperado definitivamente la demanda de PC por parte de las familias, que est\u00e1n teniendo que sustituir los equipos adquiridos al principio de la pandemia y que ya cuentan con m\u00e1s recursos disponibles <strong>gracias a la bajada de la inflaci\u00f3n y de los tipos de inter\u00e9s.<\/strong><\/p>\n<p>En Espa\u00f1a, adem\u00e1s,<strong> el sector del PC ha tenido la ayuda del Kit Digital,<\/strong> que en su tramo final incluy\u00f3 la subvenci\u00f3n de ordenadores y ha favorecido la comercializaci\u00f3n de <strong>entre 300.000 y 400.000 equipos<\/strong>, seg\u00fan fuentes del sector.<\/p>\n<p>Y ahora, la pregunta es <strong>qu\u00e9 se puede esperar para 2026 en el \u00e1mbito de la inform\u00e1tica personal.<\/strong> Y se puede decir que el escenario no es claro. Por un lado, <strong>los AI PC seguir\u00e1n ganando atractivo<\/strong> y se espera que la mitad de los equipos que se comercialicen en 2026 sean de este tipo. Adem\u00e1s, todav\u00eda <strong>sigue habiendo base instalada con Windows 10<\/strong> que tendr\u00e1 que ser actualizada, en muchos casos con la compra de nuevos equipos.<\/p>\n<p>Pero tambi\u00e9n hay nubarrones en el horizonte. El principal es <a href=\"https:\/\/www.channelpartner.es\/cloud\/entrevistas\/luis-pires-td-synnex-las-tensiones-en-el-mercado-de-memoria-nos-acompanaran-como-minimo-durante-2026\/\" rel=\"nofollow noopener\" target=\"_blank\">el problema de escasez (y, por lo tanto, subida de precios) de los m\u00f3dulos de memoria<\/a>. Un cuello de botella derivado de que los fabricantes especializados en este tipo de componentes est\u00e1n m\u00e1s interesados en satisfacer la demanda de los grandes centros de datos, al fin y al cabo un negocio m\u00e1s lucrativo. Por todo ello,<strong> los analistas esperan que 2026 no sea tan brillante para el mercado PC como lo fue 2025.<\/strong><\/p>\n<p><strong>Ligera ca\u00edda en smartphones<\/strong><\/p>\n<p>La \u00faltima previsi\u00f3n de ventas de smartphones en todo el mundo durante 2025 de IDC, de principios de diciembre, estableci\u00f3 que el mercado <strong>crecer\u00eda un modesto 1,5% en unidades, hasta los 1.250 millones de aparatos<\/strong>. El buen momento de Apple, con su iPhone 17, unido a la llegada de funcionalidades potenciadas con IA y la expansi\u00f3n del 5G a mercados emergentes, explican esta ligera subida.<\/p>\n<p>Sin embargo, <strong>las previsiones para 2026 apuntan a una ca\u00edda de las ventas<\/strong> (en torno al 1%) debido a un escenario m\u00e1s complicado para esta industria, que tambi\u00e9n sufre problemas de suministro de memorias, que sobre todo afectar\u00e1 a las gamas baja y media de Android, dirigidas a un consumidor m\u00e1s sensible a las subidas de precio. Hay que recordar que el mercado mundial de smartphones viene de un a\u00f1o 2024 que fue muy bueno, con un avance general de las ventas del 6,2%, seg\u00fan IDC, y que <strong>en 2025 y 2026 se mostrar\u00e1 muy estable, y empezar\u00e1 a remontar en 2027<\/strong>.\u00a0\u00a0<\/p>\n","protected":false},"excerpt":{"rendered":"A falta de conocer las cifras finales de cierre de ejercicio, se puede decir que el a\u00f1o 2025&hellip;\n","protected":false},"author":2,"featured_media":8815,"comment_status":"","ping_status":"","sticky":false,"template":"","format":"standard","meta":{"footnotes":""},"categories":[81],"tags":[119,123,124,25,24,136,10,6704,117,121,122,1701,23,118,120],"class_list":{"0":"post-297687","1":"post","2":"type-post","3":"status-publish","4":"format-standard","5":"has-post-thumbnail","7":"category-ciencia-y-tecnologia","8":"tag-ciencia","9":"tag-ciencia-y-tecnologia","10":"tag-cienciaytecnologia","11":"tag-es","12":"tag-espana","13":"tag-inteligencia-artificial","14":"tag-noticias","15":"tag-pcs","16":"tag-science","17":"tag-science-and-technology","18":"tag-scienceandtechnology","19":"tag-smartphones","20":"tag-spain","21":"tag-technology","22":"tag-tecnologia"},"share_on_mastodon":{"url":"https:\/\/pubeurope.com\/@es\/115751384776434622","error":""},"_links":{"self":[{"href":"https:\/\/www.europesays.com\/es\/wp-json\/wp\/v2\/posts\/297687","targetHints":{"allow":["GET"]}}],"collection":[{"href":"https:\/\/www.europesays.com\/es\/wp-json\/wp\/v2\/posts"}],"about":[{"href":"https:\/\/www.europesays.com\/es\/wp-json\/wp\/v2\/types\/post"}],"author":[{"embeddable":true,"href":"https:\/\/www.europesays.com\/es\/wp-json\/wp\/v2\/users\/2"}],"replies":[{"embeddable":true,"href":"https:\/\/www.europesays.com\/es\/wp-json\/wp\/v2\/comments?post=297687"}],"version-history":[{"count":0,"href":"https:\/\/www.europesays.com\/es\/wp-json\/wp\/v2\/posts\/297687\/revisions"}],"wp:featuredmedia":[{"embeddable":true,"href":"https:\/\/www.europesays.com\/es\/wp-json\/wp\/v2\/media\/8815"}],"wp:attachment":[{"href":"https:\/\/www.europesays.com\/es\/wp-json\/wp\/v2\/media?parent=297687"}],"wp:term":[{"taxonomy":"category","embeddable":true,"href":"https:\/\/www.europesays.com\/es\/wp-json\/wp\/v2\/categories?post=297687"},{"taxonomy":"post_tag","embeddable":true,"href":"https:\/\/www.europesays.com\/es\/wp-json\/wp\/v2\/tags?post=297687"}],"curies":[{"name":"wp","href":"https:\/\/api.w.org\/{rel}","templated":true}]}}