{"id":297690,"date":"2025-12-20T10:19:11","date_gmt":"2025-12-20T10:19:11","guid":{"rendered":"https:\/\/www.europesays.com\/es\/297690\/"},"modified":"2025-12-20T10:19:11","modified_gmt":"2025-12-20T10:19:11","slug":"ucrania-ataca-por-primera-vez-un-petrolero-ruso-en-el-mediterraneo","status":"publish","type":"post","link":"https:\/\/www.europesays.com\/es\/297690\/","title":{"rendered":"Ucrania ataca por primera vez un petrolero ruso en el Mediterr\u00e1neo"},"content":{"rendered":"<p class=\"c-paragraph\"><a href=\"https:\/\/www.20minutos.es\/tags\/lugares\/ucrania.html\" title=\"Ucrania\" rel=\"nofollow noopener\" target=\"_blank\">Ucrania<\/a> ha llevado a cabo su primer ataque contra un petrolero <a href=\"https:\/\/www.20minutos.es\/tags\/lugares\/rusia.html\" title=\"Rusia\" rel=\"nofollow noopener\" target=\"_blank\">ruso<\/a> en aguas del mar Mediterr\u00e1neo,<b> una acci\u00f3n sin precedentes <\/b>dentro de la intensificaci\u00f3n de los ataques con drones contra buques de transporte de crudo para Mosc\u00fa, en el marco de la creciente confrontaci\u00f3n energ\u00e9tica entre ambos pa\u00edses.<\/p>\n<p class=\"c-paragraph\">El petrolero alcanzado, conocido por el nombre de Qendil, es una embarcaci\u00f3n de unos 250 metros de eslora que ha sido atacada con drones a m\u00e1s de 1.200 millas (unos dos mil kil\u00f3metros) de la frontera ucraniana por la unidad de \u00e9lite operativa y de combate del Servicio de Seguridad de Ucrania (SBU) &#8216;Alpha&#8217;, seg\u00fan ha informado la agencia nacional de noticias Unian citando a fuentes de los servicios especiales.<\/p>\n<p class=\"c-paragraph\">El petrolero ruso<b> ha sufrido da\u00f1os graves<\/b> que impedir\u00e1n que siga siendo utilizado para el fin previsto. No obstante, seg\u00fan el mismo medio, el buque se encontraba vac\u00edo en el momento del ataque, por lo que el incidente\u00a0\u2014el primero de estas caracter\u00edsticas en el Mediterr\u00e1neo\u2014\u00a0no ha supuesto ning\u00fan riesgo medioambiental en la zona.<\/p>\n<p class=\"c-paragraph\">Las fuerzas ucranianas argumenta que Rusia utiliza este tipo de nav\u00edos para eludir las sanciones internacionales, lo que \u2014a su juicio\u2014\u00a0har\u00eda de los petroleros rusos <b>un objetivo absolutamente \u00ableg\u00edtimo\u00bb<\/b> para el SBU desde la perspectiva del Derecho Internacional y las leyes y costumbres de la guerra.<\/p>\n<p class=\"c-paragraph\">Este ataque llega despu\u00e9s de que las fuerzas especiales de Ucrania asegurasen el pasado viernes haber llevado a cabo ataques contra otros dos buques rusos sospechosos de transportar<b> \u00abarmas y equipamiento militar\u00bb <\/b>en el mar Caspio, apenas un d\u00eda despu\u00e9s de que fuentes del Servicio de Seguridad ucraniano reivindicaran un ataque contra una plataforma petrolera en la zona, su primera ataque de este tipo desde el inicio de la guerra.<\/p>\n<p class=\"c-paragraph\">En este contexto, la Uni\u00f3n Europea ha redoblado a finales de esta semana las sanciones contra la denominada<b> &#8216;flota fantasma&#8217; rusa<\/b>, empleada por el Kremlin \u2014como apuntan desde el SBU\u2014\u00a0para sortear las restricciones europeas a la exportaci\u00f3n de energ\u00eda rusa.<\/p>\n<p class=\"c-paragraph\">Con este paso, el bloque europeo busca <b>restar ingresos a la maquinaria b\u00e9lica de Rusia<\/b> y refuerza una &#8216;lista negra&#8217; que ya contabiliza 597 embarcaciones. Estos nav\u00edos, muchos de ellos buques petroleros, est\u00e1n sujetos a la prohibici\u00f3n de acceso a puertos y a la prohibici\u00f3n de prestaci\u00f3n de una amplia gama de servicios relacionados con el transporte mar\u00edtimo.<\/p>\n","protected":false},"excerpt":{"rendered":"Ucrania ha llevado a cabo su primer ataque contra un petrolero ruso en aguas del mar Mediterr\u00e1neo, una&hellip;\n","protected":false},"author":2,"featured_media":297691,"comment_status":"","ping_status":"","sticky":false,"template":"","format":"standard","meta":{"footnotes":""},"categories":[42],"tags":[5668,17,18,13,14,11,61,62,63,64,19,20,9,10,15,16,5043,1078,12,7081,21,22,1079,65,66,67],"class_list":{"0":"post-297690","1":"post","2":"type-post","3":"status-publish","4":"format-standard","5":"has-post-thumbnail","7":"category-internacional","8":"tag-ataca","9":"tag-breaking-news","10":"tag-breakingnews","11":"tag-featured-news","12":"tag-featurednews","13":"tag-headlines","14":"tag-internacional","15":"tag-international","16":"tag-international-news","17":"tag-internationalnews","18":"tag-latest-news","19":"tag-latestnews","20":"tag-news","21":"tag-noticias","22":"tag-noticias-destacadas","23":"tag-noticiasdestacadas","24":"tag-por","25":"tag-primera","26":"tag-titulares","27":"tag-ucrania","28":"tag-ultimas-noticias","29":"tag-ultimasnoticias","30":"tag-vez","31":"tag-world","32":"tag-world-news","33":"tag-worldnews"},"share_on_mastodon":{"url":"","error":""},"_links":{"self":[{"href":"https:\/\/www.europesays.com\/es\/wp-json\/wp\/v2\/posts\/297690","targetHints":{"allow":["GET"]}}],"collection":[{"href":"https:\/\/www.europesays.com\/es\/wp-json\/wp\/v2\/posts"}],"about":[{"href":"https:\/\/www.europesays.com\/es\/wp-json\/wp\/v2\/types\/post"}],"author":[{"embeddable":true,"href":"https:\/\/www.europesays.com\/es\/wp-json\/wp\/v2\/users\/2"}],"replies":[{"embeddable":true,"href":"https:\/\/www.europesays.com\/es\/wp-json\/wp\/v2\/comments?post=297690"}],"version-history":[{"count":0,"href":"https:\/\/www.europesays.com\/es\/wp-json\/wp\/v2\/posts\/297690\/revisions"}],"wp:featuredmedia":[{"embeddable":true,"href":"https:\/\/www.europesays.com\/es\/wp-json\/wp\/v2\/media\/297691"}],"wp:attachment":[{"href":"https:\/\/www.europesays.com\/es\/wp-json\/wp\/v2\/media?parent=297690"}],"wp:term":[{"taxonomy":"category","embeddable":true,"href":"https:\/\/www.europesays.com\/es\/wp-json\/wp\/v2\/categories?post=297690"},{"taxonomy":"post_tag","embeddable":true,"href":"https:\/\/www.europesays.com\/es\/wp-json\/wp\/v2\/tags?post=297690"}],"curies":[{"name":"wp","href":"https:\/\/api.w.org\/{rel}","templated":true}]}}