{"id":297692,"date":"2025-12-20T10:20:18","date_gmt":"2025-12-20T10:20:18","guid":{"rendered":"https:\/\/www.europesays.com\/es\/297692\/"},"modified":"2025-12-20T10:20:18","modified_gmt":"2025-12-20T10:20:18","slug":"el-ayuntamiento-abre-el-plazo-del-xvi-premio-iberoamericano-de-poesia-hermanos-machado-actualidad","status":"publish","type":"post","link":"https:\/\/www.europesays.com\/es\/297692\/","title":{"rendered":"El Ayuntamiento abre el plazo del XVI Premio Iberoamericano de Poes\u00eda Hermanos Machado \u2014 Actualidad"},"content":{"rendered":"<p>El Ayuntamiento de Sevilla, a trav\u00e9s del \u00c1rea de Turismo y Cultura, informa de la apertura del plazo de solicitudes del XVI Premio Iberoamericano de Poes\u00eda Hermanos Machado, uno de los galardones literarios m\u00e1s prestigiosos del \u00e1mbito iberoamericano.<\/p>\n<p>El plazo para concurrir a esta convocatoria permanecer\u00e1 abierto hasta el pr\u00f3ximo 31 de enero de 2026, y toda la informaci\u00f3n relativa a las bases y al procedimiento de solicitud puede consultarse en la web del ICAS, Instituto de la Cultura y las Artes de Sevilla, del Ayuntamiento de Sevilla.<\/p>\n<p>En este sentido, la delegada de Turismo y Cultura, Angie Moreno, ha informado que \u201ccomo principal novedad de esta edici\u00f3n, el premio incorpora una importante simplificaci\u00f3n administrativa, con el objetivo de facilitar la participaci\u00f3n. En esta fase inicial, las personas solicitantes \u00fanicamente deber\u00e1n declarar que re\u00fanen los requisitos administrativos exigidos, quedando la presentaci\u00f3n de la documentaci\u00f3n acreditativa para un momento posterior y solo en el caso de resultar finalistas, a requerimiento de la Administraci\u00f3n\u201d.<\/p>\n<p>El Premio Iberoamericano de Poes\u00eda Hermanos Machado est\u00e1 convocado por el Ayuntamiento de Sevilla y reconoce una obra in\u00e9dita de poes\u00eda en lengua espa\u00f1ola. La obra ganadora ser\u00e1 publicada en la colecci\u00f3n Vandalia de la Fundaci\u00f3n Jos\u00e9 Manuel Lara, y el autor o autora recibir\u00e1 una dotaci\u00f3n econ\u00f3mica de 4000 euros.<\/p>\n<p>Asimismo, Angie Moreno, ha destacado que \u201cel Premio Iberoamericano de Poes\u00eda Hermanos Machado no solo reafirma el compromiso de este gobierno con la creaci\u00f3n literaria, sino que consolida a nuestra ciudad como un espacio vivo de encuentro cultural entre Espa\u00f1a y Latinoam\u00e9rica\u201d.<\/p>\n<p>De igual manera, Moreno ha subrayado la relevancia creciente de este galard\u00f3n, se\u00f1alando que \u201cla pasada edici\u00f3n bati\u00f3 r\u00e9cords de participaci\u00f3n y estamos convencidos de que este prestigioso premio seguir\u00e1 creciendo y aumentando su proyecci\u00f3n internacional, poniendo en valor el talento po\u00e9tico iberoamericano y el papel de Sevilla como ciudad de referencia cultural\u201d.<\/p>\n<p>Con esta nueva convocatoria, el Ayuntamiento de Sevilla reafirma su apuesta por la literatura, la poes\u00eda y el fortalecimiento de los lazos culturales entre ambos lados del Atl\u00e1ntico, manteniendo vivo el legado de los hermanos Machado y su vinculaci\u00f3n con la ciudad.<\/p>\n","protected":false},"excerpt":{"rendered":"El Ayuntamiento de Sevilla, a trav\u00e9s del \u00c1rea de Turismo y Cultura, informa de la apertura del plazo&hellip;\n","protected":false},"author":2,"featured_media":297693,"comment_status":"","ping_status":"","sticky":false,"template":"","format":"standard","meta":{"footnotes":""},"categories":[8],"tags":[17,18,25,24,13,14,11,19,20,9,10,15,16,23,12,21,22],"class_list":{"0":"post-297692","1":"post","2":"type-post","3":"status-publish","4":"format-standard","5":"has-post-thumbnail","7":"category-espana","8":"tag-breaking-news","9":"tag-breakingnews","10":"tag-es","11":"tag-espana","12":"tag-featured-news","13":"tag-featurednews","14":"tag-headlines","15":"tag-latest-news","16":"tag-latestnews","17":"tag-news","18":"tag-noticias","19":"tag-noticias-destacadas","20":"tag-noticiasdestacadas","21":"tag-spain","22":"tag-titulares","23":"tag-ultimas-noticias","24":"tag-ultimasnoticias"},"share_on_mastodon":{"url":"https:\/\/pubeurope.com\/@es\/115751395346688961","error":""},"_links":{"self":[{"href":"https:\/\/www.europesays.com\/es\/wp-json\/wp\/v2\/posts\/297692","targetHints":{"allow":["GET"]}}],"collection":[{"href":"https:\/\/www.europesays.com\/es\/wp-json\/wp\/v2\/posts"}],"about":[{"href":"https:\/\/www.europesays.com\/es\/wp-json\/wp\/v2\/types\/post"}],"author":[{"embeddable":true,"href":"https:\/\/www.europesays.com\/es\/wp-json\/wp\/v2\/users\/2"}],"replies":[{"embeddable":true,"href":"https:\/\/www.europesays.com\/es\/wp-json\/wp\/v2\/comments?post=297692"}],"version-history":[{"count":0,"href":"https:\/\/www.europesays.com\/es\/wp-json\/wp\/v2\/posts\/297692\/revisions"}],"wp:featuredmedia":[{"embeddable":true,"href":"https:\/\/www.europesays.com\/es\/wp-json\/wp\/v2\/media\/297693"}],"wp:attachment":[{"href":"https:\/\/www.europesays.com\/es\/wp-json\/wp\/v2\/media?parent=297692"}],"wp:term":[{"taxonomy":"category","embeddable":true,"href":"https:\/\/www.europesays.com\/es\/wp-json\/wp\/v2\/categories?post=297692"},{"taxonomy":"post_tag","embeddable":true,"href":"https:\/\/www.europesays.com\/es\/wp-json\/wp\/v2\/tags?post=297692"}],"curies":[{"name":"wp","href":"https:\/\/api.w.org\/{rel}","templated":true}]}}