{"id":297694,"date":"2025-12-20T10:21:10","date_gmt":"2025-12-20T10:21:10","guid":{"rendered":"https:\/\/www.europesays.com\/es\/297694\/"},"modified":"2025-12-20T10:21:10","modified_gmt":"2025-12-20T10:21:10","slug":"ee-uu-inicia-ataque-a-gran-escala-en-siria-tras-atentado-dw-20-12-2025","status":"publish","type":"post","link":"https:\/\/www.europesays.com\/es\/297694\/","title":{"rendered":"EE.UU. inicia ataque a gran escala en Siria tras atentado \u2013 DW \u2013 20\/12\/2025"},"content":{"rendered":"<p>El presidente de <a class=\"internal-link\" href=\"https:\/\/www.dw.com\/es\/estados-unidos\/t-17411942\" rel=\"nofollow noopener\" target=\"_blank\">Estados Unidos<\/a>, Donald Trump, dijo el viernes (19.12.2025) que el ej\u00e9rcito estadounidense lanz\u00f3 una \u00abrepresalia muy seria\u00bb contra el Estado Isl\u00e1mico (EI) en <a class=\"internal-link\" href=\"https:\/\/www.dw.com\/es\/siria\/t-17410218\" rel=\"nofollow noopener\" target=\"_blank\">Siria<\/a>, tras un ataque de ese grupo que caus\u00f3 la muerte de tres estadounidenses la semana pasada.<\/p>\n<p>\u00abPor la presente anuncio que Estados Unidos est\u00e1 infligiendo una represalia muy seria, tal y como promet\u00ed, a los terroristas asesinos responsables\u00bb, afirm\u00f3 Trump en su red Truth Social.<\/p>\n<p>Los <a class=\"internal-link\" href=\"https:\/\/www.dw.com\/es\/emboscada-de-isis-termina-con-dos-militares-de-eeuu-muertos\/a-75148183\" rel=\"nofollow noopener\" target=\"_blank\">dos militares y el traductor asesinados<\/a> por un solo tirador cerca de la ciudad siria de Palmira el 13 de diciembre son\u00a0los primeros estadounidenses que mueren en el pa\u00eds desde la ca\u00edda del r\u00e9gimen de Bashar al Assad el a\u00f1o pasado.<\/p>\n<p>\u00abEstamos atacando con mucha fuerza los bastiones del <a class=\"internal-link\" href=\"https:\/\/www.dw.com\/es\/estado-isl\u00e1mico\/t-17800708\" rel=\"nofollow noopener\" target=\"_blank\">EI<\/a> en Siria, un lugar empapado de sangre que tiene muchos problemas, pero que tiene un futuro brillante si se erradica al EI\u00bb, escribi\u00f3.<\/p>\n<p>Ataques a m\u00e1s de 70 objetivos<\/p>\n<p>El Pent\u00e1gono precis\u00f3 que aviones de combate, helic\u00f3pteros de ataque y artiller\u00eda estadounidenses atacaron m\u00e1s de 70 objetivos en el centro de Siria, como parte de la importante operaci\u00f3n militar.<\/p>\n<p>\u00abSeguiremos persiguiendo implacablemente a los terroristas que buscan hacer da\u00f1o a los estadounidenses y a nuestros socios en\u00a0la regi\u00f3n\u00bb, dijo el almirante Brad Cooper en un comunicado. \u00a0<\/p>\n<p>Previamente, el ej\u00e9rcito estadunidense hab\u00eda anunciado el inicio de un \u00abataque a gran escala\u00bb contra objetivos del EI en Siria, en represalia por la emboscada que mat\u00f3 a\u00a0los tres estadounidenses.<\/p>\n<p>El secretario de Guerra, Pete Hegseth, anunci\u00f3 el ataque en redes sociales y explic\u00f3 que la campa\u00f1a ha sido bautizada como Operaci\u00f3n Ataque Ojo de Halc\u00f3n. \u00abEsto no es el comienzo de una guerra, es una declaraci\u00f3n de venganza\u00bb, explic\u00f3 Hegseth.<\/p>\n<p>Seg\u00fan un funcionario estadounidense an\u00f3nimo citado por el diario The New York Times, decenas de presuntos emplazamientos del EI en varios puntos del centro de Siria fueron atacados con cazas de combate, helic\u00f3pteros de ataque y salvas de artiller\u00eda y se espera que los bombardeos duren varias horas.<\/p>\n<p>gs (efe, afp)<\/p>\n","protected":false},"excerpt":{"rendered":"El presidente de Estados Unidos, Donald Trump, dijo el viernes (19.12.2025) que el ej\u00e9rcito estadounidense lanz\u00f3 una \u00abrepresalia&hellip;\n","protected":false},"author":2,"featured_media":297695,"comment_status":"","ping_status":"","sticky":false,"template":"","format":"standard","meta":{"footnotes":""},"categories":[5],"tags":[17,18,25,24,13,14,11,19,20,9,10,15,16,23,12,21,22],"class_list":{"0":"post-297694","1":"post","2":"type-post","3":"status-publish","4":"format-standard","5":"has-post-thumbnail","7":"category-titulares","8":"tag-breaking-news","9":"tag-breakingnews","10":"tag-es","11":"tag-espana","12":"tag-featured-news","13":"tag-featurednews","14":"tag-headlines","15":"tag-latest-news","16":"tag-latestnews","17":"tag-news","18":"tag-noticias","19":"tag-noticias-destacadas","20":"tag-noticiasdestacadas","21":"tag-spain","22":"tag-titulares","23":"tag-ultimas-noticias","24":"tag-ultimasnoticias"},"share_on_mastodon":{"url":"https:\/\/pubeurope.com\/@es\/115751399137913181","error":""},"_links":{"self":[{"href":"https:\/\/www.europesays.com\/es\/wp-json\/wp\/v2\/posts\/297694","targetHints":{"allow":["GET"]}}],"collection":[{"href":"https:\/\/www.europesays.com\/es\/wp-json\/wp\/v2\/posts"}],"about":[{"href":"https:\/\/www.europesays.com\/es\/wp-json\/wp\/v2\/types\/post"}],"author":[{"embeddable":true,"href":"https:\/\/www.europesays.com\/es\/wp-json\/wp\/v2\/users\/2"}],"replies":[{"embeddable":true,"href":"https:\/\/www.europesays.com\/es\/wp-json\/wp\/v2\/comments?post=297694"}],"version-history":[{"count":0,"href":"https:\/\/www.europesays.com\/es\/wp-json\/wp\/v2\/posts\/297694\/revisions"}],"wp:featuredmedia":[{"embeddable":true,"href":"https:\/\/www.europesays.com\/es\/wp-json\/wp\/v2\/media\/297695"}],"wp:attachment":[{"href":"https:\/\/www.europesays.com\/es\/wp-json\/wp\/v2\/media?parent=297694"}],"wp:term":[{"taxonomy":"category","embeddable":true,"href":"https:\/\/www.europesays.com\/es\/wp-json\/wp\/v2\/categories?post=297694"},{"taxonomy":"post_tag","embeddable":true,"href":"https:\/\/www.europesays.com\/es\/wp-json\/wp\/v2\/tags?post=297694"}],"curies":[{"name":"wp","href":"https:\/\/api.w.org\/{rel}","templated":true}]}}