{"id":297704,"date":"2025-12-20T10:31:29","date_gmt":"2025-12-20T10:31:29","guid":{"rendered":"https:\/\/www.europesays.com\/es\/297704\/"},"modified":"2025-12-20T10:31:29","modified_gmt":"2025-12-20T10:31:29","slug":"todo-aquello-que-no-este-al-100-con-mi-hija-me-da-igual-es-la-prioridad-en-mi-vida","status":"publish","type":"post","link":"https:\/\/www.europesays.com\/es\/297704\/","title":{"rendered":"Todo aquello que no est\u00e9 al 100% con mi hija, me da igual. Es la prioridad en mi vida"},"content":{"rendered":"<p><strong>Mal\u00fa <\/strong>(43 a\u00f1os) est\u00e1 dispuesta a romper cualquier r\u00e9cord.\u00a0Fue la primera mujer en Espa\u00f1a en llenar cuatro veces el Palacio de los Deportes de Madrid, el actual Movistar Arena,\u00a0 en una misma gira. Ahora se ha propuesto otro hito: colgar el cartel de \u00abentradas agotadas\u00bb durante siete noches repartidas en tres semanas. El lugar elegido ha sido el recinto de conciertos de la Plaza de Toros de Las Ventas (Live Las Ventas). <strong>Van a ser\u00a0\u00absiete noches muy especiales\u00bb<\/strong>.<\/p>\n<p>\u00abEst\u00e1n totalmente fuera de contexto. Normalmente, tienes un disco y un proyecto y con ese te vas de gira. El protagonista es el disco que le da nombre. Eso quiere decir que, dentro de unos matices, <strong>est\u00e1s limitado de hacer un show equilibrado<\/strong>, pero en estos siete d\u00edas hay una posibilidad de volverte completamente loco porque est\u00e1 totalmente abierto y fuera de contexto, no est\u00e1 de la mano de nada m\u00e1s que mis 27 o 28 a\u00f1os de carrera. Es algo muy para los m\u00edos\u00bb, reconoc\u00eda Mal\u00fa en una entrevista con la Cadena SER.<\/p>\n<p>Rodeada de m\u00fasica<\/p>\n<p><strong>Mar\u00eda Luc\u00eda S\u00e1nchez Ben\u00edtez <\/strong>ya estaba vinculada a la m\u00fasica antes de que decidiera que Mal\u00fa ser\u00eda su nombre art\u00edstico.\u00a0Su padre es el cantaor Pepe de Luc\u00eda y su madre, la bailaora Pepi Ben\u00edtez. Su historia comenz\u00f3 en Madrid. Se conocieron trabajando en el tablao Las Brujas. Por si fuese poco, su t\u00edo era el legendario Paco de Luc\u00eda, uno de los m\u00e1ximos exponentes del flamenco.\u00a0<\/p>\n<p><img loading=\"lazy\" decoding=\"async\"   src=\"https:\/\/www.europesays.com\/es\/wp-content\/uploads\/2025\/12\/malu_00000000_7fb72a46_251219142625_1200x692.webp.webp\" alt=\"Mal\u00fa \" class=\"lazyload\" width=\"1200\" height=\"692\" data-aspectratio=\"1200\/692\"\/><\/p>\n<p>Mal\u00fa siempre estuvo rodeada de talento. Su padre es el cantaor Pepe de Luc\u00eda y su madre, la bailaora Pepi Ben\u00edtez. Su t\u00edo, el guitarrista Paco de Luc\u00eda.\u00a0<\/p>\n<p>&#13;Antena 3<\/p>\n<p>La cantante naci\u00f3 en la capital, aunque sus primeros a\u00f1os de vida los pas\u00f3 entre Algeciras y Sevilla, de donde eran sus padres. En varias ocasiones ha confesado que <strong>fue una ni\u00f1a preguntona y una mala estudiante<\/strong>. Entonces, hubo un profesor que crey\u00f3 que \u00abno ten\u00eda voz para estar en el coro\u00bb. El productor\u00a0Jes\u00fas Yanes no opin\u00f3 lo mismo. Despu\u00e9s de escucharla en una fiesta familiar, y aunque solo ten\u00eda 15 a\u00f1os, quiso encumbrarla como cantante. Produjo su disco debut junto a Alejandro Sanz.\u00a0<\/p>\n<p>Fueron pocos los que quisieron perderse la presentaci\u00f3n de &#8216;Aprendiz&#8217;, su primer disco. Lo present\u00f3 en la\u00a0discoteca Gabana de Madrid. Ese\u00a026 de mayo 1998 se pudo ver entre los asistentes a\u00a0Pepe Barroso, director de Don Algod\u00f3n; Pepe de Luc\u00eda y Pepi, sus padres. Cant\u00f3 algunas de sus canciones, entre las que no pudo faltar esa que dice \u00abme has ense\u00f1ado t\u00fa\/t\u00fa has sido mi maestro\u00bb. Esos mismos temas la posicionaron en\u00a0lo m\u00e1s alto de la industria alcanzando el triple disco de platino.<\/p>\n<p><img loading=\"lazy\" decoding=\"async\"   src=\"https:\/\/www.europesays.com\/es\/wp-content\/uploads\/2025\/12\/malu_00000000_5054dadb_251219142803_1200x800.webp.webp\" alt=\"Mal\u00fa\" class=\"lazyload\" width=\"1200\" height=\"800\" data-aspectratio=\"1200\/800\"\/><\/p>\n<p>Alejandro Sanz siempre la ha apoyado en su carrera musical. Produjo su disco debut junto a Jes\u00fas Yanes<\/p>\n<p>&#13;<br \/>\n<img loading=\"lazy\" decoding=\"async\"   src=\"https:\/\/www.europesays.com\/es\/wp-content\/uploads\/2025\/12\/malu_00000000_d3d7f428_251219142836_1200x800.webp.webp\" alt=\"Mal\u00fa\" class=\"lazyload\" width=\"1200\" height=\"800\" data-aspectratio=\"1200\/800\"\/><\/p>\n<p>Su primer \u00e1lbum, &#8216;Aprendiz&#8217;,\u00a0la posicionaron en lo m\u00e1s alto de la industria alcanzando el triple disco de platino<\/p>\n<p>&#13;<br \/>\nSu verdadera prioridad<\/p>\n<p>No pilla por sorpresa a nadie que haya escuchado su discograf\u00eda que <strong>Mal\u00fa apueste por aprender de lo malo<\/strong>: \u00abCreo que es fundamental y muy natural\u00bb. \u00abRendirse es quedarse. Hay gente que pelea para salir y es la cosa m\u00e1s dif\u00edcil que puede hacer en su vida\u00bb, expresaba en la citada charla con la Cadena SER.\u00a0<\/p>\n<p>La cantante ha confesado haber pasado momentos dif\u00edciles, pero\u00a0siempre ha tratado de mantener su vida privada en un discreto segundo plano. Solo se le conocen dos relaciones: la que mantuvo con Gonzalo Mir\u00f3 durante tres a\u00f1os y otra con el exl\u00edder de Ciudadanos, Albert Rivera. Ninguna acab\u00f3 con un \u00abfelices para siempre\u00bb, pero\u00a0de su relaci\u00f3n con el expol\u00edtico <strong>naci\u00f3 lo m\u00e1s importante de su vida: su hija Luc\u00eda<\/strong>.\u00a0<\/p>\n<p><img loading=\"lazy\" decoding=\"async\"   src=\"https:\/\/www.europesays.com\/es\/wp-content\/uploads\/2025\/12\/malu-y-albert-rivera_00000000_154c48fe_251219143004_1200x800.webp.webp\" alt=\"Mal\u00fa y Albert Rivera\" class=\"lazyload\" width=\"1200\" height=\"800\" data-aspectratio=\"1200\/800\"\/><\/p>\n<p>De su relaci\u00f3n con Albert Rivera naci\u00f3 lo m\u00e1s importante de su vida, su hija Luc\u00eda<\/p>\n<p>&#13;<\/p>\n<p>\u00abTuve parto natural, de 12 horas. La ni\u00f1a dio muchos sustos porque se encajaba. Me bajaron al quir\u00f3fano para hacer ces\u00e1rea, pero al final fue natural. Fue duro, agotador. Se me reventaron las venas de mi cara, de mi cuerpo\u00bb, dijo en una entrevista con Risto Mejide. Naci\u00f3 el 6 de junio de 2020. Desde ese d\u00eda, su vida cambi\u00f3 por completo.\u00a0<\/p>\n<p>Las confesiones m\u00e1s dif\u00edciles de Mal\u00fa<\/p>\n<p>Ha hablado con honestidad de la\u00a0depresi\u00f3n postparto que sufri\u00f3: \u00abSe habla muy poco de la salud mental de la mujer reci\u00e9n parida. Me encantaba mi beb\u00e9, la amaba, pero <strong>hab\u00eda una desconexi\u00f3n entre mi cuerpo, mi beb\u00e9 y yo misma<\/strong>. Fue dif\u00edcil. Tenemos la imagen de que parimos y estamos estupendas, haciendo abdominales. Yo sal\u00ed horrorosa del parto\u00bb.\u00a0<\/p>\n<p>Pasado aquel mal trago, Mal\u00fa ejerce de orgullosa madre de la peque\u00f1a y adapta su agenda de compromisos a ella: \u00abTodo aquello que no est\u00e9 al 100 % con mi hija, me da igual. <strong>Es la prioridad en mi vida<\/strong>. Cambio la agenda para ir a los conciertos de mi hija en el cole\u00bb.\u00a0<\/p>\n<p><img loading=\"lazy\" decoding=\"async\"   src=\"https:\/\/www.europesays.com\/es\/wp-content\/uploads\/2025\/12\/malu-la-voz_d7713571_251219143336_1200x676.webp.webp\" alt=\"Mal\u00fa La Voz\" class=\"lazyload\" width=\"1200\" height=\"676\" data-aspectratio=\"1200\/676\"\/><\/p>\n<p>Mal\u00fa no solo se ha posicionado como un referente en la industria musical, tambi\u00e9n se ha hecho un hueco en la peque\u00f1a pantalla<\/p>\n<p>&#13;<\/p>\n<p>La cantante tambi\u00e9n ha hablado de los trastornos alimenticios mientras continuaba trabajando en el lanzamiento de su disco &#8216;Guerra fr\u00eda&#8217; (2010). \u00abTrastornos de empezar a comer menos, de obsesi\u00f3n por la delgadez, por estar delgada, por estar f\u00edsicamente como ten\u00eda que ser, y se me fue bastante de las manos\u00bb, le contaba a Vicky Mart\u00edn Berrocal en el podcast &#8216;A solas con&#8230;&#8217;. \u00ab<a href=\"https:\/\/www.lecturas.com\/television\/malu-quite-todos-espejos-pesos-mi-casa-para-no-ver-constantemente-mi-imagen-cosa-que-es-dificil-porque-te-ves-luego-otro-sitio-que-no-es-espejo_185841\" target=\"_self\" rel=\"nofollow noopener\">Quit\u00e9 todos los espejos y los pesos de mi casa <\/a>para no ver constantemente mi imagen, cosa que es dif\u00edcil porque te ves luego en otro sitio que no es el espejo\u00bb, a\u00f1adi\u00f3.\u00a0<\/p>\n<p>\u00bfPor qu\u00e9 Mal\u00fa? El origen de su apodo\u00a0<\/p>\n<p>Se lo puso su t\u00eda Reyes solo dos d\u00edas despu\u00e9s de nacer. Aseguraba que Mar\u00eda Luc\u00eda era demasiado largo para andar llam\u00e1ndola as\u00ed que apost\u00f3 por fusionarlos, dando como resultado el nombre con el que ha vendido\u00a0m\u00e1s de dos millones de copias, ha sido reconocida con la Medalla de Andaluc\u00eda, en 2015, por su carrera, el Premio Ondas a Mejor Artista del A\u00f1o en 2014 y ha sido nominada en dos ocasiones a los Grammy Latinos.\u00a0Su \u00e9xito no se ci\u00f1e solo a la industria musical, tambi\u00e9n ha conquistado la peque\u00f1a pantalla. En 2012, acept\u00f3 el puesto como coach en \u2018La Voz\u2019, desempe\u00f1o que sigue realizando a d\u00eda de hoy (siempre acompa\u00f1ada de un tarro de chucher\u00edas).\u00a0<\/p>\n","protected":false},"excerpt":{"rendered":"Mal\u00fa (43 a\u00f1os) est\u00e1 dispuesta a romper cualquier r\u00e9cord.\u00a0Fue la primera mujer en Espa\u00f1a en llenar cuatro veces&hellip;\n","protected":false},"author":2,"featured_media":297705,"comment_status":"","ping_status":"","sticky":false,"template":"","format":"standard","meta":{"footnotes":""},"categories":[174],"tags":[255,146,147,25,24,256,23],"class_list":{"0":"post-297704","1":"post","2":"type-post","3":"status-publish","4":"format-standard","5":"has-post-thumbnail","7":"category-famosos","8":"tag-celebrities","9":"tag-entertainment","10":"tag-entretenimiento","11":"tag-es","12":"tag-espana","13":"tag-famosos","14":"tag-spain"},"share_on_mastodon":{"url":"https:\/\/pubeurope.com\/@es\/115751442156217366","error":""},"_links":{"self":[{"href":"https:\/\/www.europesays.com\/es\/wp-json\/wp\/v2\/posts\/297704","targetHints":{"allow":["GET"]}}],"collection":[{"href":"https:\/\/www.europesays.com\/es\/wp-json\/wp\/v2\/posts"}],"about":[{"href":"https:\/\/www.europesays.com\/es\/wp-json\/wp\/v2\/types\/post"}],"author":[{"embeddable":true,"href":"https:\/\/www.europesays.com\/es\/wp-json\/wp\/v2\/users\/2"}],"replies":[{"embeddable":true,"href":"https:\/\/www.europesays.com\/es\/wp-json\/wp\/v2\/comments?post=297704"}],"version-history":[{"count":0,"href":"https:\/\/www.europesays.com\/es\/wp-json\/wp\/v2\/posts\/297704\/revisions"}],"wp:featuredmedia":[{"embeddable":true,"href":"https:\/\/www.europesays.com\/es\/wp-json\/wp\/v2\/media\/297705"}],"wp:attachment":[{"href":"https:\/\/www.europesays.com\/es\/wp-json\/wp\/v2\/media?parent=297704"}],"wp:term":[{"taxonomy":"category","embeddable":true,"href":"https:\/\/www.europesays.com\/es\/wp-json\/wp\/v2\/categories?post=297704"},{"taxonomy":"post_tag","embeddable":true,"href":"https:\/\/www.europesays.com\/es\/wp-json\/wp\/v2\/tags?post=297704"}],"curies":[{"name":"wp","href":"https:\/\/api.w.org\/{rel}","templated":true}]}}