{"id":297706,"date":"2025-12-20T10:35:42","date_gmt":"2025-12-20T10:35:42","guid":{"rendered":"https:\/\/www.europesays.com\/es\/297706\/"},"modified":"2025-12-20T10:35:42","modified_gmt":"2025-12-20T10:35:42","slug":"estilo-contemporaneo-una-casa-elegante-destaca-a-traves-de-acentos-coloridos","status":"publish","type":"post","link":"https:\/\/www.europesays.com\/es\/297706\/","title":{"rendered":"Estilo contempor\u00e1neo: Una casa elegante destaca a trav\u00e9s de acentos coloridos"},"content":{"rendered":"<p><strong>El refinado estilo contempor\u00e1neo envuelve una casa donde las amenidades abundan y cada detalle fue cuidadosamente seleccionado<\/strong><\/p>\n<p>El encanto colorido de la decoraci\u00f3n, las texturas de los sillones y alfombras, as\u00ed como los muebles hechos a medida, hacen de esta propiedad un sue\u00f1o hecho realidad.<\/p>\n<p>Una casa estilo contempor\u00e1neo rodeada de lujo<\/p>\n<p>M\u00e1s que una casa, se trata de un castillo contempor\u00e1neo en la que no falta de nada. Aqu\u00ed hay un estudio de grabaci\u00f3n musical, un cine equipado con la \u00faltima tecnolog\u00eda, una peluquer\u00eda, una sala con piano dedicada a la historia del hip-hop, un gimnasio y, lo mejor, una sala secreta de cata de whisky a la que se accede por pasadizo (s\u00ed, como en los castillos reales). Enclavada en una finca privada rodeada de agua y hermosos jardines, esta propiedad en Florida es un refugio de lujo donde los descubrimientos nunca terminan.<\/p>\n<p><img decoding=\"async\" alt=\"Entrada de casa estilo contemporneo\" loading=\"lazy\" class=\"ResponsiveImageContainer-eNxvmU cfBbTk responsive-image__image\"   src=\"https:\/\/www.europesays.com\/es\/wp-content\/uploads\/2025\/12\/2.%2004%20Foyer.jpg\"\/><\/p>\n<p>Nick Johnson<\/p>\n<p><strong>El edificio principal abarca aproximadamente 3000 metros cuadrados con dos niveles<\/strong> que combinan grandeza y comodidad. La casa de hu\u00e9spedes cuenta con tres dormitorios y sala de estar, adem\u00e1s de una <a href=\"https:\/\/www.admagazine.com\/galerias\/cabanas-en-medio-de-la-naturaleza-a-las-que-seguro-querras-escaparte\" target=\"_blank\" rel=\"nofollow noopener\">tranquila y sofisticada caba\u00f1a<\/a> dise\u00f1ada como un refugio para la meditaci\u00f3n zen. Pero el denominador com\u00fan es otro: el deporte. \u201cTenemos la suerte de colaborar con muchos atletas profesionales, y este proyecto nos fue confiado gracias a la recomendaci\u00f3n de una antigua clienta que forma parte de esta comunidad\u201d, afirma Shanna Gatanis, fundadora de Shanna Gatanis Design Studio. \u201cDesde el principio, la energ\u00eda y la visi\u00f3n creativa de nuestra clienta marcaron la pauta del proyecto. Buscaba acabados lujosos, piezas personalizadas y una vibrante combinaci\u00f3n de paletas de colores frescos con un toque cultural. <strong>Cada habitaci\u00f3n se convirti\u00f3 en una oportunidad para combinar sofisticaci\u00f3n y personalidad<\/strong>, y desde el primer d\u00eda, nos inspiramos para plasmar su visi\u00f3n en un hogar que fuera elegante y \u00fanico, tal como ella\u201d.<\/p>\n","protected":false},"excerpt":{"rendered":"El refinado estilo contempor\u00e1neo envuelve una casa donde las amenidades abundan y cada detalle fue cuidadosamente seleccionado El&hellip;\n","protected":false},"author":2,"featured_media":297707,"comment_status":"","ping_status":"","sticky":false,"template":"","format":"standard","meta":{"footnotes":""},"categories":[173],"tags":[229,233,231,230,3738,8372,232,234,30518,146,147,25,24,23],"class_list":{"0":"post-297706","1":"post","2":"type-post","3":"status-publish","4":"format-standard","5":"has-post-thumbnail","7":"category-arte-y-diseno","8":"tag-arte","9":"tag-arte-y-diseno","10":"tag-arts","11":"tag-arts-and-design","12":"tag-casas","13":"tag-decoracion","14":"tag-design","15":"tag-diseno","16":"tag-diseno-interior","17":"tag-entertainment","18":"tag-entretenimiento","19":"tag-es","20":"tag-espana","21":"tag-spain"},"share_on_mastodon":{"url":"https:\/\/pubeurope.com\/@es\/115751456473913150","error":""},"_links":{"self":[{"href":"https:\/\/www.europesays.com\/es\/wp-json\/wp\/v2\/posts\/297706","targetHints":{"allow":["GET"]}}],"collection":[{"href":"https:\/\/www.europesays.com\/es\/wp-json\/wp\/v2\/posts"}],"about":[{"href":"https:\/\/www.europesays.com\/es\/wp-json\/wp\/v2\/types\/post"}],"author":[{"embeddable":true,"href":"https:\/\/www.europesays.com\/es\/wp-json\/wp\/v2\/users\/2"}],"replies":[{"embeddable":true,"href":"https:\/\/www.europesays.com\/es\/wp-json\/wp\/v2\/comments?post=297706"}],"version-history":[{"count":0,"href":"https:\/\/www.europesays.com\/es\/wp-json\/wp\/v2\/posts\/297706\/revisions"}],"wp:featuredmedia":[{"embeddable":true,"href":"https:\/\/www.europesays.com\/es\/wp-json\/wp\/v2\/media\/297707"}],"wp:attachment":[{"href":"https:\/\/www.europesays.com\/es\/wp-json\/wp\/v2\/media?parent=297706"}],"wp:term":[{"taxonomy":"category","embeddable":true,"href":"https:\/\/www.europesays.com\/es\/wp-json\/wp\/v2\/categories?post=297706"},{"taxonomy":"post_tag","embeddable":true,"href":"https:\/\/www.europesays.com\/es\/wp-json\/wp\/v2\/tags?post=297706"}],"curies":[{"name":"wp","href":"https:\/\/api.w.org\/{rel}","templated":true}]}}