{"id":29777,"date":"2025-08-06T16:18:16","date_gmt":"2025-08-06T16:18:16","guid":{"rendered":"https:\/\/www.europesays.com\/es\/29777\/"},"modified":"2025-08-06T16:18:16","modified_gmt":"2025-08-06T16:18:16","slug":"escaparate-machado-soria-2025-comercios-y-literatura-se-unen","status":"publish","type":"post","link":"https:\/\/www.europesays.com\/es\/29777\/","title":{"rendered":"Escaparate Machado Soria 2025: comercios y literatura se unen"},"content":{"rendered":"<p class=\"prip\">El Ayuntamiento de Soria y la C\u00e1mara de Comercio impulsan la 18\u00aa edici\u00f3n de &#8216;Soria, escaparate de Machado&#8217; para conmemorar el 150 aniversario del nacimiento del poeta. Un total de 39 establecimientos comerciales participan en la iniciativa, que se extender\u00e1 hasta el 15 de agosto, decorando sus escaparates y unos libros corp\u00f3reos con motivos machadianos. El p\u00fablico puede votar por sus favoritos de forma telem\u00e1tica.<\/p>\n<p class=\"prip\">Las calles de Soria fusionan literatura y comercio en una nueva edici\u00f3n de la campa\u00f1a &#8216;Soria, escaparate de Machado&#8217;, que se celebra hasta el pr\u00f3ximo 15 de agosto. Esta iniciativa, que alcanza su 18\u00aa edici\u00f3n, cuenta con la participaci\u00f3n de <strong>39 establecimientos de la capital<\/strong> que han decorado sus locales para rendir homenaje al poeta en un a\u00f1o muy especial.<\/p>\n<p>La campa\u00f1a, impulsada por el Ayuntamiento de Soria en colaboraci\u00f3n con la C\u00e1mara de Comercio, se enmarca en los actos de conmemoraci\u00f3n del <strong>150 aniversario del nacimiento de Antonio Machado<\/strong>. El objetivo es doble: por un lado, dinamizar el tejido comercial de la ciudad y, por otro, mantener viva la profunda conexi\u00f3n del autor de &#8216;Campos de Castilla&#8217; con Soria.<\/p>\n<p>Desde el pasado 25 de julio, los comercios adheridos exhiben sus creaciones, invitando a sorianos y visitantes a un paseo cultural y comercial por la ciudad. La iniciativa busca no solo embellecer los escaparates, sino tambi\u00e9n generar un recorrido tem\u00e1tico que ponga en valor tanto la oferta comercial como el legado del poeta.<\/p>\n<p>Dos concursos en uno: libros y escaparates<\/p>\n<p>La campa\u00f1a se articula a trav\u00e9s de dos concursos paralelos en los que la creatividad es la principal protagonista. La organizaci\u00f3n ha buscado implicar a los establecimientos de una forma original y visualmente atractiva.<\/p>\n<p>Concurso de pintura del libro de Machado<\/p>\n<p>Cada uno de los 39 comercios participantes ha recibido un <strong>distintivo corp\u00f3reo en forma de libro<\/strong>, con unas dimensiones de 100&#215;75 cm. Estos libros, expuestos en el exterior de los locales, han sido decorados con t\u00e9cnica libre por personas designadas por cada establecimiento. La \u00fanica condici\u00f3n es que la tem\u00e1tica de la intervenci\u00f3n art\u00edstica est\u00e9 directamente relacionada con Antonio Machado y su v\u00ednculo con Soria.<\/p>\n<p>Concurso de decoraci\u00f3n de escaparates<\/p>\n<p>De forma complementaria, los establecimientos integran la misma tem\u00e1tica machadiana en la <strong>decoraci\u00f3n general de sus escaparates<\/strong>. En este caso, deben combinar de forma creativa los productos o servicios que comercializan con elementos que evoquen la figura y la obra del poeta, creando una atm\u00f3sfera \u00fanica que capte la atenci\u00f3n de los viandantes.<\/p>\n<p>Votaci\u00f3n popular abierta hasta el 15 de agosto<\/p>\n<p>Una de las claves de la iniciativa es la implicaci\u00f3n del p\u00fablico. Seg\u00fan detallan desde la organizaci\u00f3n, se ha habilitado un periodo de <strong>votaci\u00f3n para el jurado popular<\/strong> que estar\u00e1 activo desde el 1 hasta el 15 de agosto. Los ciudadanos que deseen participar y elegir sus decoraciones favoritas podr\u00e1n hacerlo a trav\u00e9s de <strong><a href=\"https:\/\/pr.easypromosapp.com\/p\/994223\" target=\"_blank\" rel=\"noopener  noreferrer nofollow\" title=\"Ir a: https:\/\/pr.easypromosapp.com\/p\/994223\">una plataforma electr\u00f3nica habilitada para la ocasi\u00f3n<\/a><\/strong>.<\/p>\n","protected":false},"excerpt":{"rendered":"El Ayuntamiento de Soria y la C\u00e1mara de Comercio impulsan la 18\u00aa edici\u00f3n de &#8216;Soria, escaparate de Machado&#8217;&hellip;\n","protected":false},"author":2,"featured_media":29778,"comment_status":"","ping_status":"","sticky":false,"template":"","format":"standard","meta":{"footnotes":""},"categories":[172],"tags":[296,224,146,147,25,15817,24,8185,15819,225,11576,246,23,15816,15818],"class_list":{"0":"post-29777","1":"post","2":"type-post","3":"status-publish","4":"format-standard","5":"has-post-thumbnail","7":"category-libros","8":"tag-agosto","9":"tag-books","10":"tag-entertainment","11":"tag-entretenimiento","12":"tag-es","13":"tag-escaparates","14":"tag-espana","15":"tag-gigantes","16":"tag-hasta","17":"tag-libros","18":"tag-machado","19":"tag-soria","20":"tag-spain","21":"tag-versos","22":"tag-viste"},"share_on_mastodon":{"url":"","error":""},"_links":{"self":[{"href":"https:\/\/www.europesays.com\/es\/wp-json\/wp\/v2\/posts\/29777","targetHints":{"allow":["GET"]}}],"collection":[{"href":"https:\/\/www.europesays.com\/es\/wp-json\/wp\/v2\/posts"}],"about":[{"href":"https:\/\/www.europesays.com\/es\/wp-json\/wp\/v2\/types\/post"}],"author":[{"embeddable":true,"href":"https:\/\/www.europesays.com\/es\/wp-json\/wp\/v2\/users\/2"}],"replies":[{"embeddable":true,"href":"https:\/\/www.europesays.com\/es\/wp-json\/wp\/v2\/comments?post=29777"}],"version-history":[{"count":0,"href":"https:\/\/www.europesays.com\/es\/wp-json\/wp\/v2\/posts\/29777\/revisions"}],"wp:featuredmedia":[{"embeddable":true,"href":"https:\/\/www.europesays.com\/es\/wp-json\/wp\/v2\/media\/29778"}],"wp:attachment":[{"href":"https:\/\/www.europesays.com\/es\/wp-json\/wp\/v2\/media?parent=29777"}],"wp:term":[{"taxonomy":"category","embeddable":true,"href":"https:\/\/www.europesays.com\/es\/wp-json\/wp\/v2\/categories?post=29777"},{"taxonomy":"post_tag","embeddable":true,"href":"https:\/\/www.europesays.com\/es\/wp-json\/wp\/v2\/tags?post=29777"}],"curies":[{"name":"wp","href":"https:\/\/api.w.org\/{rel}","templated":true}]}}