{"id":297810,"date":"2025-12-20T11:57:09","date_gmt":"2025-12-20T11:57:09","guid":{"rendered":"https:\/\/www.europesays.com\/es\/297810\/"},"modified":"2025-12-20T11:57:09","modified_gmt":"2025-12-20T11:57:09","slug":"ficcion-sonora-el-pais-de-la-pizarra-de-ana-maria-matute","status":"publish","type":"post","link":"https:\/\/www.europesays.com\/es\/297810\/","title":{"rendered":"Ficci\u00f3n sonora &#8211; &#8216;El pa\u00eds de la pizarra&#8217;, de Ana Mar\u00eda Matute"},"content":{"rendered":"<p>En este a\u00f1o 2025 recordamos el centenario del nacimiento de una de nuestras grandes escritoras del siglo XX: <strong>Ana Mar\u00eda Matute<\/strong>. <strong>Radio Nacional<\/strong> le quiere rendir homenaje con una <strong>nueva ficci\u00f3n sonora <\/strong>protagonizada por <strong>Luc\u00eda Caraballo<\/strong>.<\/p>\n<p>Ana Mar\u00eda Matute nos dio muchas lecciones a lo largo de sus a\u00f1os dedicados a la literatura, pero quiz\u00e1s dos sean las que m\u00e1s debemos interiorizar. En primer lugar, que para ella la literatura era, en esencia, buscar la posibilidad de un mundo mejor; y en segundo, que la <strong>inocencia infantil<\/strong> siempre reflejaba la realidad frente a la <strong>hipocres\u00eda de los adultos<\/strong>.<\/p>\n<p>Estos mensajes est\u00e1n claramente presentes en <strong>El pa\u00eds de la pizarra<\/strong>, una versi\u00f3n sonora del cuento de Ana Mar\u00eda Matute publicado en <strong>1957<\/strong>.<\/p>\n<p>\u00bfEres de ciencias o de letras? \u00bfTe gustan las mates o la literatura? \u00bfQui\u00e9n es m\u00e1s inteligente? \u00bfY qui\u00e9n m\u00e1s sensible?, \u00bfEres cuadriculado o te sientes libre? \u00bfQui\u00e9n no se ha hecho estas preguntas alguna vez, y m\u00e1s cuando eres peque\u00f1o y recorres el camino que define tu personalidad?<\/p>\n<p>Todas ellas est\u00e1n en el fondo del cuento El pa\u00eds de la pizarra, de Ana Mar\u00eda Matute, que ha elaborado el<strong> equipo de ficci\u00f3n sonora de RNE<\/strong> y narra la voz de Luc\u00eda Caraballo.<\/p>\n<p>Un relato para ni\u00f1os que los mayores van a disfrutar tanto como ellos. Todos se van a ver reflejados en las aventuras de un gran rescate con esp\u00edas, hadas, mariquitas m\u00e1gicas y un mundo de n\u00fameros y letras que se enfrentan en una gran batalla. \u00bfQui\u00e9n va a ganar? Pues lo tendr\u00e1s que averiguar escuchando El pa\u00eds de la pizarra.<\/p>\n<p><strong>Cr\u00e9ditos<\/strong><\/p>\n<p>NARRADORA: <strong>Luc\u00eda Caraballo<\/strong><\/p>\n<p>MONCHO: <strong>Rodri Mart\u00edn<\/strong><\/p>\n<p>FELPA: <strong>Marina Romero<\/strong><\/p>\n<p>PELUSA: <strong>Celia S\u00e1nchez<\/strong><\/p>\n<p>MARIQUITA Y CARACOL: <strong>Adriana Jord\u00e1n<\/strong><\/p>\n<p>ESTRELLA MARIANA: <strong>Amaya Prieto<\/strong><\/p>\n<p>LETRA A: <strong>Irene Rivas<\/strong><\/p>\n<p>N\u00daMERO 9: <strong>Juan Su\u00e1rez<\/strong><\/p>\n<p>N\u00daMERO 8: <strong>Ricardo Peralta<\/strong><\/p>\n<p>Realizaci\u00f3n y dise\u00f1o sonoro: <strong>Mayca Aguilera<\/strong><\/p>\n<p>Direcci\u00f3n: <strong>Benigno Moreno<\/strong><\/p>\n","protected":false},"excerpt":{"rendered":"En este a\u00f1o 2025 recordamos el centenario del nacimiento de una de nuestras grandes escritoras del siglo XX:&hellip;\n","protected":false},"author":2,"featured_media":297811,"comment_status":"","ping_status":"","sticky":false,"template":"","format":"standard","meta":{"footnotes":""},"categories":[91],"tags":[70863,70864,146,147,25,24,70862,133,1448,1986,1987,23],"class_list":{"0":"post-297810","1":"post","2":"type-post","3":"status-publish","4":"format-standard","5":"has-post-thumbnail","7":"category-entretenimiento","8":"tag-el-pais-de-la-pizarra","9":"tag-de-ana-maria-matute","10":"tag-entertainment","11":"tag-entretenimiento","12":"tag-es","13":"tag-espana","14":"tag-ficcion-sonora","15":"tag-online","16":"tag-radio","17":"tag-rne","18":"tag-rtve-play","19":"tag-spain"},"share_on_mastodon":{"url":"https:\/\/pubeurope.com\/@es\/115751777404327066","error":""},"_links":{"self":[{"href":"https:\/\/www.europesays.com\/es\/wp-json\/wp\/v2\/posts\/297810","targetHints":{"allow":["GET"]}}],"collection":[{"href":"https:\/\/www.europesays.com\/es\/wp-json\/wp\/v2\/posts"}],"about":[{"href":"https:\/\/www.europesays.com\/es\/wp-json\/wp\/v2\/types\/post"}],"author":[{"embeddable":true,"href":"https:\/\/www.europesays.com\/es\/wp-json\/wp\/v2\/users\/2"}],"replies":[{"embeddable":true,"href":"https:\/\/www.europesays.com\/es\/wp-json\/wp\/v2\/comments?post=297810"}],"version-history":[{"count":0,"href":"https:\/\/www.europesays.com\/es\/wp-json\/wp\/v2\/posts\/297810\/revisions"}],"wp:featuredmedia":[{"embeddable":true,"href":"https:\/\/www.europesays.com\/es\/wp-json\/wp\/v2\/media\/297811"}],"wp:attachment":[{"href":"https:\/\/www.europesays.com\/es\/wp-json\/wp\/v2\/media?parent=297810"}],"wp:term":[{"taxonomy":"category","embeddable":true,"href":"https:\/\/www.europesays.com\/es\/wp-json\/wp\/v2\/categories?post=297810"},{"taxonomy":"post_tag","embeddable":true,"href":"https:\/\/www.europesays.com\/es\/wp-json\/wp\/v2\/tags?post=297810"}],"curies":[{"name":"wp","href":"https:\/\/api.w.org\/{rel}","templated":true}]}}