{"id":297814,"date":"2025-12-20T11:59:08","date_gmt":"2025-12-20T11:59:08","guid":{"rendered":"https:\/\/www.europesays.com\/es\/297814\/"},"modified":"2025-12-20T11:59:08","modified_gmt":"2025-12-20T11:59:08","slug":"fondos-de-bolsa-y-de-renta-fija-para-invertir-en-2026-expansion","status":"publish","type":"post","link":"https:\/\/www.europesays.com\/es\/297814\/","title":{"rendered":"Fondos de Bolsa y de renta fija para invertir en 2026 &#8211; Expansi\u00f3n"},"content":{"rendered":"<ol>\n<li><a href=\"https:\/\/news.google.com\/rss\/articles\/CBMiigFBVV95cUxOUDdmSkRkOHlZTHgzVlUwT3d6RUhJWHFNTG5udUtZU3p2YUJRMkstTlR0eU1KdHBfbGNjZzBkc3VLZk5rVE1WYTVtNWFpR1ZXOERIMlBKa19rWl9RLWt2OVZRcEpaVklaOVV4SG1XZm5yRU5jc24wQlQ0RXp2UlVUZjZiT1g2c29IY0HSAYoBQVVfeXFMTjlsLUhPbDNTWnNqUkNjbHFCcEp4bzEzZE5Hd1oxUW5uTWVieWxVWmh0Ulo5b2c0TWdpTWNhbmtEdUVCaTNpTGQ2N1NVdkxHaWl6V0hhOE82WV9WREFWR3VSUEt2MmVMRzI0QklvU0kzSUVWVEFJcE40RnVCUjhzdXFJSmdxOVU4VThB?oc=5\" target=\"_blank\" rel=\"nofollow noopener\">Fondos de Bolsa y de renta fija para invertir en 2026<\/a>&nbsp;&nbsp;Expansi\u00f3n<\/li>\n<li><a href=\"https:\/\/news.google.com\/rss\/articles\/CBMigAFBVV95cUxQejFHT1ktY3RMUmZQcHNmVDZhMWQxT1I5S1BWTzM1aDZHclZvc3NwSGY3b3pnU1hvZWk4dDYwSWxIVndDT0xXVUVRYjJSWkxHUDk3VDhSa1NDVGw0NzFlZ3hNUjgzNVNNQU1YVkE3SnFLak5DNTJoU3NtZXg4cEZfSw?oc=5\" target=\"_blank\" rel=\"nofollow noopener\">D\u00f3nde invertir en 2026: oportunidades en Bolsa<\/a>&nbsp;&nbsp;Expansi\u00f3n<\/li>\n<li><a href=\"https:\/\/news.google.com\/rss\/articles\/CBMiyAFBVV95cUxNMXZvR0lKbENhU2cwc1BNczBuMTBzLXozck8tdVMtSW5BU2pCWEhXd3NxUzZuOTVFZjUyQ1N2eUtfUXdHTGZCSzV3OTdOOEstdEJsWkVaeEJadGxvZFhwRElqblJnVjdWSXFFWnlZOW9UQ2lOdXoxWVhtOENFSWF3WVI1SDE1ZmxORm13NS1hZVROaXNzaDAxZEpqV0lCbjhITU42Y3FzWEdLQ3lpdG1JWk1RTFJiLXVERW84eXItMW9QTVFfMEhmUtIBnwFBVV95cUxObEs5ZWZaMkJlc0RPS0JmcjltOG50UnhtVzJSNkFkcFJzUVU0YURnUmtGUW1oNmpVOWd0ZnBhNW9LUHh3eld1Rm5OdXd0UVBSWHloTTJQWmZLbEFpd3J1TlBjTWhfZ1FPMk5NV1p6UjQ5WHRlTldrWk9QSmZpNmpzRklZQ3Y5ay05LUh1c0Q3WndUWlBwdWx6M0ctc2dvT3c?oc=5\" target=\"_blank\" rel=\"nofollow noopener\">El mercado se va a volver muy exigente en 2026, grandes oportunidades y riesgos<\/a>&nbsp;&nbsp;Estrategias de Inversi\u00f3n<\/li>\n<li><a href=\"https:\/\/news.google.com\/rss\/articles\/CBMizgFBVV95cUxQQ0VzdHVwSWVXQWxLTzVpXzVfTVRzLUl5Y2pxQmFkTUFqbUZaZHJvdVBGZFRDNkcxUXR6M3hza1E5d1ZtMFZrYlVMX2c2MklkQ1phbk5uMUVGbW1yUHpaS0lCOS1EZ2dJOUs2WmJiZjBLM2x3dV9zTVF4X1FzUUQ4UlRCM1FzZlZFZTlvTF9KNEMyd1dkOUFEbnFINEszMTFpTkdkR3lhM0t4YkEyTGJDSm1idVEwdUNxYnIydFRSR3ZuaG9IbFdBZTQxMC12QQ?oc=5\" target=\"_blank\" rel=\"nofollow noopener\">La renta variable seguir\u00e1 creciendo en 2026 pero de manera mucho m\u00e1s moderada Por EFE<\/a>&nbsp;&nbsp;Investing.com Espa\u00f1ol<\/li>\n<li><a href=\"https:\/\/news.google.com\/rss\/articles\/CBMiqgFBVV95cUxPZEJEQTRSUFFnbzljSV92T0xob08tSFh2ZWNRbEN2VTNWVFVXUHFQeXZndEM0OWZGY2JoUmZGMnIycVdLZTVCSFlxT2NBQzAzaGNSSmRvcjhRZGx4SGhUUDRreFJjMzg4Y0NJQkxSZnl6Sld4ZjF3MjhKb2dvcXhOMEVhQjdKaWFhOV9yZmcxTXVMRWJabXpLcUZ6VVYtZFcwOWk2ZWJxaTZFUQ?oc=5\" target=\"_blank\" rel=\"nofollow noopener\">\u00bfQu\u00e9 pasar\u00e1 en las diferentes bolsas en el pr\u00f3ximo 2026?<\/a>&nbsp;&nbsp;Ultima Hora<\/li>\n<\/ol>\n","protected":false},"excerpt":{"rendered":"Fondos de Bolsa y de renta fija para invertir en 2026&nbsp;&nbsp;Expansi\u00f3n D\u00f3nde invertir en 2026: oportunidades en Bolsa&nbsp;&nbsp;Expansi\u00f3n&hellip;\n","protected":false},"author":2,"featured_media":297815,"comment_status":"","ping_status":"","sticky":false,"template":"","format":"standard","meta":{"footnotes":""},"categories":[80],"tags":[82,95,94,25,24,25907,114,64389,23],"class_list":{"0":"post-297814","1":"post","2":"type-post","3":"status-publish","4":"format-standard","5":"has-post-thumbnail","7":"category-economia","8":"tag-business","9":"tag-economia","10":"tag-economy","11":"tag-es","12":"tag-espana","13":"tag-fondos-de-inversion","14":"tag-mercados","15":"tag-mercados-fondos","16":"tag-spain"},"share_on_mastodon":{"url":"","error":""},"_links":{"self":[{"href":"https:\/\/www.europesays.com\/es\/wp-json\/wp\/v2\/posts\/297814","targetHints":{"allow":["GET"]}}],"collection":[{"href":"https:\/\/www.europesays.com\/es\/wp-json\/wp\/v2\/posts"}],"about":[{"href":"https:\/\/www.europesays.com\/es\/wp-json\/wp\/v2\/types\/post"}],"author":[{"embeddable":true,"href":"https:\/\/www.europesays.com\/es\/wp-json\/wp\/v2\/users\/2"}],"replies":[{"embeddable":true,"href":"https:\/\/www.europesays.com\/es\/wp-json\/wp\/v2\/comments?post=297814"}],"version-history":[{"count":0,"href":"https:\/\/www.europesays.com\/es\/wp-json\/wp\/v2\/posts\/297814\/revisions"}],"wp:featuredmedia":[{"embeddable":true,"href":"https:\/\/www.europesays.com\/es\/wp-json\/wp\/v2\/media\/297815"}],"wp:attachment":[{"href":"https:\/\/www.europesays.com\/es\/wp-json\/wp\/v2\/media?parent=297814"}],"wp:term":[{"taxonomy":"category","embeddable":true,"href":"https:\/\/www.europesays.com\/es\/wp-json\/wp\/v2\/categories?post=297814"},{"taxonomy":"post_tag","embeddable":true,"href":"https:\/\/www.europesays.com\/es\/wp-json\/wp\/v2\/tags?post=297814"}],"curies":[{"name":"wp","href":"https:\/\/api.w.org\/{rel}","templated":true}]}}