{"id":297857,"date":"2025-12-20T12:36:09","date_gmt":"2025-12-20T12:36:09","guid":{"rendered":"https:\/\/www.europesays.com\/es\/297857\/"},"modified":"2025-12-20T12:36:09","modified_gmt":"2025-12-20T12:36:09","slug":"todo-lo-que-se-nos-habia-olvidado-de-ana-obregon-y-merece-la-pena-recordar","status":"publish","type":"post","link":"https:\/\/www.europesays.com\/es\/297857\/","title":{"rendered":"todo lo que se nos hab\u00eda olvidado de Ana Obreg\u00f3n y merece la pena recordar"},"content":{"rendered":"\n<ul class=\"bodyList bodyList--unordered\">\n<li class=\"bodyList__item\"><a href=\"https:\/\/www.vanitatis.elconfidencial.com\/famosos\/2025-03-18\/ana-obregon-70-anos-quirofano-congelada-tiempo_4087754\/\" target=\"_self\" rel=\"nofollow noopener\">Ana Obreg\u00f3n cumple 70 a\u00f1os congelada en el tiempo: \u00abNo pienso volver al quir\u00f3fano\u00bb<\/a><\/li>\n<li class=\"bodyList__item\"><a href=\"https:\/\/profile.google.com\/cp\/Cg0vZy8xMXhsazQyaHcw\" target=\"_blank\" rel=\"nofollow noopener\">Sigue a Vanitatis en Google para enterarte de todas las noticias<\/a><\/li>\n<\/ul>\n<p> Rostro imprescindible de la televisi\u00f3n en Espa\u00f1a, a lo largo de las \u00faltimas d\u00e9cadas hemos <strong>compartido numerosos momentos con Ana Obreg\u00f3n.<\/strong> As\u00ed, hemos re\u00eddo con sus an\u00e9cdotas, jugado en ic\u00f3nicos espacios como &#8216;Qu\u00e9 apostamos&#8217;,<a href=\"https:\/\/www.vanitatis.elconfidencial.com\/famosos\/2020-11-27\/ana-obregon-recuerdo-alex-lequio-miami_2850864\/\" target=\"_self\" rel=\"nofollow noopener\"> llorado con la muerte de su hijo \u00c1lex Lequio <\/a>y comido las uvas en multitud de ocasiones. <\/p>\n<p> Toda una vida donde todav\u00eda quedan sorpresas por descubrir. As\u00ed, tras revelaciones de &#8216;The New York Times&#8217; sobre<strong> la estrecha amistad entre la actriz y Jeffrey Epstein,<\/strong> durante los a\u00f1os 80. Una etapa en Nueva York que ha salido a la luz por las posibles conexiones empresariales y amistosas, sobre las que <a href=\"https:\/\/www.vanitatis.elconfidencial.com\/famosos\/2025-12-16\/ana-obregon-primeras-palabras-relacion-caso-jeffrey-epstein-inversion-padres_4268003\/\" target=\"_self\" rel=\"nofollow noopener\">Ana Obreg\u00f3n ya ha querido dar sus primeras palabras.<\/a> <\/p>\n<p>               Ana Obreg\u00f3n comparti\u00f3 esta imagen en sus historias de Instagram. (Instagram\/@ana_obregon_oficial)             <\/p>\n<p> A trav\u00e9s de su aparici\u00f3n en &#8216;Y ahora Sonsoles&#8217;, la presentadora destac\u00f3 que <strong>no hubo ning\u00fan tipo de v\u00ednculo de negocios<\/strong>. Adem\u00e1s de asegurar que se arrepiente de su amistad: \u00ab\u00bbEstoy flipando con todo esto, porque no es plato de buen gusto. Me pone nerviosa, que te unan a un depravado de esa magnitud, es asqueroso. <strong>Me repugna haber sido su amiga, <\/strong>me hierve la sangre\u00bb. <\/p>\n<p> Un complicado momento para la madre de \u00c1lex Lequio que nos lleva a<strong> recordar otras an\u00e9cdotas de su etapa en Estados Unidos<\/strong>, en esta ocasi\u00f3n mucho m\u00e1s divertidas y entra\u00f1ables. <strong>Recuerdos sobre los que ella misma ha hablado <\/strong>en multitud de ocasiones, que quiz\u00e1s todav\u00eda no conoc\u00edas, como ha hecho &#8216;Abe The Ape&#8217; en su perfil de Instagram. <\/p>\n<p>            Las an\u00e9cdotas de Ana Obreg\u00f3n           <\/p>\n<p> No es el caso de (probablemente) la paella m\u00e1s famosa del mundo. A trav\u00e9s de una amiga en com\u00fan, la tambi\u00e9n actriz Bo Derek, <strong>Ana Obreg\u00f3n termin\u00f3 haciendo una paella en casa de Steven Spielberg.<\/strong> \u00abMi madre me dijo c\u00f3mo hacerla y se me olvidaron las notas\u2026 la paella era lo m\u00e1s repugnante, no me sali\u00f3 ni amarillo el arroz, pero <strong>Spielberg estuvo educad\u00edsimo<\/strong>\u00ab, recordaba en &#8216;En la tuya o en la m\u00eda&#8217;, programa de Bert\u00edn Osborne. <\/p>\n<p> Adem\u00e1s, tampoco podemos olvidar c\u00f3mo <strong>particip\u00f3 en dos episodios del &#8216;Equipo A&#8217; en 1986<\/strong>, convirti\u00e9ndose una terrorista llamada Marta. Un papel en el que interpretaba tambi\u00e9n al inter\u00e9s amoroso de Hannibal. \u00abMe pas\u00f3 una cosa incre\u00edble. Como le ten\u00eda que besar<strong> me hicieron hacer el test del sida,<\/strong> f\u00edjate t\u00fa, con la de besos que luego te dan en el cine\u00bb, recordaba en &#8216;Viva la Vida&#8217;. <\/p>\n<blockquote class=\"instagram-media\" data-instgrm-permalink=\"https:\/\/www.instagram.com\/p\/DRSp9BgCEK8\/?utm_source=ig_embed&amp;utm_campaign=loading\" data-instgrm-version=\"14\" style=\" background:#FFF; border:0; border-radius:3px; box-shadow:0 0 1px 0 rgba(0,0,0,0.5),0 1px 10px 0 rgba(0,0,0,0.15); margin: 1px; max-width:540px; min-width:326px; padding:0; width:99.375%; width:-webkit-calc(100% - 2px); width:calc(100% - 2px);\"\/>\n<p> Una etapa en Estados Unidos donde tambi\u00e9n<strong> logr\u00f3 peque\u00f1os papeles en &#8216;General Hospital&#8217; y &#8216;\u00bfQui\u00e9n es el jefe?&#8217;,<\/strong> donde sufri\u00f3 una detenci\u00f3n por prepararse demasiado bien un casting. \u00abMe detuvieron por ir demasiado caracterizada a<strong> una prueba en la que hac\u00eda de prostituta<\/strong>\u00ab, explic\u00f3 sobre c\u00f3mo acudi\u00f3 vestida a una audici\u00f3n. en &#8216;El Hormiguero&#8217;. <\/p>\n<p> Adem\u00e1s, tras un sufrir un asalto en su casa de Los \u00c1ngeles, <strong>pas\u00f3 a vivir con Julio Iglesias, amigo de sus padres<\/strong>, que resid\u00eda en la ciudad con sus res hijos mayores. <strong>\u00abPas\u00e9 de vivir en un cutrer\u00edo a vivir en Bel\u2011Air\u00bb, <\/strong>recordaba en &#8216;Lazos de Sangre&#8217;. Una etapa sobre la que siempre habla con mucho cari\u00f1o, rememorando numerosas an\u00e9cdotas con el artista y sus hijos. Aunque m\u00e1s all\u00e1 de su etapa estadounidense, tampoco podemos olvidarnos de c\u00f3mo su futuro pudo cambiar por completo. <\/p>\n<p> <strong>Ana Obrego\u0301n y Alberto de Mo\u0301naco<\/strong> se conocieron en julio de 1986 en un torneo de golf en Montecarlo. \u00abDurante esos di\u0301as inolvidables cenamos, paseamos por la playa, salimos a bailar, a<strong>sisti\u0301 a un co\u0301ctel en palacio, visitamos el Museo Oceanogra\u0301fico <\/strong>e intentamos estar la mayor parte del tiempo juntos\u2026\u00bb, record\u00f3 ella misma en su biograf\u00eda &#8216;As\u00ed Soy&#8217;. <\/p>\n<p>               Julio Iglesias y Ana Obreg\u00f3n, en una foto de la historias de Instagram de la actriz. (Instagram\/@ana_obregon_oficial)             <\/p>\n<p> Adem\u00e1s de desvelar <strong>numeroso detalles sobre sus encuentros<\/strong> entre M\u00f3naco y Madrid. \u00abNuestros cuerpos volvieron a enredarse durante esa noche en la que la luna fue nuestro u\u0301nico testigo. <strong>A la salida me escape\u0301 de nuevo por el parking<\/strong> del hotel casi al amanecer y consegui\u0301 que los paparazzi, que todavi\u0301a haci\u0301an guardia en el hall y en la calle, no me vieran\u00bb, recordaba en sus memorias sobre una de sus citas en la capital. <\/p>\n<p> Sin embargo, tras un a\u00f1o de cercan\u00eda, \u00abcomprendi\u0301 que<strong> jama\u0301s me acostumbrari\u0301a al protocolo,<\/strong> a estar callada, a cenar rodeados de paparazzi (los suyos y los mi\u0301os) y, mucho menos, <strong>a convertirme en una mujer florero.<\/strong> Regrese\u0301 a Espan\u0303a con un adio\u0301s sellado con un beso. Con Alberto vivi\u0301 un cuento cuyo final estaba anunciado desde el principio\u00bb, a\u00f1ad\u00eda en su libro. Una vida repleta de an\u00e9cdotas donde todav\u00eda quedan muchas p\u00e1ginas por escribir. <\/p>\n<p>         <script async src=\"\/\/www.instagram.com\/embed.js\"><\/script><\/p>\n","protected":false},"excerpt":{"rendered":"Ana Obreg\u00f3n cumple 70 a\u00f1os congelada en el tiempo: \u00abNo pienso volver al quir\u00f3fano\u00bb Sigue a Vanitatis en&hellip;\n","protected":false},"author":2,"featured_media":297858,"comment_status":"","ping_status":"","sticky":false,"template":"","format":"standard","meta":{"footnotes":""},"categories":[174],"tags":[255,146,147,25,24,256,23],"class_list":{"0":"post-297857","1":"post","2":"type-post","3":"status-publish","4":"format-standard","5":"has-post-thumbnail","7":"category-famosos","8":"tag-celebrities","9":"tag-entertainment","10":"tag-entretenimiento","11":"tag-es","12":"tag-espana","13":"tag-famosos","14":"tag-spain"},"share_on_mastodon":{"url":"https:\/\/pubeurope.com\/@es\/115751930157818990","error":""},"_links":{"self":[{"href":"https:\/\/www.europesays.com\/es\/wp-json\/wp\/v2\/posts\/297857","targetHints":{"allow":["GET"]}}],"collection":[{"href":"https:\/\/www.europesays.com\/es\/wp-json\/wp\/v2\/posts"}],"about":[{"href":"https:\/\/www.europesays.com\/es\/wp-json\/wp\/v2\/types\/post"}],"author":[{"embeddable":true,"href":"https:\/\/www.europesays.com\/es\/wp-json\/wp\/v2\/users\/2"}],"replies":[{"embeddable":true,"href":"https:\/\/www.europesays.com\/es\/wp-json\/wp\/v2\/comments?post=297857"}],"version-history":[{"count":0,"href":"https:\/\/www.europesays.com\/es\/wp-json\/wp\/v2\/posts\/297857\/revisions"}],"wp:featuredmedia":[{"embeddable":true,"href":"https:\/\/www.europesays.com\/es\/wp-json\/wp\/v2\/media\/297858"}],"wp:attachment":[{"href":"https:\/\/www.europesays.com\/es\/wp-json\/wp\/v2\/media?parent=297857"}],"wp:term":[{"taxonomy":"category","embeddable":true,"href":"https:\/\/www.europesays.com\/es\/wp-json\/wp\/v2\/categories?post=297857"},{"taxonomy":"post_tag","embeddable":true,"href":"https:\/\/www.europesays.com\/es\/wp-json\/wp\/v2\/tags?post=297857"}],"curies":[{"name":"wp","href":"https:\/\/api.w.org\/{rel}","templated":true}]}}