{"id":297885,"date":"2025-12-20T12:58:08","date_gmt":"2025-12-20T12:58:08","guid":{"rendered":"https:\/\/www.europesays.com\/es\/297885\/"},"modified":"2025-12-20T12:58:08","modified_gmt":"2025-12-20T12:58:08","slug":"abqar-sufre-una-rotura-muscular-y-queda-descartado-en-el-getafe-para-visitar-al-betis","status":"publish","type":"post","link":"https:\/\/www.europesays.com\/es\/297885\/","title":{"rendered":"Abqar sufre una rotura muscular y queda descartado en el Getafe para visitar al Betis"},"content":{"rendered":"<p class=\"voc-p\" style=\"\">Abdel Abqar ser\u00e1 baja en el Getafe CF para visitar al Real Betis en el \u00faltimo encuentro oficial de ambos equipos en este a\u00f1o natural de 2025, correspondiente a la 17\u00aa jornada de LaLiga 25-26 de Primera divisi\u00f3n. El central marroqu\u00ed sufri\u00f3 un problema  &#8230; muscular en la primera parte ante el Burgos el jueves en el duelo de dieciseisavos de final de la Copa del Rey que le oblig\u00f3 a ser sustituido. Las im\u00e1genes que dejaba el exjugador del Alav\u00e9s en el banquillo, totalmente derrotado, hac\u00edan presagiar que no habr\u00eda buenas noticias sobre su estado f\u00edsico.<\/p>\n<p class=\"voc-p\" style=\"\">Lo que se confirm\u00f3 en la tarde de ayer. Y es que tras pasar las pruebas m\u00e9dicas correspondientes, \u00e9stas indican que Abqar sufre una rotura muscular que le obliga a parar y por lo tanto a quedar descartado para el partido en la Cartuja previsto para ma\u00f1ana domingo a partir de las 21 horas. <\/p>\n<p class=\"voc-p\" style=\"\">El futbolista marroqu\u00ed ven\u00eda teniendo un rendimiento bastante positivo en el eje de la defensa del equipo getafense y hab\u00eda sido uno de los jugadores m\u00e1s destacados en el reciente duelo liguero frente al Espanyol, tuvo que pedir el cambio en el minuto 20 del duelo copero tras notar unas molestias musculares, dejando su lugar en el terreno de juego a Domingos Duarte, quien no estuvo contundente en la acci\u00f3n del 2-1 para el cuadro burgal\u00e9s y que tiene muchas papeletas para ocupar el sitio de Abqar en el once ante el Betis.<\/p>\n<p>\nArt\u00edculo solo para suscriptores\n<\/p>\n<p>Reportar un error<\/p>\n","protected":false},"excerpt":{"rendered":"Abdel Abqar ser\u00e1 baja en el Getafe CF para visitar al Real Betis en el \u00faltimo encuentro oficial&hellip;\n","protected":false},"author":2,"featured_media":297886,"comment_status":"","ping_status":"","sticky":false,"template":"","format":"standard","meta":{"footnotes":""},"categories":[268],"tags":[70877,291,168,50303,25,24,280,282,13723,14988,3041,34853,281,23,167,11463,11833],"class_list":{"0":"post-297885","1":"post","2":"type-post","3":"status-publish","4":"format-standard","5":"has-post-thumbnail","7":"category-futbol","8":"tag-abqar","9":"tag-betis","10":"tag-deportes","11":"tag-descartado","12":"tag-es","13":"tag-espana","14":"tag-football","15":"tag-futbol","16":"tag-getafe","17":"tag-muscular","18":"tag-queda","19":"tag-rotura","20":"tag-soccer","21":"tag-spain","22":"tag-sports","23":"tag-sufre","24":"tag-visitar"},"share_on_mastodon":{"url":"https:\/\/pubeurope.com\/@es\/115752017419795515","error":""},"_links":{"self":[{"href":"https:\/\/www.europesays.com\/es\/wp-json\/wp\/v2\/posts\/297885","targetHints":{"allow":["GET"]}}],"collection":[{"href":"https:\/\/www.europesays.com\/es\/wp-json\/wp\/v2\/posts"}],"about":[{"href":"https:\/\/www.europesays.com\/es\/wp-json\/wp\/v2\/types\/post"}],"author":[{"embeddable":true,"href":"https:\/\/www.europesays.com\/es\/wp-json\/wp\/v2\/users\/2"}],"replies":[{"embeddable":true,"href":"https:\/\/www.europesays.com\/es\/wp-json\/wp\/v2\/comments?post=297885"}],"version-history":[{"count":0,"href":"https:\/\/www.europesays.com\/es\/wp-json\/wp\/v2\/posts\/297885\/revisions"}],"wp:featuredmedia":[{"embeddable":true,"href":"https:\/\/www.europesays.com\/es\/wp-json\/wp\/v2\/media\/297886"}],"wp:attachment":[{"href":"https:\/\/www.europesays.com\/es\/wp-json\/wp\/v2\/media?parent=297885"}],"wp:term":[{"taxonomy":"category","embeddable":true,"href":"https:\/\/www.europesays.com\/es\/wp-json\/wp\/v2\/categories?post=297885"},{"taxonomy":"post_tag","embeddable":true,"href":"https:\/\/www.europesays.com\/es\/wp-json\/wp\/v2\/tags?post=297885"}],"curies":[{"name":"wp","href":"https:\/\/api.w.org\/{rel}","templated":true}]}}