{"id":297911,"date":"2025-12-20T13:17:10","date_gmt":"2025-12-20T13:17:10","guid":{"rendered":"https:\/\/www.europesays.com\/es\/297911\/"},"modified":"2025-12-20T13:17:10","modified_gmt":"2025-12-20T13:17:10","slug":"por-lo-que-cobra-mi-tio-que-siga","status":"publish","type":"post","link":"https:\/\/www.europesays.com\/es\/297911\/","title":{"rendered":"Por lo que cobra mi t\u00edo, que siga"},"content":{"rendered":"<p class=\"paragraph\">Toni Nadal desvel\u00f3 este jueves en El Larguero que durante toda su etapa como entrenador de su sobrino Rafa Nadal <b>\u00abno cobraba\u00bb por sus servicios profesionales<\/b>. La confesi\u00f3n lleg\u00f3 mientras el expreparador analizaba la inesperada ruptura entre Carlos Alcaraz y Juan Carlos Ferrero, una separaci\u00f3n que ha sacudido el mundo del tenis en 2025 y cuyas causas reales permanecen en el misterio pese a los comunicados publicados en redes sociales.<\/p>\n<p class=\"paragraph\">El preparador mallorqu\u00edn explic\u00f3 que su peculiar situaci\u00f3n contractual le otorgaba una libertad total para exigir y corregir sin temor a consecuencias. <b>\u00abEl que paga manda. Como nunca he cobrado nada como entrenador de Rafa, le pod\u00eda decir lo que quer\u00eda\u00bb<\/b>, afirm\u00f3 Toni Nadal durante su intervenci\u00f3n radiof\u00f3nica. Esta circunstancia, lejos de ser una debilidad, se convirti\u00f3 en una fortaleza que permiti\u00f3 al t\u00e9cnico mantener una posici\u00f3n de autoridad moral incuestionable frente a su pupilo durante m\u00e1s de dos d\u00e9cadas de colaboraci\u00f3n.<\/p>\n<p class=\"paragraph\">La an\u00e9cdota m\u00e1s reveladora lleg\u00f3 cuando Manu Carre\u00f1o, conductor del programa, se\u00f1al\u00f3 que le hab\u00eda salido muy barato a Rafa Nadal tener a su t\u00edo como entrenador. Toni Nadal respondi\u00f3 entre risas: <b>\u00abPor eso estuve tanto tiempo<\/b>. Nosotros somos medio catalanes. Rafael dec\u00eda &#8216;por lo que cobra mi t\u00edo, que siga'\u00bb. Esta declaraci\u00f3n con tono humor\u00edstico refleja la relaci\u00f3n especial entre t\u00edo y sobrino, donde los v\u00ednculos familiares prevalecieron sobre las consideraciones puramente econ\u00f3micas durante a\u00f1os de \u00e9xitos compartidos.<\/p>\n<p class=\"paragraph\">Toni Nadal profundiz\u00f3 en las ventajas que le proporcionaba esta situaci\u00f3n laboral at\u00edpica en el circuito profesional del tenis. El preparador considera que <b>\u00ablos tenistas necesitan alguien que les diga las cosas que otros no se atreven a decirles\u00bb<\/b>. Esta franqueza absoluta, seg\u00fan su criterio, resulta fundamental para el desarrollo del deportista, especialmente cuando alcanza la \u00e9lite mundial y se rodea de personas que tienden a evitar los conflictos o las cr\u00edticas directas.<\/p>\n<p class=\"paragraph\">Respecto a la separaci\u00f3n entre Carlos Alcaraz y Juan Carlos Ferrero, Toni Nadal descart\u00f3 motivos deportivos:<b> \u00abEl problema no es ten\u00edstico porque los resultados han sido impecables\u00bb<\/b>. El murciano ha conquistado m\u00faltiples t\u00edtulos bajo la direcci\u00f3n de Ferrero, incluyendo varios Grand Slam, lo que hace a\u00fan m\u00e1s sorprendente esta ruptura inesperada que ha generado todo tipo de especulaciones en el entorno del tenis mundial.<\/p>\n<p>Informaci\u00f3n generada con ayuda de Inteligencia Artificial<\/p>\n<p> <a class=\"enlace-texto-ia\" href=\"https:\/\/www.heraldo.es\/noticias\/comunicacion\/2023\/11\/23\/compromiso-heraldo-innovacion-precision-informativa-1691520.html\" rel=\"nofollow noopener\" target=\"_blank\">Saberm\u00e1s<\/a><\/p>\n","protected":false},"excerpt":{"rendered":"Toni Nadal desvel\u00f3 este jueves en El Larguero que durante toda su etapa como entrenador de su sobrino&hellip;\n","protected":false},"author":2,"featured_media":297912,"comment_status":"","ping_status":"","sticky":false,"template":"","format":"standard","meta":{"footnotes":""},"categories":[274],"tags":[1571,11318,168,2226,25,24,12648,3489,1789,23,167,327,326],"class_list":{"0":"post-297911","1":"post","2":"type-post","3":"status-publish","4":"format-standard","5":"has-post-thumbnail","7":"category-tenis","8":"tag-cobra","9":"tag-cobro","10":"tag-deportes","11":"tag-entrenador","12":"tag-es","13":"tag-espana","14":"tag-ia-news","15":"tag-nadal","16":"tag-revela","17":"tag-spain","18":"tag-sports","19":"tag-tenis","20":"tag-tennis"},"share_on_mastodon":{"url":"https:\/\/pubeurope.com\/@es\/115752091206323696","error":""},"_links":{"self":[{"href":"https:\/\/www.europesays.com\/es\/wp-json\/wp\/v2\/posts\/297911","targetHints":{"allow":["GET"]}}],"collection":[{"href":"https:\/\/www.europesays.com\/es\/wp-json\/wp\/v2\/posts"}],"about":[{"href":"https:\/\/www.europesays.com\/es\/wp-json\/wp\/v2\/types\/post"}],"author":[{"embeddable":true,"href":"https:\/\/www.europesays.com\/es\/wp-json\/wp\/v2\/users\/2"}],"replies":[{"embeddable":true,"href":"https:\/\/www.europesays.com\/es\/wp-json\/wp\/v2\/comments?post=297911"}],"version-history":[{"count":0,"href":"https:\/\/www.europesays.com\/es\/wp-json\/wp\/v2\/posts\/297911\/revisions"}],"wp:featuredmedia":[{"embeddable":true,"href":"https:\/\/www.europesays.com\/es\/wp-json\/wp\/v2\/media\/297912"}],"wp:attachment":[{"href":"https:\/\/www.europesays.com\/es\/wp-json\/wp\/v2\/media?parent=297911"}],"wp:term":[{"taxonomy":"category","embeddable":true,"href":"https:\/\/www.europesays.com\/es\/wp-json\/wp\/v2\/categories?post=297911"},{"taxonomy":"post_tag","embeddable":true,"href":"https:\/\/www.europesays.com\/es\/wp-json\/wp\/v2\/tags?post=297911"}],"curies":[{"name":"wp","href":"https:\/\/api.w.org\/{rel}","templated":true}]}}