{"id":297917,"date":"2025-12-20T13:22:10","date_gmt":"2025-12-20T13:22:10","guid":{"rendered":"https:\/\/www.europesays.com\/es\/297917\/"},"modified":"2025-12-20T13:22:10","modified_gmt":"2025-12-20T13:22:10","slug":"lady-gaga-ni-le-tiene-miedo-a-la-ia-ni-desmiente-una-futura-colaboracion-con-the-weeknd-musica","status":"publish","type":"post","link":"https:\/\/www.europesays.com\/es\/297917\/","title":{"rendered":"Lady Gaga ni le tiene miedo a la IA ni desmiente una futura colaboraci\u00f3n con The Weeknd | M\u00fasica"},"content":{"rendered":"<p><b>Lady Gaga<\/b> ha vivido un 2025 de dulce con <a href=\"https:\/\/los40.com\/2025\/03\/07\/critica-de-mayhem-de-lady-gaga-un-buen-disco-pop-que-se-pierde-en-el-oceano-de-las-expectativas\/\" target=\"_blank\" rel=\"noreferrer nofollow noopener\" title=\"https:\/\/los40.com\/2025\/03\/07\/critica-de-mayhem-de-lady-gaga-un-buen-disco-pop-que-se-pierde-en-el-oceano-de-las-expectativas\/\"><b>Mayhem<\/b><\/a>, su primer disco en cinco a\u00f1os (desde Chromatica y sin contar el proyecto de Harlequin vinculado a su personaje en Joker 2).<\/p>\n<p>Con este \u00e1lbum, la artista ha vuelto a los grandes recintos de todo el mundo con The Mayhem Ball, entre ellas, al<a href=\"https:\/\/los40.com\/2025\/10\/29\/cronica-lady-gaga-y-su-mayhem-ball-demuestran-a-barcelona-por-que-es-la-mejor-popstar-de-todos-los-tiempos\/\" target=\"_blank\" rel=\"noreferrer nofollow noopener\" title=\"https:\/\/los40.com\/2025\/10\/29\/cronica-lady-gaga-y-su-mayhem-ball-demuestran-a-barcelona-por-que-es-la-mejor-popstar-de-todos-los-tiempos\/\"><b> Palau Sant Jordi de Barcelona el pasado mes de octubre.<\/b><\/a> Ahora bien, sus \u00faltimos cincos shows del a\u00f1o en Australia no son los \u00faltimos de esta gira; <b>para 2026 tiene programados otra treintena de espect\u00e1culos entre Asia y Norteam\u00e9rica,<\/b> culminando el 13 de abril en el emblem\u00e1tico Madison Square Garden de Nueva York.<\/p>\n<p>Sobre su vuelta a los escenarios y la nueva m\u00fasica en la que est\u00e1 trabajando, la Germanotta se ha conectado por videollamada con Zane Lowe para Apple Music, y ha dado todos estos titulares.<\/p>\n<p><img decoding=\"async\" src=\"https:\/\/los40.com\/pf\/resources\/img\/logo-40-v-c.svg?d=922\" alt=\"LOS40\" class=\"i-pro\" width=\"68\" height=\"68\" loading=\"lazy\"\/><img loading=\"lazy\" decoding=\"async\" src=\"https:\/\/www.europesays.com\/es\/wp-content\/uploads\/2025\/12\/1766236930_278_maxresdefault.jpg\" width=\"16\" height=\"9\"\/>Lo que le ha removido revisitar Born This Way de tour<\/p>\n<p>\u00abEs curioso c\u00f3mo las canciones cambian su significado con el paso del tiempo. Tanto si eres compositor como si simplemente escuchas m\u00fasica, una canci\u00f3n puede transformarse. Me sent\u00ed muy emocionada al interpretarla de nuevo<b>. Volver a <\/b><b>Born This Way<\/b><b> fue algo realmente interesante. Esa m\u00fasica tiene para m\u00ed una enorme relevancia por su conexi\u00f3n con Nueva York. <\/b>Aunque hace tiempo que no vivo all\u00ed, la ciudad me form\u00f3 como artista. Retomar esas canciones al piano y explorar ahora sus historias <b>ha sido muy revelador. Me descubro recordando una y otra vez por qu\u00e9 empec\u00e9 a hacer m\u00fasica:<\/b> ten\u00eda mucho que ver con no sentirme vista cuando estaba en el instituto\u00bb.<\/p>\n<p>\u00abTodo lo que atraviesas con tu familia, con amigos o incluso con personas que no lo son, yo siempre<b> lo canalic\u00e9 a trav\u00e9s de la m\u00fasica. No dir\u00eda que era terapia; nunca me ha gustado llamarlo as\u00ed. Para m\u00ed es algo distinto. <\/b>Al volver a esas canciones, me di cuenta de que ese sentimiento sigue vivo en m\u00ed: el anhelo de comprender qui\u00e9n soy y encontrar mi lugar, sin importar cu\u00e1nto haya avanzado o cu\u00e1nta m\u00fasica haya hecho\u00bb.<\/p>\n<p>Sin miedo a la IA, siempre que la autenticidad est\u00e9 por encima de todo<\/p>\n<p>\u00abSer humano no va a pasar de moda. La m\u00fasica pop puede ser muy pulida y matem\u00e1tica, pero sigue requiriendo disciplina y profundidad. Si tuviera que resumir estos \u00faltimos dos a\u00f1os en una palabra, ser\u00eda &#8216;oficio&#8217;. Aprender, ser curiosa y mantener la sencillez me ayuda a no perder el rumbo. MAYHEM me ense\u00f1\u00f3 mucho, y aunque no todos los discos lo hacen, para m\u00ed la m\u00fasica es mi gran maestra\u00bb.<\/p>\n<p>\u00abHoy s\u00e9 con total certeza que, cuando entregas tu mejor versi\u00f3n de manera aut\u00e9ntica \u2014en cada instrumento, melod\u00eda, letra y voz\u2014 no hay dudas sobre si diste lo m\u00e1ximo. Manipular la verdad para que otros te entiendan mejor es contraproducente. Mis artistas favoritos siempre han sido aquellos que, m\u00e1s all\u00e1 del estilo o la est\u00e9tica, muestran qui\u00e9nes son realmente. <\/p>\n<p>La \u00fanica &#8216;t\u00e9cnica&#8217; en el estudio es ser uno mismo y llevarse m\u00e1s lejos que nunca, sin artificios. En una canci\u00f3n como Abracadabra, <b>el verdadero truco no es la magia, sino ser fiel a quien eres.<\/b><\/p>\n<p>Su vuelta al estudio&#8230; \u00bfcon The Weeknd?<\/p>\n<p>\u00abEstuve en el estudio y he estado creando mucha m\u00fasica. Es especialmente inspirador componer cuando ves a tus fans cada noche. Estoy muy feliz. <b>Este \u00e1lbum \u2015<\/b><b>MAYHEM\u2015 <\/b><b>ha conectado de una forma incre\u00edble con el p\u00fablico. Cada concierto es algo muy especial. He hecho discos que conectaron con una parte de mis fans y otros con el p\u00fablico general, pero cuando logras conectar con ambos al mismo tiempo, es una sensaci\u00f3n \u00fanica<\/b>. El espect\u00e1culo combina cl\u00e1sicos con el nuevo material, y eso es maravilloso. Aunque el show est\u00e1 muy coreografiado, siempre hay espacio para contar la historia de forma distinta cada noche\u00bb.<\/p>\n<p>A la pregunta del locutor sobre <b>si habr\u00e1 nuevo repertorio con Abel Tesfaye alias <\/b><a href=\"https:\/\/los40.com\/2023\/07\/25\/the-weekend-lady-gaga-y-otros-artistas-que-podrian-acabar-con-sus-alter-ego-y-crear-otra-faceta-musical\/\" target=\"_blank\" rel=\"noreferrer nofollow noopener\" title=\"https:\/\/los40.com\/2023\/07\/25\/the-weekend-lady-gaga-y-otros-artistas-que-podrian-acabar-con-sus-alter-ego-y-crear-otra-faceta-musical\/\"><b>The Weeknd<\/b><\/a><b>,<\/b> Lady Gaga se limita a decir que \u00abamo a Abel, y eso es todo lo que voy a decir. Soy una gran admiradora suya\u00bb. No lo confirma, pero tampoco lo desmiente&#8230; lo cual, invita al optimismo.<\/p>\n<p>Del mismo modo, Lowe quiso saber c\u00f3mo har\u00e1 jazz sin Toni Bennett, fallecido en julio de 2023 y con el que la cantante comparte Cheek to Cheek (2014) y Love for Sale (2021). \u00bb El jazz consiste en romper las reglas constantemente. <b>Siempre ser\u00e9 estudiante de este g\u00e9nero. <\/b><b>Harlequin <\/b><b>fue mi primer proyecto sin Tony. <\/b>No s\u00e9 qu\u00e9 habr\u00eda pensado, pero siempre me sorprend\u00eda con su apertura art\u00edstica. Era incre\u00edblemente punk en ese sentido. Eso <b>ha cambiado mi forma de abordar el jazz y estoy deseando que los fans descubran lo que estamos preparando<\/b>\u00ab.<\/p>\n","protected":false},"excerpt":{"rendered":"Lady Gaga ha vivido un 2025 de dulce con Mayhem, su primer disco en cinco a\u00f1os (desde Chromatica&hellip;\n","protected":false},"author":2,"featured_media":297918,"comment_status":"","ping_status":"","sticky":false,"template":"","format":"standard","meta":{"footnotes":""},"categories":[174],"tags":[255,146,147,25,24,256,23],"class_list":{"0":"post-297917","1":"post","2":"type-post","3":"status-publish","4":"format-standard","5":"has-post-thumbnail","7":"category-famosos","8":"tag-celebrities","9":"tag-entertainment","10":"tag-entretenimiento","11":"tag-es","12":"tag-espana","13":"tag-famosos","14":"tag-spain"},"share_on_mastodon":{"url":"https:\/\/pubeurope.com\/@es\/115752111801713223","error":""},"_links":{"self":[{"href":"https:\/\/www.europesays.com\/es\/wp-json\/wp\/v2\/posts\/297917","targetHints":{"allow":["GET"]}}],"collection":[{"href":"https:\/\/www.europesays.com\/es\/wp-json\/wp\/v2\/posts"}],"about":[{"href":"https:\/\/www.europesays.com\/es\/wp-json\/wp\/v2\/types\/post"}],"author":[{"embeddable":true,"href":"https:\/\/www.europesays.com\/es\/wp-json\/wp\/v2\/users\/2"}],"replies":[{"embeddable":true,"href":"https:\/\/www.europesays.com\/es\/wp-json\/wp\/v2\/comments?post=297917"}],"version-history":[{"count":0,"href":"https:\/\/www.europesays.com\/es\/wp-json\/wp\/v2\/posts\/297917\/revisions"}],"wp:featuredmedia":[{"embeddable":true,"href":"https:\/\/www.europesays.com\/es\/wp-json\/wp\/v2\/media\/297918"}],"wp:attachment":[{"href":"https:\/\/www.europesays.com\/es\/wp-json\/wp\/v2\/media?parent=297917"}],"wp:term":[{"taxonomy":"category","embeddable":true,"href":"https:\/\/www.europesays.com\/es\/wp-json\/wp\/v2\/categories?post=297917"},{"taxonomy":"post_tag","embeddable":true,"href":"https:\/\/www.europesays.com\/es\/wp-json\/wp\/v2\/tags?post=297917"}],"curies":[{"name":"wp","href":"https:\/\/api.w.org\/{rel}","templated":true}]}}