{"id":297949,"date":"2025-12-20T13:46:10","date_gmt":"2025-12-20T13:46:10","guid":{"rendered":"https:\/\/www.europesays.com\/es\/297949\/"},"modified":"2025-12-20T13:46:10","modified_gmt":"2025-12-20T13:46:10","slug":"virginia-troconis-comparte-un-significativo-mensaje-con-motivo-de-su-46-cumpleanos","status":"publish","type":"post","link":"https:\/\/www.europesays.com\/es\/297949\/","title":{"rendered":"Virginia Troconis comparte un significativo mensaje con motivo de su 46 cumplea\u00f1os"},"content":{"rendered":"<p>La <strong>marquesa de Gri\u00f1\u00f3n<\/strong> y su marido, <strong>\u00cd\u00f1igo Onieva,<\/strong> han disfrutado de una noche inolvidable al lado de unos buenos amigos.\u00a0<\/p>\n<p><strong>\u00abFeliz cumplea\u00f1os<\/strong> de nuevo, <strong>Navin<\/strong>: eres el mejor\u00bb, comienza diciendo la socialit\u00e9 en sus redes sociales, donde ha compartido algunas im\u00e1genes de la velada que ha compartido con personas de su c\u00edrculo.<\/p>\n<p>En esta cita se ha reunido con<strong>\u00a0Navin Fabiani,<\/strong> heredero de una familia de origen indio con negocios con v\u00ednculos entre Espa\u00f1a y Bombay, y su mujer,\u00a0<strong>Sonam Fabiani,<\/strong>\u00a0una dise\u00f1adora y emprendedora de moda, conocida por su firma de lujo Esse Vie y por su vida social en c\u00edrculos internacionales de alto nivel. La pareja, que contrajo matrimonio en <strong>2017 <\/strong>en <strong>Viena<\/strong>, vive a caballo entre <strong>Madrid, Londres y Dub\u00e1i<\/strong>.<\/p>\n<p>\u00abMuy agradecida a ti y a Sonam por vuestra calidez, vuestra generosidad y por hacer que todo el mundo se sienta como en casa. Y <strong>Sonam Fabiani<\/strong>, <strong>ese discurso fue pura magia<\/strong>: elegante, emocionante, ingenioso y brillante, como t\u00fa\u00bb, termina diciendo.<\/p>\n","protected":false},"excerpt":{"rendered":"La marquesa de Gri\u00f1\u00f3n y su marido, \u00cd\u00f1igo Onieva, han disfrutado de una noche inolvidable al lado de&hellip;\n","protected":false},"author":2,"featured_media":297950,"comment_status":"","ping_status":"","sticky":false,"template":"","format":"standard","meta":{"footnotes":""},"categories":[174],"tags":[926,255,2919,146,147,25,24,256,22085,3365,27512,34617,19283,23,5184,53425],"class_list":{"0":"post-297949","1":"post","2":"type-post","3":"status-publish","4":"format-standard","5":"has-post-thumbnail","7":"category-famosos","8":"tag-ana-peleteiro","9":"tag-celebrities","10":"tag-el-cordobes","11":"tag-entertainment","12":"tag-entretenimiento","13":"tag-es","14":"tag-espana","15":"tag-famosos","16":"tag-imagenes-del-dia","17":"tag-jessica-bueno","18":"tag-kris-jenner","19":"tag-manuel-diaz","20":"tag-romeo-beckham","21":"tag-spain","22":"tag-tamara-falco","23":"tag-virginia-troconis"},"share_on_mastodon":{"url":"https:\/\/pubeurope.com\/@es\/115752205361476863","error":""},"_links":{"self":[{"href":"https:\/\/www.europesays.com\/es\/wp-json\/wp\/v2\/posts\/297949","targetHints":{"allow":["GET"]}}],"collection":[{"href":"https:\/\/www.europesays.com\/es\/wp-json\/wp\/v2\/posts"}],"about":[{"href":"https:\/\/www.europesays.com\/es\/wp-json\/wp\/v2\/types\/post"}],"author":[{"embeddable":true,"href":"https:\/\/www.europesays.com\/es\/wp-json\/wp\/v2\/users\/2"}],"replies":[{"embeddable":true,"href":"https:\/\/www.europesays.com\/es\/wp-json\/wp\/v2\/comments?post=297949"}],"version-history":[{"count":0,"href":"https:\/\/www.europesays.com\/es\/wp-json\/wp\/v2\/posts\/297949\/revisions"}],"wp:featuredmedia":[{"embeddable":true,"href":"https:\/\/www.europesays.com\/es\/wp-json\/wp\/v2\/media\/297950"}],"wp:attachment":[{"href":"https:\/\/www.europesays.com\/es\/wp-json\/wp\/v2\/media?parent=297949"}],"wp:term":[{"taxonomy":"category","embeddable":true,"href":"https:\/\/www.europesays.com\/es\/wp-json\/wp\/v2\/categories?post=297949"},{"taxonomy":"post_tag","embeddable":true,"href":"https:\/\/www.europesays.com\/es\/wp-json\/wp\/v2\/tags?post=297949"}],"curies":[{"name":"wp","href":"https:\/\/api.w.org\/{rel}","templated":true}]}}