{"id":297951,"date":"2025-12-20T13:47:11","date_gmt":"2025-12-20T13:47:11","guid":{"rendered":"https:\/\/www.europesays.com\/es\/297951\/"},"modified":"2025-12-20T13:47:11","modified_gmt":"2025-12-20T13:47:11","slug":"carabanchel-se-convierte-en-una-galeria-de-arte-a-cielo-abierto","status":"publish","type":"post","link":"https:\/\/www.europesays.com\/es\/297951\/","title":{"rendered":"Carabanchel se convierte en una galer\u00eda de arte a cielo abierto"},"content":{"rendered":"<p class=\"mce\">El <strong class=\"mce\">distrito de Carabanchel<\/strong> se transforma en uno de los escenarios culturales m\u00e1s vibrantes de la capital con la nueva <strong class=\"mce\">Ruta del Arte<\/strong>, una iniciativa del Ayuntamiento de Madrid que convierte las calles, plazas y fachadas en un gran <strong class=\"mce\">museo al aire libre<\/strong>.<\/p>\n<p class=\"mce\">El proyecto \u2014resultado de la colaboraci\u00f3n entre artistas, colectivos, vecinos y la junta municipal\u2014 propone un <strong class=\"mce\">recorrido<\/strong> permanente por m\u00e1s de una treintena de <strong class=\"mce\">murales, esculturas y obras de arte urbano<\/strong> que invitan a celebrar el orgullo cultural del barrio.<\/p>\n<p>                <a href=\"https:\/\/www.telemadrid.es\/programas\/telenoticias-1\/El-mural-mas-grande-de-Espana-ya-luce-en-la-fachada-del-Palacio-Vistalegre-de-Carabanchel-2-2769043096--20250410030427.html\" class=\"lnk\" target=\"_blank\" rel=\"nofollow noopener\">El mural m\u00e1s grande de Espa\u00f1a ya luce en la fachada del Palacio Vistalegre de Carabanchel<\/a><\/p>\n<p class=\"mce\">La presentaci\u00f3n oficial tuvo lugar en <strong class=\"mce\">Galer\u00eda 95 Art Gallery<\/strong>, con la asistencia de la concejala delegada de Turismo, <strong class=\"mce\">Almudena Ma\u00edllo<\/strong>, y el concejal presidente del distrito, <strong class=\"mce\">Carlos Izquierdo<\/strong>.<\/p>\n<p class=\"mce\">La ruta se enmarca en el <strong class=\"mce\">programa Distrito 11<\/strong>, una apuesta estrat\u00e9gica para consolidar a Carabanchel como un <strong class=\"mce\">polo cultural emergente<\/strong> dentro de Madrid y un reclamo tanto para residentes como para visitantes.<\/p>\n<p>                <a href=\"https:\/\/www.telemadrid.es\/noticias\/madrid\/Carabanchel-se-convierte-en-un-gran-lienzo-colectivo-con-un-mural-elaborado-con-mas-de-2000-latas-recicladas-0-2836516336--20251121122602.html\" class=\"lnk\" target=\"_blank\" rel=\"nofollow noopener\">Carabanchel se convierte en un gran lienzo colectivo con un mural elaborado con m\u00e1s de 2.000 latas recicladas<\/a><\/p>\n<p class=\"mce\">La Ruta del Arte est\u00e1 dividida en <strong class=\"mce\">dos itinerarios principales<\/strong> que parten desde la glorieta del Marqu\u00e9s de Vadillo. Uno de ellos recorre la calle de <strong class=\"mce\">Antonio Leyva<\/strong>, donde se han colocado esculturas y piezas contempor\u00e1neas en plazas y medianeras \u2014entre ellas obras destacadas como El \u00e1rbol de la vida y la escultura de Hermes del artista Rafael Canogar\u2014 integrando el arte dentro del paisaje urbano cotidiano.<\/p>\n<p class=\"mce\">El segundo itinerario discurre por la calle del <strong class=\"mce\">General Ricardos<\/strong>, un eje que acoge una veintena de murales y grafitis realizados por artistas nacionales e internacionales. Entre las intervenciones m\u00e1s llamativas se encuentran el mural 13, Rue del Percebe, La Chulapa o Compartiendo Muros, que ofrecen un mosaico de estilos y mensajes en plena v\u00eda p\u00fablica.<\/p>\n<p class=\"mce\">La ruta est\u00e1 disponible de forma permanente en la <strong class=\"mce\">web del proyecto Distrito 11<\/strong>, donde se puede consultar el mapa completo del itinerario. Adem\u00e1s, la junta municipal ha anunciado que se <strong class=\"mce\">ampliar\u00e1 con nuevas obras<\/strong> en los pr\u00f3ximos meses, reforzando el car\u00e1cter din\u00e1mico de este paseo art\u00edstico urbano.<\/p>\n","protected":false},"excerpt":{"rendered":"El distrito de Carabanchel se transforma en uno de los escenarios culturales m\u00e1s vibrantes de la capital con&hellip;\n","protected":false},"author":2,"featured_media":297952,"comment_status":"","ping_status":"","sticky":false,"template":"","format":"standard","meta":{"footnotes":""},"categories":[173],"tags":[229,233,231,230,70885,232,234,146,147,25,24,70888,70886,70887,23],"class_list":{"0":"post-297951","1":"post","2":"type-post","3":"status-publish","4":"format-standard","5":"has-post-thumbnail","7":"category-arte-y-diseno","8":"tag-arte","9":"tag-arte-y-diseno","10":"tag-arts","11":"tag-arts-and-design","12":"tag-carabanchel-arte-urbano","13":"tag-design","14":"tag-diseno","15":"tag-entertainment","16":"tag-entretenimiento","17":"tag-es","18":"tag-espana","19":"tag-galerias-madrid","20":"tag-murales-y-esculturas-en-madrid","21":"tag-ruta-del-arte-carabanchel","22":"tag-spain"},"share_on_mastodon":{"url":"https:\/\/pubeurope.com\/@es\/115752209176791146","error":""},"_links":{"self":[{"href":"https:\/\/www.europesays.com\/es\/wp-json\/wp\/v2\/posts\/297951","targetHints":{"allow":["GET"]}}],"collection":[{"href":"https:\/\/www.europesays.com\/es\/wp-json\/wp\/v2\/posts"}],"about":[{"href":"https:\/\/www.europesays.com\/es\/wp-json\/wp\/v2\/types\/post"}],"author":[{"embeddable":true,"href":"https:\/\/www.europesays.com\/es\/wp-json\/wp\/v2\/users\/2"}],"replies":[{"embeddable":true,"href":"https:\/\/www.europesays.com\/es\/wp-json\/wp\/v2\/comments?post=297951"}],"version-history":[{"count":0,"href":"https:\/\/www.europesays.com\/es\/wp-json\/wp\/v2\/posts\/297951\/revisions"}],"wp:featuredmedia":[{"embeddable":true,"href":"https:\/\/www.europesays.com\/es\/wp-json\/wp\/v2\/media\/297952"}],"wp:attachment":[{"href":"https:\/\/www.europesays.com\/es\/wp-json\/wp\/v2\/media?parent=297951"}],"wp:term":[{"taxonomy":"category","embeddable":true,"href":"https:\/\/www.europesays.com\/es\/wp-json\/wp\/v2\/categories?post=297951"},{"taxonomy":"post_tag","embeddable":true,"href":"https:\/\/www.europesays.com\/es\/wp-json\/wp\/v2\/tags?post=297951"}],"curies":[{"name":"wp","href":"https:\/\/api.w.org\/{rel}","templated":true}]}}