{"id":297991,"date":"2025-12-20T14:18:11","date_gmt":"2025-12-20T14:18:11","guid":{"rendered":"https:\/\/www.europesays.com\/es\/297991\/"},"modified":"2025-12-20T14:18:11","modified_gmt":"2025-12-20T14:18:11","slug":"el-rapero-que-tampoco-se-salvo-del-ice-y-casi-fue-deportado","status":"publish","type":"post","link":"https:\/\/www.europesays.com\/es\/297991\/","title":{"rendered":"el rapero que tampoco se salv\u00f3 del ICE y casi fue deportado"},"content":{"rendered":"<p>21 Savage es una de las <strong>caras m\u00e1s visibles<\/strong> de la escena de <strong>Atlanta<\/strong>. En general los raperos de este estado siempre han llevado como bandera su lugar de procedencia. Es considerada junto a <strong>Chicago<\/strong> una de las grandes <strong>cunas del trap<\/strong>, pero ahora parecen tener una estrella menos en su roster. La m\u00fasica de 21, su acento y narrativa estaba completamente atadas a la ciudad y nunca entr\u00f3 en conversaci\u00f3n la probabilidad de que el rapero estuviese mintiendo sobre su origen.\u00a0<\/p>\n<p>\u00a0<\/p>\n<p>Fue en el a\u00f1o 2019 donde para sorpresa de todos, el <strong>ICE<\/strong> (Immigration and Customs Enforcement) <strong>arrest\u00f3<\/strong> al rapero en Atlanta. Al principio se especulaba sobre un posible delito de armas o drogas, un cl\u00e1sico en los raperos calle estadounidenses, pero el motivo de su arresto no era un nuevo delito, era su estatus migratorio. El ICE public\u00f3 que hab\u00eda <strong>nacido en Londres<\/strong> y que entr\u00f3 ilegalmente cuando era un ni\u00f1o. En principio parecer\u00eda no haber problema, pero <strong>su visa expir\u00f3 en el a\u00f1o 2006<\/strong> y desde ese a\u00f1o se encontr\u00f3 viviendo en una situaci\u00f3n de irregularidad, lo que deriv\u00f3 en un proceso formal de deportaci\u00f3n.\u00a0<\/p>\n<p>\u00a0<\/p>\n<p>El caso impact\u00f3 por que el <strong>shock<\/strong> fue doble. Una gran <strong>contradicci\u00f3n p\u00fablica,<\/strong> porque el artista representaba Atlanta como identidad cultural no era nacido all\u00ed, tambi\u00e9n por una <strong>cuesti\u00f3n estructural. <\/strong>\u00c9l lleg\u00f3 a EEUU siendo menor y aunque no tom\u00f3 las decisiones por su propio pie, carg\u00f3 con las consecuencias legales de un adulto. Fue un <strong>s\u00edmbolo<\/strong> de el sistema migratorio fallido estadounidense, especialmente para las personas que crecieron en el pa\u00eds de manera indocumentada.\u00a0<\/p>\n<p>\u00a0<\/p>\n<p>21 estuvo <strong>varios d\u00edas detenido <\/strong>y fue <strong>puesto en libertad<\/strong> bajo fianza el 12 de febrero de 2019, en una situaci\u00f3n de limbo legal. <strong>No pudo salir <\/strong>del pa\u00eds en varios a\u00f1os ni hacer conciertos en el extranjero, su caso fue pospuesto varias veces y tuvo tambi\u00e9n restricciones de viaje nacionales. En su defensa salieron <strong>grandes figuras <\/strong>como Jay-Z y diferentes organizaciones de derechos migratorios lo utilizaron como ejemplo medi\u00e1tico, defendi\u00e9ndolo pero tambi\u00e9n poniendo en cuesti\u00f3n si el desenlace ser\u00eda diferente si Savage no fuese famoso y millonario.<\/p>\n<p>\u00a0<\/p>\n<blockquote class=\"twitter-tweet\" data-media-max-width=\"560\">\n<p dir=\"ltr\" lang=\"en\">When 21 Savage was arrested by ICE and was threatened with deportation, JAY-Z put lawyers on his case and helped him regain his freedom. When 21 got out, he offered to pay Hov back but Hov said \u201cI don\u2019t want your money, pay me back by being great\u201d. <a href=\"https:\/\/t.co\/JNUJE4Br2l\" rel=\"nofollow\">pic.twitter.com\/JNUJE4Br2l<\/a><\/p>\n<p>\u2014 \ud83d\udc8e\ud83c\udf7e (@TheRocSupremacy) <a href=\"https:\/\/twitter.com\/TheRocSupremacy\/status\/1834643285870026968?ref_src=twsrc%5Etfw\" rel=\"nofollow noopener\" target=\"_blank\">September 13, 2024<\/a><\/p><\/blockquote>\n<p>La resoluci\u00f3n final fue una <strong>green card,<\/strong> tambi\u00e9n conocida como <strong>residencia permanente legal. <\/strong>No enfrenta deportaci\u00f3n, puede vivir y trabajar en Estados Unidos y viajar al extranjero sin restricciones migratorias, anunciando despu\u00e9s una gira internacional.\u00a0<\/p>\n<p>\u00a0<\/p>\n<p>El caso representa que el sistema migratorio estadounidense no distingue entre adultos y decisiones tomadas en la infancia, la identidad y pertenencia cultural no garantiza nada y que la fama influye en el resultado pero no elimina dicho problema estructural. 21 no fue deportado pero su caso dej\u00f3 claro que en <strong>Estados Unidos no hay nada por encima de el dinero y el ICE.<\/strong> La gran pregunta central de caso sigue siendo como se hubiese dado la situaci\u00f3n si el rapero hubiese sido de una <strong>clase social inferior <\/strong>o no tuviese el apoyo de figuras tan influyentes culturalmente en el pa\u00eds del t\u00edo Sam, como el propio Jay Z.\u00a0<\/p>\n<p>\u00a0<\/p>\n<p><script async src=\"https:\/\/platform.twitter.com\/widgets.js\" charset=\"utf-8\"><\/script><\/p>\n","protected":false},"excerpt":{"rendered":"21 Savage es una de las caras m\u00e1s visibles de la escena de Atlanta. En general los raperos&hellip;\n","protected":false},"author":2,"featured_media":297992,"comment_status":"","ping_status":"","sticky":false,"template":"","format":"standard","meta":{"footnotes":""},"categories":[170],"tags":[146,147,25,24,184,185,23],"class_list":{"0":"post-297991","1":"post","2":"type-post","3":"status-publish","4":"format-standard","5":"has-post-thumbnail","7":"category-musica","8":"tag-entertainment","9":"tag-entretenimiento","10":"tag-es","11":"tag-espana","12":"tag-music","13":"tag-musica","14":"tag-spain"},"share_on_mastodon":{"url":"https:\/\/pubeurope.com\/@es\/115752331263475965","error":""},"_links":{"self":[{"href":"https:\/\/www.europesays.com\/es\/wp-json\/wp\/v2\/posts\/297991","targetHints":{"allow":["GET"]}}],"collection":[{"href":"https:\/\/www.europesays.com\/es\/wp-json\/wp\/v2\/posts"}],"about":[{"href":"https:\/\/www.europesays.com\/es\/wp-json\/wp\/v2\/types\/post"}],"author":[{"embeddable":true,"href":"https:\/\/www.europesays.com\/es\/wp-json\/wp\/v2\/users\/2"}],"replies":[{"embeddable":true,"href":"https:\/\/www.europesays.com\/es\/wp-json\/wp\/v2\/comments?post=297991"}],"version-history":[{"count":0,"href":"https:\/\/www.europesays.com\/es\/wp-json\/wp\/v2\/posts\/297991\/revisions"}],"wp:featuredmedia":[{"embeddable":true,"href":"https:\/\/www.europesays.com\/es\/wp-json\/wp\/v2\/media\/297992"}],"wp:attachment":[{"href":"https:\/\/www.europesays.com\/es\/wp-json\/wp\/v2\/media?parent=297991"}],"wp:term":[{"taxonomy":"category","embeddable":true,"href":"https:\/\/www.europesays.com\/es\/wp-json\/wp\/v2\/categories?post=297991"},{"taxonomy":"post_tag","embeddable":true,"href":"https:\/\/www.europesays.com\/es\/wp-json\/wp\/v2\/tags?post=297991"}],"curies":[{"name":"wp","href":"https:\/\/api.w.org\/{rel}","templated":true}]}}