{"id":297997,"date":"2025-12-20T14:21:35","date_gmt":"2025-12-20T14:21:35","guid":{"rendered":"https:\/\/www.europesays.com\/es\/297997\/"},"modified":"2025-12-20T14:21:35","modified_gmt":"2025-12-20T14:21:35","slug":"personas-que-sufren-migrana","status":"publish","type":"post","link":"https:\/\/www.europesays.com\/es\/297997\/","title":{"rendered":"Personas que sufren migra\u00f1a"},"content":{"rendered":"<p>\n        <strong>\u201cMe quiero morir\u201d<\/strong>. Es el deseo que han experimentado en cientos de ocasiones <strong>pacientes de migra\u00f1a como Eva Ortega y Roc\u00edo Blein<\/strong>. Una <a href=\"https:\/\/www.noticiasdegipuzkoa.eus\/tags\/enfermedad\/\" title=\"enfermedad\" target=\"_blank\" class=\"link copy\" rel=\"nofollow noopener\">enfermedad <\/a>que \u201cno se ve\u201d, pero que puede arruinar la vida de quienes la padecen si no tienen un<strong> buen diagn\u00f3stico y una adecuada asesor\u00eda m\u00e9dica<\/strong>, psicol\u00f3gica y personal.\u00a0\u201cPorque nos roba oportunidades laborales y profesionales, oportunidades y autoestima\u201d, sostienen.<strong>\u00a0\u201cEs una enfermedad poco comprendida\u201d<\/strong>.\n<\/p>\n<p class=\"article-body__text \">\n        La <strong>ansiedad <\/strong>es cinco veces m\u00e1s frecuente en pacientes con migra\u00f1a, \u201cadem\u00e1s siempre estamos pendiente de que el episodio pueda aparecer\u201d, reconoce Eva, que al igual que Roc\u00edo forman parte de la<a href=\"https:\/\/www.dolordecabeza.net\/\" title=\"Asociaci\u00f3n Espa\u00f1ola de Migra\u00f1a y Cefalea\" rel=\"nofollow noopener\" target=\"_blank\" class=\"link copy\"> Asociaci\u00f3n Espa\u00f1ola de Migra\u00f1a y Cefalea<\/a> (AEMICE). Sin embargo, lo peor es la incomprensi\u00f3n de las <strong>personas de tu entorno que piensan \u201cque es un dolor de cabeza <\/strong>simple y con una pastilla se te curar\u00e1\u201d, reconoce Roc\u00edo.\n<\/p>\n<p class=\"article-photo__footer\">\n            Eva Ortega y Roc\u00edo Blein, pacientes con migra\u00f1a.            Luis Domingo        <\/p>\n<p class=\"article-body__text \">\n        Recuerda que con 14 a\u00f1os ante los <strong>dolores \u201ctremendos que sufr\u00eda\u201d<\/strong> su madre le daba una pastilla para calmarla, pero nadie pensaba que ten\u00edan que llevarla al m\u00e9dico; no hab\u00eda mala fe, tan solo <strong>falta de conocimiento<\/strong> sobre lo que me ocurr\u00eda\u201d.\n<\/p>\n<p>            <a href=\"https:\/\/www.noticiasdegipuzkoa.eus\/salud\/2025\/12\/19\/migrana-mujeres-sufren-10491543.html\" title=\"Migra\u00f1a: por qu\u00e9 las mujeres la sufren m\u00e1s\" class=\"new__media\" rel=\"nofollow noopener\" target=\"_blank\"><\/p>\n<p>                <img alt=\"Migra\u00f1a: por qu\u00e9 las mujeres la sufren m\u00e1s\" data-src=\"https:\/\/www.europesays.com\/es\/wp-content\/uploads\/2025\/12\/3988ebb9-c6bd-49b8-a13d-d7a6e032c116_16-9-aspect-ratio_default_0.jpg\" class=\"lozad\"\/><\/p>\n<p>        <\/a><\/p>\n<p>        <a href=\"https:\/\/www.noticiasdegipuzkoa.eus\/salud\/2025\/12\/19\/migrana-mujeres-sufren-10491543.html\" title=\"Migra\u00f1a: por qu\u00e9 las mujeres la sufren m\u00e1s\" class=\"new__headline\" rel=\"nofollow noopener\" target=\"_blank\"><br \/>\n            Migra\u00f1a: por qu\u00e9 las mujeres la sufren m\u00e1s<br \/>\n        <\/a><\/p>\n<p class=\"article-body__text \">\n        La primera \u201cmigra\u00f1a de libro\u201d fue cuando subi\u00f3 a una excursi\u00f3n, en el verano con el grupo de monta\u00f1a en el que estaba inmersa, y al volver comenz\u00f3 a ver luces. \u201cCuando llegu\u00e9 al pueblo me ingresaron y me inyectaron algo; fue mi primer episodio grave de migra\u00f1a\u201d, relata,\n<\/p>\n<p class=\"article-body__text \">\n        Pero Roc\u00edo segu\u00eda sin tener un diagn\u00f3stico claro sobre lo que le pasaba. Tuvo que esperar a los 28 a\u00f1os, siendo ya madre dos peque\u00f1as y cuando sufri\u00f3 un episodio grave, \u201cen el cual me qued\u00e9 sin visi\u00f3n y acartonada\u201d.\n<\/p>\n<p class=\"article-body__text \">\n        \u201cMi marido me llev\u00f3 inmediatamente al hospital y es cuando <strong>me hicieron una resonancia y me dijeron claramente lo que ten\u00eda: migra\u00f1a\u201d<\/strong>, dice, al tiempo que reconoce \u201chay mucha gente que recorta su vida social, porque no solo se trata de dolor hay otros<strong> s\u00edntomas que nos afectan y merman nuestra calidad de vida\u201d.<\/strong>\n<\/p>\n<p class=\"article-body__text \">\n        Las demoras diagn\u00f3sticas, la falta de formaci\u00f3n m\u00e9dica, las desigualdades territoriales, la escasez de recursos y la infravaloraci\u00f3n social configuran un aut\u00e9ntico itinerario de obst\u00e1culo para millones de personas en el Estado espa\u00f1ol, como han se\u00f1alado las pacientes y profesionales en el Seminario Lundbeck.\n<\/p>\n<p>  En el trabajo<\/p>\n<p class=\"article-body__text \">\n        Las pacientes, sobre todo ellas, no solicitan permiso de excedencia <strong>en el trabajo. Se tiende a ocultar la enfermedad<\/strong>, porque puede suceder lo que le relata Eva, \u201ccuando le coment\u00e9 fui candidata al despido\u201d. La p\u00e9rdida de productividad tiene lugar alrededor de los 45 y 54 a\u00f1os\u00a0y, aunque a ella le sucedi\u00f3 en ese periodo laboral, logr\u00f3 continuar trabajando.\n<\/p>\n<p class=\"article-photo__footer\">\n            Rocio Blein, compartiendo su experiencia y sufrimiento por la migra\u00f1a.            Luis Domingo        <\/p>\n<p class=\"article-body__text \">\n        A lo largo de la jornada se dej\u00f3 patente que cerca del<strong> 50% de las personas con migra\u00f1a se sienten incomprendidas por su pareja<\/strong>, y en un porcentaje muy elevado afecta a sus relaciones. Adem\u00e1s, hasta casi el 90% de ellas no acuden a eventos sociales o familiares por estr\u00e9s, ansiedad o miedo a \u201csufrir una crisis en el acontecimiento\u201d, explica Roc\u00edo, en plena coincidencia con Eva.\n<\/p>\n<p class=\"article-body__text \">\n        Las dos recalcan, no solo<strong> el papel de las asociaciones de pacientes<\/strong> para dar visibilidad a la enfermedad, sino tambi\u00e9n<strong> la necesidad de mejorar<\/strong> de manera decidida<strong> la atenci\u00f3n sanitaria y social<\/strong> \u201cque recibimos las personas con migra\u00f1a. En esta l\u00ednea, <strong>es clave que las autoridades sanitarias impulsen un Plan Nacional de Migra\u00f1a<\/strong>, que muchas veces venimos demandado\u201d, remarca.\n<\/p>\n<p class=\"article-body__text \">\n        Insisten en<strong> que no se banalice la dolencia<\/strong>, y que no se tenga que o\u00edr eso de \u201cya est\u00e1 otra vez con sus dolores de cabeza\u201d. O \u201ccosas de mujeres\u201d. \u201cAdem\u00e1s del sufrimiento org\u00e1nico nos enfrentamos al social; piensan que es cuento inventado. Y eso es muy doloroso. <strong>Nadie se coge una baja con migra\u00f1a sin fundamento; no hay que minimizar el dolor que sentimos\u201d<\/strong>, recalca Roc\u00edo.\n<\/p>\n<p class=\"article-body__text \">\n        La migra\u00f1a les interfiere en sus actividades diarias, en la disminuci\u00f3n de la capacidad de concentraci\u00f3n, de la memoria \u201cy su cronicidad nos generan un gran malestar psicol\u00f3gico y estr\u00e9s sostenido\u201d, remacha.<\/p>\n","protected":false},"excerpt":{"rendered":"\u201cMe quiero morir\u201d. Es el deseo que han experimentado en cientos de ocasiones pacientes de migra\u00f1a como Eva&hellip;\n","protected":false},"author":2,"featured_media":297998,"comment_status":"","ping_status":"","sticky":false,"template":"","format":"standard","meta":{"footnotes":""},"categories":[92],"tags":[15275,2996,25,24,165,36766,166,23,7096,2606],"class_list":{"0":"post-297997","1":"post","2":"type-post","3":"status-publish","4":"format-standard","5":"has-post-thumbnail","7":"category-salud","8":"tag-arruinar","9":"tag-enfermedad","10":"tag-es","11":"tag-espana","12":"tag-health","13":"tag-migrana","14":"tag-salud","15":"tag-spain","16":"tag-ve","17":"tag-vida"},"share_on_mastodon":{"url":"https:\/\/pubeurope.com\/@es\/115752342966927519","error":""},"_links":{"self":[{"href":"https:\/\/www.europesays.com\/es\/wp-json\/wp\/v2\/posts\/297997","targetHints":{"allow":["GET"]}}],"collection":[{"href":"https:\/\/www.europesays.com\/es\/wp-json\/wp\/v2\/posts"}],"about":[{"href":"https:\/\/www.europesays.com\/es\/wp-json\/wp\/v2\/types\/post"}],"author":[{"embeddable":true,"href":"https:\/\/www.europesays.com\/es\/wp-json\/wp\/v2\/users\/2"}],"replies":[{"embeddable":true,"href":"https:\/\/www.europesays.com\/es\/wp-json\/wp\/v2\/comments?post=297997"}],"version-history":[{"count":0,"href":"https:\/\/www.europesays.com\/es\/wp-json\/wp\/v2\/posts\/297997\/revisions"}],"wp:featuredmedia":[{"embeddable":true,"href":"https:\/\/www.europesays.com\/es\/wp-json\/wp\/v2\/media\/297998"}],"wp:attachment":[{"href":"https:\/\/www.europesays.com\/es\/wp-json\/wp\/v2\/media?parent=297997"}],"wp:term":[{"taxonomy":"category","embeddable":true,"href":"https:\/\/www.europesays.com\/es\/wp-json\/wp\/v2\/categories?post=297997"},{"taxonomy":"post_tag","embeddable":true,"href":"https:\/\/www.europesays.com\/es\/wp-json\/wp\/v2\/tags?post=297997"}],"curies":[{"name":"wp","href":"https:\/\/api.w.org\/{rel}","templated":true}]}}