{"id":298009,"date":"2025-12-20T14:32:01","date_gmt":"2025-12-20T14:32:01","guid":{"rendered":"https:\/\/www.europesays.com\/es\/298009\/"},"modified":"2025-12-20T14:32:01","modified_gmt":"2025-12-20T14:32:01","slug":"mercosur-recalcula-sus-alianzas-tras-aplazarse-el-acuerdo-con-la-ue","status":"publish","type":"post","link":"https:\/\/www.europesays.com\/es\/298009\/","title":{"rendered":"Mercosur recalcula sus alianzas tras aplazarse el acuerdo con la UE"},"content":{"rendered":"<p class=\"\">Los jefes de Estado de Mercosur se reunir\u00e1n este s\u00e1bado en la ciudad brasile\u00f1a de Foz do Igua\u00e7u en una cumbre tensa e incierta <a href=\"https:\/\/elpais.com\/internacional\/2025-12-18\/bruselas-propone-retrasar-la-firma-del-acuerdo-de-la-ue-con-mercosur-a-enero-para-convencer-a-meloni.html\" target=\"_blank\" rel=\"noreferrer nofollow noopener\" title=\"https:\/\/elpais.com\/internacional\/2025-12-18\/bruselas-propone-retrasar-la-firma-del-acuerdo-de-la-ue-con-mercosur-a-enero-para-convencer-a-meloni.html\">tras aplazarse en el \u00faltimo minuto la firma final del acuerdo de libre comercio con la Uni\u00f3n Europea<\/a>. Las dudas de Italia, que pidi\u00f3 retrasar la firma a enero, se sumaron a la negativa de Francia y Polonia y dejaron a Luiz In\u00e1cio Lula da Silva sin el broche de oro con el que quer\u00eda coronar la Presidencia pro tempore de Brasil en el bloque sudamericano. El mandatario brasile\u00f1o ceder\u00e1 este s\u00e1bado el testigo a Paraguay con la sensaci\u00f3n de una nueva oportunidad perdida en un acuerdo que se negocia desde hace 26 a\u00f1os. Sus pares llaman a buscar otras alianzas y flexibilizar un bloque en el que crece el descontento interno.<\/p>\n<p class=\"\">\u201cLo nuestro tiene una palabra: desilusi\u00f3n\u201d, dice a EL PA\u00cdS el canciller uruguayo, Mario Lubetkin. Sus palabras resumen el sentir de todo el bloque ante la en\u00e9sima piedra puesta en el camino por la UE. \u201cNo hay m\u00e1s un 20 de diciembre, no se fija m\u00e1s un d\u00eda. Cuando se pongan de acuerdo que nos avisen, nosotros estamos listos\u201d, agrega. Fuentes brasile\u00f1as y paraguayas coinciden: \u201cLa pelota est\u00e1 en el tejado europeo\u201d. <\/p>\n<p class=\"\">Los pa\u00edses sudamericanos aceptaron las \u00faltimas salvaguardas para los agricultores europeos. Permiten suspender las ventajas arancelarias de los pa\u00edses del Mercosur (Argentina, Brasil, Paraguay y Uruguay) en el caso de que se detecten \u201cgraves distorsiones\u201d para ciertos sectores europeos considerados especialmente sensibles, como el vacuno, el av\u00edcola o el azucarero. Era una concesi\u00f3n en aras de un tratado que ni as\u00ed se firm\u00f3.<\/p>\n<p class=\"\"><a href=\"https:\/\/elpais.com\/america\/2025-12-17\/lula-lanza-un-ultimatum-a-la-ue-ante-sus-dudas-sobre-el-acuerdo-con-el-mercosur-ahora-o-nunca.html\" target=\"_blank\" rel=\"noreferrer nofollow noopener\" title=\"https:\/\/elpais.com\/america\/2025-12-17\/lula-lanza-un-ultimatum-a-la-ue-ante-sus-dudas-sobre-el-acuerdo-con-el-mercosur-ahora-o-nunca.html\">Lula amenaz\u00f3 el mi\u00e9rcoles con dar un portazo definitivo a una negociaci\u00f3n<\/a> que crear\u00eda la mayor zona de libre comercio del mundo, con 700 millones de consumidores. Despu\u00e9s de conversar con la primera ministra de Italia, Giorgia Meloni, quien le pidi\u00f3 paciencia, aclar\u00f3 que comunicar\u00eda esa petici\u00f3n a los dem\u00e1s Estados miembros para dar una respuesta conjunta. <\/p>\n<p class=\"\">Hace dos a\u00f1os, una negativa europea hubiese sido dram\u00e1tica para el Mercosur. Hoy, la respuesta es distinta porque el mundo es otro. Si la UE no quiere ser su pareja de baile, el bloque cortejar\u00e1 a otras. \u201cEl acuerdo es beneficioso para todos, pero m\u00e1s para los europeos\u201d, se escucha en los pasillos de Foz do Igua\u00e7u. <\/p>\n<p class=\"\">En la madrugada del jueves al viernes, la presidenta de la Comisi\u00f3n Europea, Ursula von der Leyen, se mostr\u00f3 confiada en poder despejar el camino y firmar el acuerdo con los pa\u00edses latinoamericanos en enero. \u201cTras una negociaci\u00f3n de 26 a\u00f1os, esperar tres semanas m\u00e1s es tolerable\u201d, trat\u00f3 de bromear. La conservadora alemana y el presidente del Consejo Europeo, Antonio Costa, ya ten\u00edan las maletas y los billetes de avi\u00f3n para Foz do Igua\u00e7u. Aunque su equipo jug\u00f3 a contrarreloj para tratar de ofrecer algunas contraprestaciones a <a href=\"https:\/\/elpais.com\/internacional\/2025-12-19\/momento-meloni-en-bruselas.html\" target=\"_blank\" rel=\"noreferrer nofollow noopener\" title=\"https:\/\/elpais.com\/internacional\/2025-12-19\/momento-meloni-en-bruselas.html\">Meloni<\/a> para que accediera a dar luz verde al acuerdo, no lo lograron. Para la italiana se trata, en definitiva, de un c\u00e1lculo pol\u00edtico. Su pa\u00eds, con una buena industria, es uno de los m\u00e1s beneficiados en la UE por el acuerdo, pero con las protestas de los agricultores y el equilibrio en la coalici\u00f3n de Gobierno, decir que s\u00ed no era tan f\u00e1cil. <\/p>\n<p class=\"\">Ahora se trata de ver qu\u00e9 se puede ofrecer a Meloni para que ella pueda luego venderlo en casa como una gran victoria a cambio de firmar con Mercosur. Varias fuentes diplom\u00e1ticas europeas conf\u00edan en que, con la aprobaci\u00f3n de las nuevas salvaguardas para los productos europeos y los agricultores, y con alguna concesi\u00f3n a Meloni, el acuerdo sale. El problema es que en la situaci\u00f3n actual, con el tablero geopol\u00edtico global tan convulso, un mes es mucho tiempo. Y las tornas pueden cambiar r\u00e1pidamente.<\/p>\n<p class=\"\">El riesgo no solo est\u00e1 en que Meloni termine diciendo que no (el acuerdo debe salir por mayor\u00eda en la UE y sin Italia las cuentas no salen) sino tambi\u00e9n que los gobiernos del Mercosur se cansen, se enfaden por el feo diplom\u00e1tico que les ha hecho de nuevo Europa y empiecen a caminar m\u00e1s r\u00e1pidamente hacia China o Estados Unidos.<\/p>\n<p>Asia, en la mira<\/p>\n<p class=\"\">\u201cLos plazos no son infinitos\u201d, advirti\u00f3 el canciller paraguayo, Rub\u00e9n Ram\u00edrez Lezcano, en rueda de prensa. Cuando comenzaron a hablar, en 1999, la participaci\u00f3n de la UE en el comercio exterior de Mercosur era cercana al 30%. Un cuarto de siglo despu\u00e9s, ha ca\u00eddo a casi la mitad. China, por el contrario, representaba menos del 10% y hoy es el mayor socio comercial del bloque sudamericano.<\/p>\n<p class=\"\">Los ministros de Exteriores del Mercosur llamaron este viernes a golpear nuevas puertas para los productos sudamericanos en la reuni\u00f3n previa a la cumbre de jefes de Estado. En septiembre, suscribieron un acuerdo con los integrantes del EFTA (Islandia, el Principado de Liechtenstein, el Reino de Noruega y la Confederaci\u00f3n Suiza) y el canciller brasile\u00f1o, Mauro Vieira, ya hab\u00eda anticipado que, sin acuerdo con la UE, Mercosur le dar\u00eda prioridad a otros posibles socios como Canad\u00e1, el Reino Unido, Jap\u00f3n, Malasia, Indonesia y Vietnam. Su hom\u00f3logo paraguayo, Rub\u00e9n Ram\u00edrez Lezcano, adelant\u00f3 que durante los seis meses de Presidencia de su pa\u00eds se pondr\u00e1 el foco en acelerar las avanzadas negociaciones con los Emiratos \u00c1rabes Unidos. <\/p>\n<p class=\"\">Lula atras\u00f3 un mes la cumbre del Mercosur para terminar de atar las negociaciones y el nuevo desaire lo perjudica m\u00e1s que a nadie. El l\u00edder brasile\u00f1o ha sido la voz m\u00e1s activa de Sudam\u00e9rica a favor de una integraci\u00f3n comercial con Europa que tiene fines econ\u00f3micos y estrat\u00e9gicos <a href=\"https:\/\/elpais.com\/internacional\/2025-11-25\/la-caotica-politica-arancelaria-de-trump-cambia-el-equilibrio-del-comercio-mundial.html\" target=\"_blank\" rel=\"noreferrer nofollow noopener\" title=\"https:\/\/elpais.com\/internacional\/2025-11-25\/la-caotica-politica-arancelaria-de-trump-cambia-el-equilibrio-del-comercio-mundial.html\">frente a la ca\u00f3tica pol\u00edtica arancelaria de Donald Trump<\/a>. Pese a su edad, 80 a\u00f1os, Lula pretende postularse a un cuarto mandato en las elecciones presidenciales del a\u00f1o que viene. <\/p>\n<p class=\"\">La cumbre dejar\u00e1 al descubierto las importantes diferencias internas que existen entre sus integrantes. Argentina lidera la ofensiva para modificar los estatutos del Mercosur que impiden tener acuerdos de libre comercio bilaterales por fuera. En claro desaf\u00edo al bloque, negocia un tratado comercial con Estados Unidos. Uruguay ha tomado el mismo camino y el mes pasado inici\u00f3 el proceso de adhesi\u00f3n al Acuerdo transpac\u00edfico que le abrir\u00eda las puertas a una docena de pa\u00edses que re\u00fanen el 15% del PIB mundial y entre los que destacan Australia, Canad\u00e1, Chile, Jap\u00f3n y M\u00e9xico. <\/p>\n<p class=\"\">\u201cSi bien somos un bloque de pa\u00edses socios y hermanos, no podemos desconocer que las necesidades de cada Estado parte no siempre coinciden\u201d, dijo el jefe de la diplomacia uruguaya, Mario Lubetkin. El canciller paraguayo pidi\u00f3 cambios internos para que Mercosur \u201cfuncione para todos\u201d. Sin un gran logro que exhibir, la falta de rumbo com\u00fan del Mercosur se acent\u00faa. <\/p>\n","protected":false},"excerpt":{"rendered":"Los jefes de Estado de Mercosur se reunir\u00e1n este s\u00e1bado en la ciudad brasile\u00f1a de Foz do Igua\u00e7u&hellip;\n","protected":false},"author":2,"featured_media":298010,"comment_status":"","ping_status":"","sticky":false,"template":"","format":"standard","meta":{"footnotes":""},"categories":[5],"tags":[889,3216,17,18,3903,95,25,24,13,14,11,19,20,1804,28069,9,10,15,16,23,12,21,22,1617],"class_list":{"0":"post-298009","1":"post","2":"type-post","3":"status-publish","4":"format-standard","5":"has-post-thumbnail","7":"category-titulares","8":"tag-america","9":"tag-brasil","10":"tag-breaking-news","11":"tag-breakingnews","12":"tag-comercio","13":"tag-economia","14":"tag-es","15":"tag-espana","16":"tag-featured-news","17":"tag-featurednews","18":"tag-headlines","19":"tag-latest-news","20":"tag-latestnews","21":"tag-latinoamerica","22":"tag-mercosur","23":"tag-news","24":"tag-noticias","25":"tag-noticias-destacadas","26":"tag-noticiasdestacadas","27":"tag-spain","28":"tag-titulares","29":"tag-ultimas-noticias","30":"tag-ultimasnoticias","31":"tag-union-europea"},"share_on_mastodon":{"url":"https:\/\/pubeurope.com\/@es\/115752386153313795","error":""},"_links":{"self":[{"href":"https:\/\/www.europesays.com\/es\/wp-json\/wp\/v2\/posts\/298009","targetHints":{"allow":["GET"]}}],"collection":[{"href":"https:\/\/www.europesays.com\/es\/wp-json\/wp\/v2\/posts"}],"about":[{"href":"https:\/\/www.europesays.com\/es\/wp-json\/wp\/v2\/types\/post"}],"author":[{"embeddable":true,"href":"https:\/\/www.europesays.com\/es\/wp-json\/wp\/v2\/users\/2"}],"replies":[{"embeddable":true,"href":"https:\/\/www.europesays.com\/es\/wp-json\/wp\/v2\/comments?post=298009"}],"version-history":[{"count":0,"href":"https:\/\/www.europesays.com\/es\/wp-json\/wp\/v2\/posts\/298009\/revisions"}],"wp:featuredmedia":[{"embeddable":true,"href":"https:\/\/www.europesays.com\/es\/wp-json\/wp\/v2\/media\/298010"}],"wp:attachment":[{"href":"https:\/\/www.europesays.com\/es\/wp-json\/wp\/v2\/media?parent=298009"}],"wp:term":[{"taxonomy":"category","embeddable":true,"href":"https:\/\/www.europesays.com\/es\/wp-json\/wp\/v2\/categories?post=298009"},{"taxonomy":"post_tag","embeddable":true,"href":"https:\/\/www.europesays.com\/es\/wp-json\/wp\/v2\/tags?post=298009"}],"curies":[{"name":"wp","href":"https:\/\/api.w.org\/{rel}","templated":true}]}}