{"id":298021,"date":"2025-12-20T14:43:13","date_gmt":"2025-12-20T14:43:13","guid":{"rendered":"https:\/\/www.europesays.com\/es\/298021\/"},"modified":"2025-12-20T14:43:13","modified_gmt":"2025-12-20T14:43:13","slug":"minimalista-calida-y-con-campana-xl","status":"publish","type":"post","link":"https:\/\/www.europesays.com\/es\/298021\/","title":{"rendered":"minimalista, c\u00e1lida y con campana XL"},"content":{"rendered":"<p>Desde hace m\u00e1s de 60 a\u00f1os, <strong>Ana Bel\u00e9n y V\u00edctor Manuel forman parte de la cultura espa\u00f1ola<\/strong>, convirti\u00e9ndose en una de las parejas m\u00e1s queridas en el panorama nacional. En cuanto a su vida personal, <strong>el matrimonio de cantantes llevan m\u00e1s de medio siglo casados<\/strong>, y es de admirar: ser compa\u00f1eros de vida y de profesi\u00f3n puede desgastar la relaci\u00f3n antes de tiempo, pero ah\u00ed est\u00e1n ellos para demostrar que si se quiere, se puede.<\/p>\n<p>Aunque el matrimonio ha compartido trayectoria musical y escenarios durante muchos a\u00f1os, tambi\u00e9n llevan una temporada<strong> centrados en sus respectivas carreras de manera individual<\/strong>. Por ejemplo, este 2025 Ana Bel\u00e9n ha estado dedicada, en cuerpo y alma, a su gira \u2018M\u00e1s D Ana\u2019, una gira que empez\u00f3 a finales de abril y que concluir\u00e1 con un <strong>concierto fin de gira el pr\u00f3ximo martes 23 de diciembre <\/strong>en el \u2018Movistar Arena\u2019 de Madrid.<\/p>\n<p>Y hablar de este concierto fin de gira en Madrid fue uno de los motivos por los que Ana Bel\u00e9n y V\u00edctor Manuel <strong>visitaron el plat\u00f3 de \u2018La Revuelta\u2019 a principios de diciembre<\/strong>. De esta visita al programa de David Broncano se llevaron deberes para casa: <strong>les regalaron una camiseta doble y los retaron a pon\u00e9rsela<\/strong>. El matrimonio no dud\u00f3 ni un momento en aceptar el reto y, como prueba de que lo han cumplido, <strong>se hicieron una foto con ella puesta desde la cocina de su casa<\/strong>. Una fotograf\u00eda que nos ha llevado a conocer algunos detalles de esta estancia de su casa.<\/p>\n<p><img decoding=\"async\" src=\"https:\/\/www.europesays.com\/es\/wp-content\/uploads\/2025\/12\/victor-manuel-y-ana-belen_d91d1ea1_250608074339_800x800.webp.webp\" alt=\"V\u00edctor Manuel &amp; Ana Bel\u00e9n\" class=\"image lazyload\"\/><img loading=\"lazy\" decoding=\"async\" src=\"https:\/\/www.europesays.com\/es\/wp-content\/uploads\/2025\/12\/victor-manuel-y-ana-belen_d91d1ea1_250608074350_1280x720.webp.webp\" alt=\"As\u00ed es el chalet de tres plantas con peque\u00f1o jard\u00edn que Ana Bel\u00e9n y V\u00edctor Manuel tienen en el barrio madrile\u00f1o de Chamart\u00edn: moderno, en tonos neutros y con mucho amor por la lectura\" class=\"image lazyload\" width=\"1280\" height=\"720\" data-aspectratio=\"1280\/720\"\/><br \/>Campana XL y frentes grises sin azulejos<\/p>\n<p>En general, la cocina de la casa de Ana Bel\u00e9n y V\u00edctor Manuel destaca por un <strong>estilo minimalista y derrochar mucha calidez<\/strong>. De todos los elementos que la componen, en lo primero hacia lo que se nos han ido los ojos ha sido a la campana extractora. Se trata de una <strong>campana tipo chimenea en tama\u00f1o XL y fabricada en acero inoxidable<\/strong>. Un punto muy positivo de esta campana es que, gracias a su acabado, la luz se refleja, amplificando la sensaci\u00f3n de limpieza.<\/p>\n<p><img loading=\"lazy\" decoding=\"async\"   src=\"https:\/\/www.europesays.com\/es\/wp-content\/uploads\/2025\/12\/cocina-de-ana-belen-y-victor-manuel_aa59d2c2_251220104654_1200x1200.webp.webp\" alt=\"Cocina de Ana Bel\u00e9n y V\u00edctor Manuel\" class=\"lazyload\" width=\"1200\" height=\"1200\" data-aspectratio=\"1200\/1200\"\/><\/p>\n<p>Cocina de Ana Bel\u00e9n y V\u00edctor Manuel<\/p>\n<p>&#13;@anabelen.oficial<\/p>\n<p>Justo abajo de la campana est\u00e1 la zona de cocci\u00f3n, formada por una<strong> placa de vitrocer\u00e1mica de l\u00edneas sencillas<\/strong>. De su frontal, podemos observar que carece de azulejos y que, en su lugar, el matrimonio ha optado por un <strong>revestimiento liso en gris claro<\/strong>, continuo y f\u00e1cil de mantener. Adem\u00e1s, al no haber juntas marcadas, la cocina es mucho m\u00e1s f\u00e1cil de limpiar.<\/p>\n<p>Muebles en madera y muy buen almacenaje<\/p>\n<p>Para a\u00f1adir calidez a su cocina y romper con el blanco predominante en el resto del mobiliario, Ana Bel\u00e9n y V\u00edctor Manuel han instalado un <strong>mueble superior de madera en tono miel<\/strong>, madera que tambi\u00e9n est\u00e1 presente en las baldas abiertas que hay justo debajo de la zona de cocci\u00f3n y que usan para guardar los utensilios para cocinar, como las ollas de acero inoxidable.<\/p>\n<p>Los <strong>m\u00f3dulos y cajoneras en blanco con tiradores horizontales<\/strong> que hay en la parte baja de los muebles, los cuales a\u00f1aden espacio de almacenamiento extra a la cocina y con su dise\u00f1o <strong>refuerzan el estilo minimalista de todo el conjunto<\/strong>.<\/p>\n","protected":false},"excerpt":{"rendered":"Desde hace m\u00e1s de 60 a\u00f1os, Ana Bel\u00e9n y V\u00edctor Manuel forman parte de la cultura espa\u00f1ola, convirti\u00e9ndose&hellip;\n","protected":false},"author":2,"featured_media":298022,"comment_status":"","ping_status":"","sticky":false,"template":"","format":"standard","meta":{"footnotes":""},"categories":[174],"tags":[255,146,147,25,24,256,23],"class_list":{"0":"post-298021","1":"post","2":"type-post","3":"status-publish","4":"format-standard","5":"has-post-thumbnail","7":"category-famosos","8":"tag-celebrities","9":"tag-entertainment","10":"tag-entretenimiento","11":"tag-es","12":"tag-espana","13":"tag-famosos","14":"tag-spain"},"share_on_mastodon":{"url":"https:\/\/pubeurope.com\/@es\/115752430559769585","error":""},"_links":{"self":[{"href":"https:\/\/www.europesays.com\/es\/wp-json\/wp\/v2\/posts\/298021","targetHints":{"allow":["GET"]}}],"collection":[{"href":"https:\/\/www.europesays.com\/es\/wp-json\/wp\/v2\/posts"}],"about":[{"href":"https:\/\/www.europesays.com\/es\/wp-json\/wp\/v2\/types\/post"}],"author":[{"embeddable":true,"href":"https:\/\/www.europesays.com\/es\/wp-json\/wp\/v2\/users\/2"}],"replies":[{"embeddable":true,"href":"https:\/\/www.europesays.com\/es\/wp-json\/wp\/v2\/comments?post=298021"}],"version-history":[{"count":0,"href":"https:\/\/www.europesays.com\/es\/wp-json\/wp\/v2\/posts\/298021\/revisions"}],"wp:featuredmedia":[{"embeddable":true,"href":"https:\/\/www.europesays.com\/es\/wp-json\/wp\/v2\/media\/298022"}],"wp:attachment":[{"href":"https:\/\/www.europesays.com\/es\/wp-json\/wp\/v2\/media?parent=298021"}],"wp:term":[{"taxonomy":"category","embeddable":true,"href":"https:\/\/www.europesays.com\/es\/wp-json\/wp\/v2\/categories?post=298021"},{"taxonomy":"post_tag","embeddable":true,"href":"https:\/\/www.europesays.com\/es\/wp-json\/wp\/v2\/tags?post=298021"}],"curies":[{"name":"wp","href":"https:\/\/api.w.org\/{rel}","templated":true}]}}