{"id":298023,"date":"2025-12-20T14:44:11","date_gmt":"2025-12-20T14:44:11","guid":{"rendered":"https:\/\/www.europesays.com\/es\/298023\/"},"modified":"2025-12-20T14:44:11","modified_gmt":"2025-12-20T14:44:11","slug":"el-archistar-jean-nouvel-estrella-de-la-exposicion-de-la-temporada-6-400-metros-cuadrados-de-arte-grandeur-y-cartier","status":"publish","type":"post","link":"https:\/\/www.europesays.com\/es\/298023\/","title":{"rendered":"El archistar Jean Nouvel, estrella de la exposici\u00f3n de la temporada: 6.400 metros cuadrados de arte, grandeur&#8230; y Cartier."},"content":{"rendered":"<p>La nueva sede de la <a href=\"https:\/\/www.revistavanityfair.es\/articulos\/fundacion-cartier-aniversario-40-anos\" rel=\"nofollow noopener\" target=\"_blank\">Fondation Cartier<\/a> en Par\u00eds, reci\u00e9n abierta, dice muchas cosas. Y, la mayor\u00eda, queriendo. La maison ha subrayado el mensaje de que la finalidad del cambio es desempe\u00f1ar su misi\u00f3n de difundir el arte y la cultura entre un p\u00fablico m\u00e1s amplio, y as\u00ed ser\u00e1: adi\u00f3s al exquisito edificio de acero y vidrio dise\u00f1ado por el archistar <strong>Jean Nouvel<\/strong> en el Boulevard Raspail, en Montparnasse; hola a la imponente construcci\u00f3n haussmanniana a unos pasos del museo del Louvre, reformada para la ocasi\u00f3n por el mismo Nouvel. Y aqu\u00ed est\u00e1 el resto del mensaje transmitido: desde la instituci\u00f3n privada, y de la mano de una marca que es un icono cultural del pa\u00eds, la grandeur francesa sigue operando a pleno rendimiento, digan lo que digan. Y para ello no se deja de lado la esfera de lo cultural. En la operaci\u00f3n resulta imprescindible la presencia de Jean Nouvel, viejo amigo de la casa y otra gloria nacional del pa\u00eds.<\/p>\n<p><img decoding=\"async\" alt=\"Les Grands Magasins du Louvre\" loading=\"lazy\" class=\"ResponsiveImageContainer-eNxvmU cfBbTk responsive-image__image\"   src=\"https:\/\/www.europesays.com\/es\/wp-content\/uploads\/2025\/12\/1880-ark__73873_pf0002224662_0005_v0001.jpg\"\/><\/p>\n<p>Les Grands Magasins du Louvre (1880)<\/p>\n<p>Por eso, en la muestra inaugural Exposition G\u00e9n\u00e9rale \u2014toda la solemnidad en ese nombre, y ninguna tonter\u00eda\u2014, a pesar de haberse incluido artistas como <strong>Ch\u00e9ri Samba, Olga de Amaral, Damien Hirst, Juan Mu\u00f1oz o Graciela Iturbide<\/strong> \u2014que han dado lustre a la colecci\u00f3n y al programa de la fundaci\u00f3n desde su apertura en 1984\u2014, quien de verdad se luce es el propio arquitecto. Su proyecto, con inmensos espacios interiores que mutan en funci\u00f3n de la disposici\u00f3n de plataformas m\u00f3viles, supuso un considerable reto t\u00e9cnico. Pero aqu\u00ed est\u00e1. Los Grands Magasins del Louvre son hoy una extensi\u00f3n de 6.400 metros cuadrados dedicados al arte. La nueva joya de la corona que, esta vez, nadie podr\u00e1 robar.<\/p>\n","protected":false},"excerpt":{"rendered":"La nueva sede de la Fondation Cartier en Par\u00eds, reci\u00e9n abierta, dice muchas cosas. Y, la mayor\u00eda, queriendo.&hellip;\n","protected":false},"author":2,"featured_media":298024,"comment_status":"","ping_status":"","sticky":false,"template":"","format":"standard","meta":{"footnotes":""},"categories":[173],"tags":[229,233,231,230,64675,232,234,146,147,25,24,241,4759,23],"class_list":{"0":"post-298023","1":"post","2":"type-post","3":"status-publish","4":"format-standard","5":"has-post-thumbnail","7":"category-arte-y-diseno","8":"tag-arte","9":"tag-arte-y-diseno","10":"tag-arts","11":"tag-arts-and-design","12":"tag-cartier","13":"tag-design","14":"tag-diseno","15":"tag-entertainment","16":"tag-entretenimiento","17":"tag-es","18":"tag-espana","19":"tag-exposiciones","20":"tag-paris","21":"tag-spain"},"share_on_mastodon":{"url":"https:\/\/pubeurope.com\/@es\/115752433395008148","error":""},"_links":{"self":[{"href":"https:\/\/www.europesays.com\/es\/wp-json\/wp\/v2\/posts\/298023","targetHints":{"allow":["GET"]}}],"collection":[{"href":"https:\/\/www.europesays.com\/es\/wp-json\/wp\/v2\/posts"}],"about":[{"href":"https:\/\/www.europesays.com\/es\/wp-json\/wp\/v2\/types\/post"}],"author":[{"embeddable":true,"href":"https:\/\/www.europesays.com\/es\/wp-json\/wp\/v2\/users\/2"}],"replies":[{"embeddable":true,"href":"https:\/\/www.europesays.com\/es\/wp-json\/wp\/v2\/comments?post=298023"}],"version-history":[{"count":0,"href":"https:\/\/www.europesays.com\/es\/wp-json\/wp\/v2\/posts\/298023\/revisions"}],"wp:featuredmedia":[{"embeddable":true,"href":"https:\/\/www.europesays.com\/es\/wp-json\/wp\/v2\/media\/298024"}],"wp:attachment":[{"href":"https:\/\/www.europesays.com\/es\/wp-json\/wp\/v2\/media?parent=298023"}],"wp:term":[{"taxonomy":"category","embeddable":true,"href":"https:\/\/www.europesays.com\/es\/wp-json\/wp\/v2\/categories?post=298023"},{"taxonomy":"post_tag","embeddable":true,"href":"https:\/\/www.europesays.com\/es\/wp-json\/wp\/v2\/tags?post=298023"}],"curies":[{"name":"wp","href":"https:\/\/api.w.org\/{rel}","templated":true}]}}