{"id":298051,"date":"2025-12-20T15:03:10","date_gmt":"2025-12-20T15:03:10","guid":{"rendered":"https:\/\/www.europesays.com\/es\/298051\/"},"modified":"2025-12-20T15:03:10","modified_gmt":"2025-12-20T15:03:10","slug":"la-hoja-de-ruta-de-felipe-orts-para-la-recta-final-de-la-campana-25-26","status":"publish","type":"post","link":"https:\/\/www.europesays.com\/es\/298051\/","title":{"rendered":"La hoja de ruta de Felipe Orts para la recta final de la campa\u00f1a 25-26"},"content":{"rendered":"<p data-mrf-recirculation=\"Links P\u00e1rrafos\" class=\"ue-c-article__paragraph paragraph ue-c-article--first-letter-highlighted\">Manolo Santana, Paco Fern\u00e1ndez Ochoa, Seve Ballesteros, Federico Mart\u00edn Bahamontes, Carolina Mar\u00edn y Felipe Orts. <strong>Todos estos deportistas tienen algo en com\u00fan: fueron pioneros.<\/strong><strong>El caso del de Villajoyosa es muy diferente a los de la gran mayor\u00eda, ya que ha sido<\/strong>, junto a Carolina, <strong>de las pocas personas en dar a conocer un deporte en el siglo XXI.<\/strong> En su caso, el ciclocross.<\/p>\n<p><img decoding=\"async\" width=\"740\" height=\"2000\" class=\"ue-c-article__image lazyload\" alt=\"Calendario de Orts.\" loading=\"lazy\" src=\"https:\/\/www.europesays.com\/es\/wp-content\/uploads\/2025\/12\/6946654a2a69e.jpeg\"\/><\/p>\n<p>Calendario de Orts.<\/p>\n<p data-mrf-recirculation=\"Links P\u00e1rrafos\" class=\"ue-c-article__paragraph paragraph\"><strong>En una disciplina dominada por neerlandeses y belgas, el espa\u00f1ol emergi\u00f3 como la excepci\u00f3n a la regla.<\/strong> Con tan solo 20 a\u00f1os, el vilero consigui\u00f3 su primera victoria profesional y, desde entonces, ha ido cosechando un palmar\u00e9s en el que ya figuran 49 victorias en la \u00e9lite e infinidad de podios.<\/p>\n<p data-mrf-recirculation=\"Links P\u00e1rrafos\" class=\"ue-c-article__paragraph paragraph\">Tras una recta final del curso pasado muy notable, en la que lleg\u00f3 a firmar cinco podios en citas de categor\u00eda C1 o CDM, el valenciano no ha terminado de reencontrarse, esta campa\u00f1a, con aquellas sensaciones que le permitieron subir al segundo escal\u00f3n del podio en la Copa del Mundo de Hulst 2024 y en el Europeo de ese mismo a\u00f1o. Sin embargo, y pese a ello, <strong>Orts ya ha superado el registro de victorias que consigui\u00f3 la temporada pasada, gracias a sus tres triunfos cosechados en Woerden, X\u00e0tiva y Cocentaina.<\/strong><\/p>\n<p>Navidades en B\u00e9lgica y Reyes en Espa\u00f1a<\/p>\n<p data-mrf-recirculation=\"Links P\u00e1rrafos\" class=\"ue-c-article__paragraph paragraph\"><strong>El periodo navide\u00f1o de Felipe comenzar\u00e1 con el doblete de la Copa del Mundo en Amberes<\/strong> (20 de diciembre) y <strong>Koksijde<\/strong> (21\/12). Tras ello, <strong>cerrar\u00e1 el a\u00f1o disputando cuatro pruebas m\u00e1s: Heusden-Zolder<\/strong> (23\/12), <strong>Gavere <\/strong>(26\/12), <strong>Dendermonde <\/strong>(28\/12) y <strong>Diegem<\/strong> (30\/12).<\/p>\n<p data-mrf-recirculation=\"Links P\u00e1rrafos\" class=\"ue-c-article__paragraph paragraph\"><strong>El vilero comenzar\u00e1 el 2026 con un triplete del m\u00e1s alto nivel<\/strong>, ya que tomar\u00e1 la salida en el <strong>Exact Cross de Mol <\/strong>(2 de enero), el <strong>Superprestige de Gullegem<\/strong> (3\/01) y la<strong> Copa del Mundo de Zonhoven<\/strong> (4\/01). <strong>Desde B\u00e9lgica volar\u00e1 a Espa\u00f1a, donde afrontar\u00e1 las dos siguientes carreras de su calendario<\/strong>. La primera de ellas ser\u00e1<strong> el Nacional de ciclocross en Taranc\u00f3n<\/strong>, prueba donde intentar\u00e1 conseguir su octavo entorchado; despu\u00e9s, pondr\u00e1 rumbo a Alicante para disputar la carrera de casa:<strong> la Copa del Mundo de Benidorm<\/strong> (18\/01).<\/p>\n<p>La preparaci\u00f3n para el Mundial y el fin de fiesta en Bruselas<\/p>\n<p data-mrf-recirculation=\"Links P\u00e1rrafos\" class=\"ue-c-article__paragraph paragraph\"><strong>Para cerrar el mes de enero, el espa\u00f1ol competir\u00e1 en Maasmechelen<\/strong> (24\/01) y <strong>Hoogerheide <\/strong>(25\/01). <strong>Ambas pruebas servir\u00e1n para ultimar su preparaci\u00f3n de cara al Mundial de Hulst<\/strong> (1 de febrero), competici\u00f3n en la que Felipe tratar\u00e1 de mejorar la d\u00e9cima posici\u00f3n conseguida en T\u00e1bor 2024.<\/p>\n<p data-mrf-recirculation=\"Links P\u00e1rrafos\" class=\"ue-c-article__paragraph paragraph\">Para poner el broche de oro a su campa\u00f1a 25-26, <strong>el de Villajoyosa se despedir\u00e1 en las \u00faltimas cinco citas del calendario: el Exact Cross de Maldegem<\/strong> (4\/02), <strong>el Superprestige de Middelkerke<\/strong> (7\/02), <strong>el X2O Trofee de Lille<\/strong> (8\/02), <strong>el Exact Cross de Sint-Niklaas<\/strong> (14\/02) <strong>y el X2O Trofee de Bruselas<\/strong> (15\/02).<\/p>\n<p data-mrf-recirculation=\"Links P\u00e1rrafos\" class=\"ue-c-article__paragraph paragraph\">Ya en la plenitud de su carrera deportiva, Felipe Orts se ha consolidado como uno de los nombres a tener en cuenta en cada prueba en la que se pone un dorsal. <strong>En esta recta final de la temporada, el valenciano tiene tres grandes objetivos: el Nacional de Taranc\u00f3n, la Copa del Mundo de Benidorm y el Mundial de Hulst.<\/strong> Para hacer un buen papel en dichas carreras, el espa\u00f1ol tratar\u00e1 de volver a encontrar aquellas sensaciones que le permitieron subir al podio en pruebas de m\u00e1xima \u00e9lite.<\/p>\n","protected":false},"excerpt":{"rendered":"Manolo Santana, Paco Fern\u00e1ndez Ochoa, Seve Ballesteros, Federico Mart\u00edn Bahamontes, Carolina Mar\u00edn y Felipe Orts. Todos estos deportistas&hellip;\n","protected":false},"author":2,"featured_media":298052,"comment_status":"","ping_status":"","sticky":false,"template":"","format":"standard","meta":{"footnotes":""},"categories":[273],"tags":[313,312,168,25,24,23,167],"class_list":{"0":"post-298051","1":"post","2":"type-post","3":"status-publish","4":"format-standard","5":"has-post-thumbnail","7":"category-ciclismo","8":"tag-ciclismo","9":"tag-cycling","10":"tag-deportes","11":"tag-es","12":"tag-espana","13":"tag-spain","14":"tag-sports"},"share_on_mastodon":{"url":"https:\/\/pubeurope.com\/@es\/115752508469797920","error":""},"_links":{"self":[{"href":"https:\/\/www.europesays.com\/es\/wp-json\/wp\/v2\/posts\/298051","targetHints":{"allow":["GET"]}}],"collection":[{"href":"https:\/\/www.europesays.com\/es\/wp-json\/wp\/v2\/posts"}],"about":[{"href":"https:\/\/www.europesays.com\/es\/wp-json\/wp\/v2\/types\/post"}],"author":[{"embeddable":true,"href":"https:\/\/www.europesays.com\/es\/wp-json\/wp\/v2\/users\/2"}],"replies":[{"embeddable":true,"href":"https:\/\/www.europesays.com\/es\/wp-json\/wp\/v2\/comments?post=298051"}],"version-history":[{"count":0,"href":"https:\/\/www.europesays.com\/es\/wp-json\/wp\/v2\/posts\/298051\/revisions"}],"wp:featuredmedia":[{"embeddable":true,"href":"https:\/\/www.europesays.com\/es\/wp-json\/wp\/v2\/media\/298052"}],"wp:attachment":[{"href":"https:\/\/www.europesays.com\/es\/wp-json\/wp\/v2\/media?parent=298051"}],"wp:term":[{"taxonomy":"category","embeddable":true,"href":"https:\/\/www.europesays.com\/es\/wp-json\/wp\/v2\/categories?post=298051"},{"taxonomy":"post_tag","embeddable":true,"href":"https:\/\/www.europesays.com\/es\/wp-json\/wp\/v2\/tags?post=298051"}],"curies":[{"name":"wp","href":"https:\/\/api.w.org\/{rel}","templated":true}]}}