{"id":298059,"date":"2025-12-20T15:08:15","date_gmt":"2025-12-20T15:08:15","guid":{"rendered":"https:\/\/www.europesays.com\/es\/298059\/"},"modified":"2025-12-20T15:08:15","modified_gmt":"2025-12-20T15:08:15","slug":"la-tahona-del-castillo-acoge-hoy-la-entrega-de-los-premios-unicornio-montilla-digital","status":"publish","type":"post","link":"https:\/\/www.europesays.com\/es\/298059\/","title":{"rendered":"La Tahona del Castillo acoge hoy la entrega de los Premios Unicornio ~ Montilla Digital"},"content":{"rendered":"<p>Montilla celebra hoy la entrega de los Premios Unicornio 2025 y la inauguraci\u00f3n de una exposici\u00f3n fotogr\u00e1fica en la Tahona del Castillo de El Gran Capit\u00e1n, dos actos que convierten la imagen en hilo conductor para mostrar la esencia patrimonial, cultural y vitivin\u00edcola de la ciudad a vecinos y visitantes, a las puertas de las fiestas navide\u00f1as.<\/p>\n<p><a href=\"https:\/\/www.europesays.com\/es\/wp-content\/uploads\/2025\/12\/20251215pu.jpg\" style=\"display: block; padding: 1em 0; text-align: center; \"><img decoding=\"async\" alt=\"\" border=\"0\" data-original-height=\"783\" data-original-width=\"1500\" src=\"https:\/\/www.europesays.com\/es\/wp-content\/uploads\/2025\/12\/20251215pu.jpg\"\/><\/a><\/p>\n<p>\nLa cita, prevista para las 13.00 de la tarde de este s\u00e1bado 20 de diciembre, supone el broche de oro al Concurso de Fotograf\u00eda Tur\u00edstica \u00abUnicornio 2025\u00bb, una iniciativa impulsada por la Concejal\u00eda de Turismo del Ayuntamiento de Montilla con el objetivo de reforzar la proyecci\u00f3n del municipio como destino tur\u00edstico a trav\u00e9s de la mirada creativa de los fot\u00f3grafos participantes. La convocatoria ha vuelto a despertar un notable inter\u00e9s, con m\u00e1s de un centenar de im\u00e1genes presentadas, muchas de ellas de gran calidad art\u00edstica y narrativa.<\/p>\n<p>El jurado, integrado por tres profesionales del \u00e1mbito de la fotograf\u00eda, ha tenido la tarea de seleccionar las obras ganadoras tras evaluar 66 im\u00e1genes correspondientes a la modalidad A y 56 a la modalidad B. Dos enfoques distintos pero complementarios que resumen buena parte del car\u00e1cter de Montilla.\n<\/p>\n<p><a href=\"https:\/\/perezbarquero.com\/\" rel=\"sponsored nofollow noopener\" target=\"_blank\"><img decoding=\"async\" alt=\"BODEGAS P\u00c9REZ BARQUERO - G1 ESPUMOSO CON ALMA DE GENEROSO\" src=\"https:\/\/www.europesays.com\/es\/wp-content\/uploads\/2025\/12\/20241130perezbarquero\u00b7g1navidad-robapaginas.jpg\" width=\"350\"\/><\/a><\/p>\n<p> <br \/>\nPor un lado, la modalidad A, centrada en el patrimonio cultural y natural, las fiestas, las tradiciones y las actividades deportivas; por otro, la modalidad B, dedicada al mundo del vino, con escenas que recorren paisajes, vendimias, bodegas, lagares y la dimensi\u00f3n social que rodea a uno de los grandes s\u00edmbolos identitarios del municipio.<\/p>\n<p>El Premio Unicornio 2025, dotado con 800 euros, ha reca\u00eddo en la fotograf\u00eda titulada \u201cUn secreto guardado en tinaja\u201d, obra del laureado fot\u00f3grafo cordob\u00e9s Claudio Manuel Castillo Herrero, presentada en la modalidad B. Una imagen que, seg\u00fan se ha destacado desde el \u00c1rea de Turismo, condensa la relaci\u00f3n \u00edntima entre Montilla y su cultura del vino, esa que se transmite de generaci\u00f3n en generaci\u00f3n y que forma parte del paisaje emocional de la ciudad.\n<\/p>\n<p>Junto a este reconocimiento principal, el certamen ha concedido otros seis premios de 200 euros. En la modalidad A, los galardones han sido para Pedro Estepa G\u00e1lvez, Jes\u00fas Hierro Laguna y Antonio Jes\u00fas Gallegos Rey, cuyas fotograf\u00edas ofrecen distintas lecturas del patrimonio, la vida cotidiana y las tradiciones locales.\n<\/p>\n<p><a href=\"https:\/\/restandhome.es\/\" rel=\"sponsored nofollow noopener\" target=\"_blank\"><img decoding=\"async\" alt=\"REST &amp; HOME - TIENDA DE MUEBLES EN MONTILLA (C\u00d3RDOBA) - ESPECIALISTAS EN DESCANSO\" src=\"https:\/\/www.europesays.com\/es\/wp-content\/uploads\/2025\/12\/20241227restandhome-robapaginas.jpg\" width=\"350\"\/><\/a><\/p>\n<p> <br \/>\nEn la modalidad B, los premiados han sido Rafael Borja Mu\u00f1oz, Francisco Mej\u00edas Monta\u00f1o y Francisco Javier Fern\u00e1ndez Pedraza, todos ellos con trabajos que profundizan en la est\u00e9tica y la simbolog\u00eda del universo vitivin\u00edcola del marco Montilla-Moriles.<\/p>\n<p>Las fotograf\u00edas ganadoras y finalistas podr\u00e1n contemplarse desde hoy y hasta el pr\u00f3ximo 25 de enero en la exposici\u00f3n que se inaugura en la Tahona del Castillo de El Gran Capit\u00e1n. En total, ser\u00e1n 40 las im\u00e1genes expuestas, en un recorrido visual pensado para invitar a la pausa y a la contemplaci\u00f3n, aprovechando el horario habitual de apertura de la Oficina de Turismo. Un espacio que se transforma as\u00ed en escaparate de algunas de las mejores miradas sobre Montilla.\n<\/p>\n<p>Adem\u00e1s, como refuerzo a la promoci\u00f3n visual de la ciudad durante estas fechas, las fotograf\u00edas ganadoras tambi\u00e9n se exhibir\u00e1n en distintas marquesinas publicitarias repartidas por puntos estrat\u00e9gicos del municipio. Una forma de llevar el concurso a la calle y de integrar estas im\u00e1genes en la vida diaria, convirtiendo rincones habituales en peque\u00f1as ventanas al patrimonio, al paisaje y a la cultura del vino.\n<\/p>\n<p><a href=\"https:\/\/www.juancolin.com\/\" rel=\"sponsored nofollow noopener\" target=\"_blank\"><img decoding=\"async\" alt=\"ACEITES JUAN COL\u00cdN\" src=\"https:\/\/www.europesays.com\/es\/wp-content\/uploads\/2025\/12\/20231214aceitesjuancolin\u00b7navidad-robapaginas.jpg\" width=\"350\"\/><\/a><\/p>\n<p>\nDesde el \u00c1rea de Turismo se ha querido agradecer la implicaci\u00f3n de todas las personas participantes, as\u00ed como la colaboraci\u00f3n del jurado y de la Asociaci\u00f3n Fotogr\u00e1fica de Montilla (AFOMO), cuya aportaci\u00f3n ha resultado clave para el desarrollo y el \u00e9xito de esta edici\u00f3n. <\/p>\n<p>De igual modo, desde el Consistorio montillano se ha subrayado el \u00abalto potencial de las obras seleccionadas como herramienta de promoci\u00f3n tur\u00edstica, capaz de despertar curiosidad y de invitar a descubrir Montilla desde una perspectiva cercana y aut\u00e9ntica\u00bb.\n<\/p>\n<p>La invitaci\u00f3n queda abierta para vecinos y visitantes, que hoy podr\u00e1n asistir a la entrega de premios y, a partir de entonces, recorrer una exposici\u00f3n que no solo muestra fotograf\u00edas, sino que cuenta historias. Historias de luz, de tierra, de vino y de memoria compartida, que consolidan el Concurso de Fotograf\u00eda Tur\u00edstica \u00abUnicornio 2025\u00bb como una pieza fundamental en la estrategia de difusi\u00f3n tur\u00edstica de Montilla.<\/p>\n","protected":false},"excerpt":{"rendered":"Montilla celebra hoy la entrega de los Premios Unicornio 2025 y la inauguraci\u00f3n de una exposici\u00f3n fotogr\u00e1fica en&hellip;\n","protected":false},"author":2,"featured_media":298060,"comment_status":"","ping_status":"","sticky":false,"template":"","format":"standard","meta":{"footnotes":""},"categories":[173],"tags":[229,233,231,230,232,234,146,147,25,24,23],"class_list":{"0":"post-298059","1":"post","2":"type-post","3":"status-publish","4":"format-standard","5":"has-post-thumbnail","7":"category-arte-y-diseno","8":"tag-arte","9":"tag-arte-y-diseno","10":"tag-arts","11":"tag-arts-and-design","12":"tag-design","13":"tag-diseno","14":"tag-entertainment","15":"tag-entretenimiento","16":"tag-es","17":"tag-espana","18":"tag-spain"},"share_on_mastodon":{"url":"https:\/\/pubeurope.com\/@es\/115752528374710467","error":""},"_links":{"self":[{"href":"https:\/\/www.europesays.com\/es\/wp-json\/wp\/v2\/posts\/298059","targetHints":{"allow":["GET"]}}],"collection":[{"href":"https:\/\/www.europesays.com\/es\/wp-json\/wp\/v2\/posts"}],"about":[{"href":"https:\/\/www.europesays.com\/es\/wp-json\/wp\/v2\/types\/post"}],"author":[{"embeddable":true,"href":"https:\/\/www.europesays.com\/es\/wp-json\/wp\/v2\/users\/2"}],"replies":[{"embeddable":true,"href":"https:\/\/www.europesays.com\/es\/wp-json\/wp\/v2\/comments?post=298059"}],"version-history":[{"count":0,"href":"https:\/\/www.europesays.com\/es\/wp-json\/wp\/v2\/posts\/298059\/revisions"}],"wp:featuredmedia":[{"embeddable":true,"href":"https:\/\/www.europesays.com\/es\/wp-json\/wp\/v2\/media\/298060"}],"wp:attachment":[{"href":"https:\/\/www.europesays.com\/es\/wp-json\/wp\/v2\/media?parent=298059"}],"wp:term":[{"taxonomy":"category","embeddable":true,"href":"https:\/\/www.europesays.com\/es\/wp-json\/wp\/v2\/categories?post=298059"},{"taxonomy":"post_tag","embeddable":true,"href":"https:\/\/www.europesays.com\/es\/wp-json\/wp\/v2\/tags?post=298059"}],"curies":[{"name":"wp","href":"https:\/\/api.w.org\/{rel}","templated":true}]}}