{"id":298104,"date":"2025-12-20T15:38:21","date_gmt":"2025-12-20T15:38:21","guid":{"rendered":"https:\/\/www.europesays.com\/es\/298104\/"},"modified":"2025-12-20T15:38:21","modified_gmt":"2025-12-20T15:38:21","slug":"el-padre-de-leonardo-cae-enfermo","status":"publish","type":"post","link":"https:\/\/www.europesays.com\/es\/298104\/","title":{"rendered":"el padre de Leonardo cae enfermo"},"content":{"rendered":"<p>D\u00e1maso (Alejandro Sig\u00fcenza) sigue jugando a dos bandas. Mercedes (Miren Arrieta) y Victoria (Sabela Ar\u00e1n) se han dejado llevar y querer por el nuevo hu\u00e9sped de <strong>Valle Salvaje<\/strong>. Las dos son mujeres casadas. Y las dos no se sienten acompa\u00f1adas por sus maridos. Mientras Bernardo no ha dado se\u00f1ales de vida desde su marcha a Italia para hacer fortuna; Jos\u00e9 Luis (Jos\u00e9 Manuel Seda) tiene otras prioridades: su ascenso como consejero del rey y su nieto. Lo que Mercedes y Victoria, enemigas \u00edntimas, no saben es que D\u00e1maso est\u00e1 detr\u00e1s de las notas an\u00f3nimas que recibe la duquesa de Miramar: que si ad\u00faltera, que si obscena&#8230;<\/p>\n<p>Chap\u00f3 a <a href=\"https:\/\/www.elindependiente.com\/series-y-television\/2025\/11\/15\/ruth-garcia-guionista-del-fenomeno-televisivo-valle-salvaje-la-muerte-de-julio-no-es-nada-en-comparacion-con-lo-que-viene\/\" rel=\"nofollow noopener\" target=\"_blank\">los dialoguistas de Valle Salvaje<\/a> por el empleo de tales adjetivos. El enredo est\u00e1 a punto de deshacerse&#8230; \u00bfQu\u00e9 pasar\u00e1 en el <strong>cap\u00edtulo 320 de Valle Salvaje este lunes 22 de diciembre<\/strong>? El a\u00f1o est\u00e1 a punto de acabar, pero el <a href=\"https:\/\/www.elindependiente.com\/etiquetas\/valle-salvaje\/\" rel=\"nofollow noopener\" target=\"_blank\">serial de \u00e9poca<\/a> durar\u00e1, como m\u00ednimo, <a href=\"https:\/\/www.elindependiente.com\/series-y-television\/2025\/09\/19\/valle-salvaje-temporada-3-netflix\/\" rel=\"nofollow noopener\" target=\"_blank\">hasta primavera de 2026<\/a>.<\/p>\n<p>Avance del cap\u00edtulo 320 de Valle Salvaje este lunes 22 de diciembre<\/p>\n<p>Leonardo recibe la peor noticia: su padre, don Hernando (\u00d3scar Rabad\u00e1n), ha ca\u00eddo gravemente enfermo. El joven debe marchar a Burgos, donde le esperan, y as\u00ed se lo hace saber a Irene (Marina Sabadell) y Atanasio (<a href=\"https:\/\/www.instagram.com\/alejandrobordanove\/\" rel=\"nofollow noopener\" target=\"_blank\">Alejandro Bordanove<\/a>), portador de tal mala noticia.<\/p>\n<p><img loading=\"lazy\" decoding=\"async\" width=\"990\" height=\"557\" src=\"data:image\/svg+xml,%3Csvg%20xmlns=\" http:=\"\" alt=\"\" class=\"wp-image-4395896\" data-lazy- data-lazy- data-lazy-src=\"https:\/\/www.europesays.com\/es\/wp-content\/uploads\/2025\/12\/leonardo-padre-don-hernando-valle-salvaje-990x557.jpg\"\/><\/p>\n<p>Tras visitar a Luisa (Loren Mairena) en prisi\u00f3n, Jos\u00e9 Luis y Victoria se preparan para lo peor. El duque de Valle Salvaje ha de hablar con su hijo Alejo (Mateo Jal\u00f3n). Adriana (<a href=\"https:\/\/www.elindependiente.com\/series-y-television\/2025\/03\/27\/rocio-suarez-puga-adriana-valle-salvaje\/\" rel=\"nofollow noopener\" target=\"_blank\">Roc\u00edo Su\u00e1rez de Puga<\/a>) cree que Luisa sigue con la idea de quitarse la vida. \u00bfPor qu\u00e9, si no, est\u00e1 de buen \u00e1nimo y se ha despedido de todos sus seres queridos? El \u00faltimo, Pedrito (Iv\u00e1n Renedo).<\/p>\n<p>            <a class=\"articulo-relacionado__media\" href=\"https:\/\/www.elindependiente.com\/series-y-television\/2025\/11\/19\/valle-salvaje-netflix-latinoamerica-entrevista-guionista-david-casany\/\" title=\"David Casany, coordinador de guion de &#039;Valle Salvaje&#039;: &quot;En Latinoam\u00e9rica, una de las quejas m\u00e1s repetidas es que solo ven un cap\u00edtulo al d\u00eda porque es fuerte&quot;\" rel=\"nofollow noopener\" target=\"_blank\"><\/p>\n<p>                <img loading=\"lazy\" decoding=\"async\" src=\"data:image\/svg+xml,%3Csvg%20xmlns=\" http:=\"\" width=\"390\" height=\"220\" alt=\"David Casany, coordinador de guion de 'Valle Salvaje': &quot;En Latinoam\u00e9rica, una de las quejas m\u00e1s repetidas es que solo ven un cap\u00edtulo al d\u00eda porque es fuerte&quot;\" data-lazy-src=\"https:\/\/www.europesays.com\/es\/wp-content\/uploads\/2025\/11\/valle-salvaje-entrevista2-390x220.jpg\"\/><\/p>\n<p>\t\t\t            <\/a><\/p>\n<p>Mart\u00edn (Marcos Orengo) no da cr\u00e9dito a las palabras tan cari\u00f1osas de Pepa (Elena Navarro) hacia Francisco (Rafa \u00c1lamos). El mayordomo de la Casa Grande ha sido un b\u00e1lsamo para la muchacha, afligida por su tragedia familiar. Francisco, sin embargo, preguntar\u00e1 a Mart\u00edn qu\u00e9 le preocupa; no es el mismo desde que volvi\u00f3 a <strong>Valle Salvaje<\/strong>. &#8216;Frasco&#8217; no sabe que Mart\u00edn, la noche en que regres\u00f3 a <strong>Valle Salvaje<\/strong>, vio en actitud cari\u00f1osa a su novia y su mejor amigo.<\/p>\n<p>Mercedes se desahoga con Matilde (Mar\u00eda Redondo) tras recibir un segundo an\u00f3nimo: &#8216;Vi c\u00f3mo os besabais. Obscena&#8217;. La duquesa de Miramar decide cortar por lo sano y acusa de Victoria de ser la autora de tales notas. La duquesa de Valle Salvaje no sabe de qu\u00e9 est\u00e1 hablando. D\u00e1maso es testigo del desencuentro. Mercedes amenaza a Victoria con contar a todo Valle Salvaje que su primer marido no est\u00e1 muerto. D\u00e1maso, por su parte, amenazar\u00e1 directamente a Jos\u00e9 Luis con revelar su verdadera identidad.<\/p>\n<p><img loading=\"lazy\" decoding=\"async\" width=\"990\" height=\"560\" src=\"data:image\/svg+xml,%3Csvg%20xmlns=\" http:=\"\" alt=\"\" class=\"wp-image-4395869\" data-lazy- data-lazy- data-lazy-src=\"https:\/\/www.europesays.com\/es\/wp-content\/uploads\/2025\/12\/obscena-carta-valle-salvaje-990x560.jpg\"\/><\/p>\n<p>            <a class=\"articulo-relacionado__media\" href=\"https:\/\/www.elindependiente.com\/series-y-television\/2025\/12\/19\/la-promesa-avance-del-capitulo-739-este-lunes-22-de-diciembre-enora-desvela-a-manuel-sus-lazos-con-leocadia\/\" title=\"La Promesa, avance del cap\u00edtulo 739 este lunes 22 de diciembre: Enora desvela a Manuel sus lazos con Leocadia\" rel=\"nofollow noopener\" target=\"_blank\"><\/p>\n<p>                <img loading=\"lazy\" decoding=\"async\" src=\"data:image\/svg+xml,%3Csvg%20xmlns=\" http:=\"\" width=\"390\" height=\"220\" alt=\"La Promesa, avance del cap\u00edtulo 739 este lunes 22 de diciembre: Enora desvela a Manuel sus lazos con Leocadia\" data-lazy-src=\"https:\/\/www.europesays.com\/es\/wp-content\/uploads\/2025\/12\/la-promesa-avance-capitulo-739-lunes-22-diciembre-390x220.jpg\"\/><\/p>\n<p>\t\t\t            <\/a><\/p>\n<p>PUBLICIDAD<\/p>\n<p><script async src=\"\/\/www.instagram.com\/embed.js\"><\/script><\/p>\n","protected":false},"excerpt":{"rendered":"D\u00e1maso (Alejandro Sig\u00fcenza) sigue jugando a dos bandas. Mercedes (Miren Arrieta) y Victoria (Sabela Ar\u00e1n) se han dejado&hellip;\n","protected":false},"author":2,"featured_media":298105,"comment_status":"","ping_status":"","sticky":false,"template":"","format":"standard","meta":{"footnotes":""},"categories":[91],"tags":[146,147,25,24,23,27808],"class_list":{"0":"post-298104","1":"post","2":"type-post","3":"status-publish","4":"format-standard","5":"has-post-thumbnail","7":"category-entretenimiento","8":"tag-entertainment","9":"tag-entretenimiento","10":"tag-es","11":"tag-espana","12":"tag-spain","13":"tag-valle-salvaje"},"share_on_mastodon":{"url":"https:\/\/pubeurope.com\/@es\/115752645803055230","error":""},"_links":{"self":[{"href":"https:\/\/www.europesays.com\/es\/wp-json\/wp\/v2\/posts\/298104","targetHints":{"allow":["GET"]}}],"collection":[{"href":"https:\/\/www.europesays.com\/es\/wp-json\/wp\/v2\/posts"}],"about":[{"href":"https:\/\/www.europesays.com\/es\/wp-json\/wp\/v2\/types\/post"}],"author":[{"embeddable":true,"href":"https:\/\/www.europesays.com\/es\/wp-json\/wp\/v2\/users\/2"}],"replies":[{"embeddable":true,"href":"https:\/\/www.europesays.com\/es\/wp-json\/wp\/v2\/comments?post=298104"}],"version-history":[{"count":0,"href":"https:\/\/www.europesays.com\/es\/wp-json\/wp\/v2\/posts\/298104\/revisions"}],"wp:featuredmedia":[{"embeddable":true,"href":"https:\/\/www.europesays.com\/es\/wp-json\/wp\/v2\/media\/298105"}],"wp:attachment":[{"href":"https:\/\/www.europesays.com\/es\/wp-json\/wp\/v2\/media?parent=298104"}],"wp:term":[{"taxonomy":"category","embeddable":true,"href":"https:\/\/www.europesays.com\/es\/wp-json\/wp\/v2\/categories?post=298104"},{"taxonomy":"post_tag","embeddable":true,"href":"https:\/\/www.europesays.com\/es\/wp-json\/wp\/v2\/tags?post=298104"}],"curies":[{"name":"wp","href":"https:\/\/api.w.org\/{rel}","templated":true}]}}