{"id":298110,"date":"2025-12-20T15:41:15","date_gmt":"2025-12-20T15:41:15","guid":{"rendered":"https:\/\/www.europesays.com\/es\/298110\/"},"modified":"2025-12-20T15:41:15","modified_gmt":"2025-12-20T15:41:15","slug":"emisario-ruso-viaja-a-miami-para-sumarse-a-conversaciones-sobre-ucrania","status":"publish","type":"post","link":"https:\/\/www.europesays.com\/es\/298110\/","title":{"rendered":"Emisario ruso viaja a Miami para sumarse a conversaciones sobre Ucrania"},"content":{"rendered":"<p>    <img src=\"https:\/\/www.europesays.com\/es\/wp-content\/uploads\/2025\/12\/2025-12-20T103A363A50Z-90671722.jpg\" width=\"1024\" height=\"682\" alt=\"\" loading=\"eager\" decoding=\"sync\" fetchpriority=\"high\"\/><\/p>\n<p>            afp_tickers        <\/p>\n<p>        Este contenido fue publicado en    <\/p>\n<p>        20 diciembre 2025 &#8211; 11:36\n<\/p>\n<p>Las conversaciones para encontrar una salida al conflicto de Ucrania contin\u00faan este s\u00e1bado en Miami, donde se encuentran ya representantes ucranianos, europeos y norteamericanos, a los que se unir\u00e1 una delegaci\u00f3n rusa, sin que est\u00e9 prevista una mesa redonda con todas las partes.<\/p>\n<p>El emisario ruso Kirill Dmitriev anunci\u00f3 el s\u00e1bado que va camino de esta ciudad de Florida, donde el enviado especial estadounidense Steve Witkoff y el yerno del presidente Donald Trump, Jared Kushner, ejercen de mediadores.<\/p>\n<p>\u00abCamino de Miami\u00bb, escribi\u00f3 Dmitriev en su cuenta de X, en un mensaje acompa\u00f1ado de una paloma de la paz en forma de emoji, y de un corto video en el que se aprecia el sol brillando entre las nubes, frente a una playa con palmeras.\u00a0<\/p>\n<p>\u00abAhora que los belicistas siguen trabajando por tal de socavar el plan de paz de Estados Unidos para Ucrania, me he acordado de este video de mi anterior visita -la luz brillando a trav\u00e9s de las nubes\u00bb, escribi\u00f3 el representante ruso, emisario para asuntos econ\u00f3micos.<\/p>\n<p>El viernes, cerca de Miami, Witkoff y Kushner se reunieron con el negociador jefe ucraniano, Rustem Umerov, y con representantes de Francia, Reino Unido y Alemania.<\/p>\n<p>La participaci\u00f3n de rusos y europeos en estas conversaciones en Florida marca un paso adelante respecto a la etapa anterior, en la que los norteamericanos mantuvieron negociaciones separadas con cada parte en diferentes lugares.<\/p>\n<p>No obstante, es improbable que Dmitriev converse directamente con los negociadores ucranianos y europeos, dada la distancia que a\u00fan existe con ambos.<\/p>\n<p>Mosc\u00fa, que lanz\u00f3 su ofensiva en Ucrania en febrero de 2022, no ve con buenos ojos la participaci\u00f3n de los aliados europeos de Kiev, y la considera un obst\u00e1culo para la paz.<\/p>\n<p>Hace m\u00e1s de un mes, Estados Unidos propuso un plan detener la guerra. El texto inicial, percibido como ampliamente favorable a las demandas del Kremlin por parte de Ucrania y sus socios europeos, ha sido desde entonces revisado tras consultas con Kiev.<\/p>\n<p>Los detalles de la nueva versi\u00f3n no se conocen, pero seg\u00fan el presidente Volodimir Zelenski implica concesiones territoriales por parte de Ucrania a cambio de garant\u00edas de seguridad occidentales.<\/p>\n<p>\u2013 La ofensiva rusa no da tregua \u2013<\/p>\n<p>La v\u00edspera de estas nuevas conversaciones, el presidente ruso, Vladimir Putin, asever\u00f3 en su conferencia de prensa anual que el fin del conflicto est\u00e1 en manos de Kiev y sus socios europeos.<\/p>\n<p>\u00abLa pelota est\u00e1 completamente en el campo de nuestros rivales occidentales, empezando por la cabeza del r\u00e9gimen de Kiev y sus patrocinadores europeos\u00bb, dijo.<\/p>\n<p>Horas despu\u00e9s, el secretario de Estado norteamericano, Marco Rubio, enfatiz\u00f3 que pese a los esfuerzos de su administraci\u00f3n Washington no pretende imponer la paz.<\/p>\n<p>\u00abNo podemos obligar a Ucrania a llegar a un acuerdo. No podemos obligar a Rusia a llegar a un acuerdo. Tienen que querer llegar a un acuerdo\u00bb, apostill\u00f3 Rubio, quien este s\u00e1bado podr\u00eda unirse a las conversaciones en Miami, su ciudad natal.<\/p>\n<p>Putin prometi\u00f3 seguir adelante con su ofensiva militar en Ucrania, y alab\u00f3 los avances de Mosc\u00fa en el campo de batalla tras casi cuatro a\u00f1os de guerra.<\/p>\n<p>Las tropas rusas han acelerado este a\u00f1o sus conquistas en el frente ucraniano, donde controlan aproximadamente el 19% del territorio.<\/p>\n<p>Rusia anunci\u00f3 este mismo s\u00e1bado la toma de dos pueblos en las regiones ucranianas de Sumi y Donetsk, en el este del terriorio.<\/p>\n<p>M\u00e1s al sur, en Odesa, al menos ocho personas murieron por un bombardeo ruso contra la infraestructura portuaria, a orillas del mar Negro.<\/p>\n<p>Al mismo tiempo, Ucrania afirm\u00f3 haber destruido dos aviones de combate rusos en un aer\u00f3dromo de la pen\u00ednsula de Crimea, anexionada por Rusia en 2014, seg\u00fan el servicio de seguridad SBU.\u00a0<\/p>\n<p>Putin orden\u00f3 una invasi\u00f3n a gran escala de Ucrania en febrero de 2022, describi\u00e9ndola como una \u00aboperaci\u00f3n militar especial\u00bb para desmilitarizar el pa\u00eds y evitar la expansi\u00f3n de\u00a0la Organizaci\u00f3n del Tratado del Atl\u00e1ntico Norte (OTAN).\u00a0<\/p>\n<p>Kiev y sus aliados europeos afirman que la contienda, la mayor y m\u00e1s mort\u00edfera en suelo europeo desde la Segunda Guerra Mundial, supone una apropiaci\u00f3n ilegal de territorio sin provocaci\u00f3n previa.<\/p>\n<p>bur\/avl-sag<\/p>\n","protected":false},"excerpt":{"rendered":"afp_tickers Este contenido fue publicado en 20 diciembre 2025 &#8211; 11:36 Las conversaciones para encontrar una salida al&hellip;\n","protected":false},"author":2,"featured_media":298111,"comment_status":"","ping_status":"","sticky":false,"template":"","format":"standard","meta":{"footnotes":""},"categories":[42],"tags":[17,18,636,83,13,14,11,61,62,63,86,64,19,20,9,10,15,16,88,90,12,21,22,65,66,67],"class_list":{"0":"post-298110","1":"post","2":"type-post","3":"status-publish","4":"format-standard","5":"has-post-thumbnail","7":"category-internacional","8":"tag-breaking-news","9":"tag-breakingnews","10":"tag-conflict","11":"tag-diplomacy","12":"tag-featured-news","13":"tag-featurednews","14":"tag-headlines","15":"tag-internacional","16":"tag-international","17":"tag-international-news","18":"tag-international-relations","19":"tag-internationalnews","20":"tag-latest-news","21":"tag-latestnews","22":"tag-news","23":"tag-noticias","24":"tag-noticias-destacadas","25":"tag-noticiasdestacadas","26":"tag-politics","27":"tag-ticker","28":"tag-titulares","29":"tag-ultimas-noticias","30":"tag-ultimasnoticias","31":"tag-world","32":"tag-world-news","33":"tag-worldnews"},"share_on_mastodon":{"url":"https:\/\/pubeurope.com\/@es\/115752658129245473","error":""},"_links":{"self":[{"href":"https:\/\/www.europesays.com\/es\/wp-json\/wp\/v2\/posts\/298110","targetHints":{"allow":["GET"]}}],"collection":[{"href":"https:\/\/www.europesays.com\/es\/wp-json\/wp\/v2\/posts"}],"about":[{"href":"https:\/\/www.europesays.com\/es\/wp-json\/wp\/v2\/types\/post"}],"author":[{"embeddable":true,"href":"https:\/\/www.europesays.com\/es\/wp-json\/wp\/v2\/users\/2"}],"replies":[{"embeddable":true,"href":"https:\/\/www.europesays.com\/es\/wp-json\/wp\/v2\/comments?post=298110"}],"version-history":[{"count":0,"href":"https:\/\/www.europesays.com\/es\/wp-json\/wp\/v2\/posts\/298110\/revisions"}],"wp:featuredmedia":[{"embeddable":true,"href":"https:\/\/www.europesays.com\/es\/wp-json\/wp\/v2\/media\/298111"}],"wp:attachment":[{"href":"https:\/\/www.europesays.com\/es\/wp-json\/wp\/v2\/media?parent=298110"}],"wp:term":[{"taxonomy":"category","embeddable":true,"href":"https:\/\/www.europesays.com\/es\/wp-json\/wp\/v2\/categories?post=298110"},{"taxonomy":"post_tag","embeddable":true,"href":"https:\/\/www.europesays.com\/es\/wp-json\/wp\/v2\/tags?post=298110"}],"curies":[{"name":"wp","href":"https:\/\/api.w.org\/{rel}","templated":true}]}}