{"id":298112,"date":"2025-12-20T15:42:10","date_gmt":"2025-12-20T15:42:10","guid":{"rendered":"https:\/\/www.europesays.com\/es\/298112\/"},"modified":"2025-12-20T15:42:10","modified_gmt":"2025-12-20T15:42:10","slug":"ultima-hora-politica-en-directo-moreno-defiende-que-los-cribados-de-cancer-han-salido-reforzados-tras-la-crisis-de-las-mamografias-el-espanol","status":"publish","type":"post","link":"https:\/\/www.europesays.com\/es\/298112\/","title":{"rendered":"\u00daltima hora pol\u00edtica, en directo | Moreno defiende que los cribados de c\u00e1ncer &quot;han salido reforzados&quot; tras la crisis de las mamograf\u00edas &#8211; El Espa\u00f1ol"},"content":{"rendered":"<ol>\n<li><a href=\"https:\/\/news.google.com\/rss\/articles\/CBMimAJBVV95cUxQZnc2V1JYU0oxVUk4MjdLSFNBVFdPc3NtRkUzbUJRNk9uTUJoX29rRnVMX1BaLVlxOElRMGxxUGVjYzNaMG9rOUVBYldZR0RzX0NOcnNnMkVJRk5HeWpsckRfWmVIRkR2cVdyUVNmWnhZRTRsaVdqd3lTUF8xbHhqR3VwNkM2dkRHV3Zma3hjUVZMTGpGMTVqaFV4QjdqS2tTc19uV3VhUlVIUVdpczFFRGcwZ2xONnNINWl0Q29keHozSEc5MU1Mdi0xeHNWZi1yS2FpZ1RmSmI5a0dhSmxxVUt6eGFPc0JJc2xFby13dDF2R2dGLTBtM2VzU0JmN241VFZCRmdXSHp4cXd4YmFocGJ2YzZpZ0Q2?oc=5\" target=\"_blank\" rel=\"nofollow noopener\">\u00daltima hora pol\u00edtica, en directo | Moreno defiende que los cribados de c\u00e1ncer \u00abhan salido reforzados\u00bb tras la crisis de las mamograf\u00edas<\/a>&nbsp;&nbsp;El Espa\u00f1ol<\/li>\n<li><a href=\"https:\/\/news.google.com\/rss\/articles\/CBMi9gFBVV95cUxOc2NjU2FQOGstNmFhdkhpcGY4emljeXBnQ0NmcDBxZlNwM21GWDZSd2pzTEFad1lUcExvSFpiTkljVkQwVVFmWi04Q0h5WVBNNllaXzR0elR0T3oyVXVNRC1iLWlaOEtTTHpGaFZncW5OdEFPQ0VIczE3YUxWTGlrM3hvTkNrYXJJUHliQUNLUW9oaWJrcEFSd3dJRi1lNERCNHRYVWF6VXZvTUVFX1RUSlRBNXBJVHY2ZTVJSExPeFkwbDlzZlU4UzdTaDlncnVNNndlSDRqN3diaUgzVkthN2h6a0hfZDgwMkVfblVsYndpUU81c2c?oc=5\" target=\"_blank\" rel=\"nofollow noopener\">Alegr\u00eda lanza su candidatura en la precampa\u00f1a de Arag\u00f3n: \u201cQuiero ser la presidenta de quienes conf\u00eden en m\u00ed y de quienes no\u201d<\/a>&nbsp;&nbsp;EL PA\u00cdS<\/li>\n<li><a href=\"https:\/\/news.google.com\/rss\/articles\/CBMikwFBVV95cUxPcTRRTUxhWVc1ajRyZGs5ZWxjcVFEMl9kT2ZSai0zY2RWX2Q5Z2YwTW02VnhNbHVEQlZGM1NMYXpFSGV6THgycWk5NTNJRGRlZl8tTnJpUXhMdmtmelYwRTAyaURjRFZDM0JhdldDM2J2eTh0QVBRMzZkTS0yc013SVJMc3UycU9NdWRrUUplVExZOGc?oc=5\" target=\"_blank\" rel=\"nofollow noopener\">Arag\u00f3n Informativos<\/a>&nbsp;&nbsp;RTVE.es<\/li>\n<li><a href=\"https:\/\/news.google.com\/rss\/articles\/CBMi7AFBVV95cUxOSndrNml3M01JMHlSZlBhVGNwVTVvSFNQRUJCUXktYmgwVHJpaDZhRFV5eW9DX2R4bUNiMm5vaUV3SVM3Z0R2UkMwczM5cFBxTTZHdG1IVU41cVZUVkQ3cWo3ZjUtQ09RcnhGcmlZaVh2TW5QT3Iwbjc2Um14Q21JN2stcnNPMW5MbE9sNWdSa2o5TFRpOWFodkltaldtV3hoczRab3h2QnZIN0xKVVFvai05UVVlVXFmSUxHUzUyMnNRZXljUEVoQVd5aW5HVHpKdnllWXZXejRaYzM4QndJeGxtWkt1QjZScHRLXw?oc=5\" target=\"_blank\" rel=\"nofollow noopener\">Las listas del PSOE de Pilar Alegr\u00eda para las auton\u00f3micas aragonesas: continuidad en Huesca, renovaci\u00f3n en Teruel y dudas en Zaragoza<\/a>&nbsp;&nbsp;elDiario.es<\/li>\n<li><a href=\"https:\/\/news.google.com\/rss\/articles\/CBMi0gFBVV95cUxPYkVLbXdNM1ctc3l1OENlXzFjNzVMUzQ5Zk5UZjkwbU5NWkFUZ0pyRDU5cnV0V0x6OGpNT19QTmk5YlBQUHZxZjN6RmlsRkFQdFMtLWZ5Ukt1TUFyZDZBQVh4a0hsT2NlVnJtcEZFYzZCQVdnZWFnR0tURGRYREpzVGRzdWFwdmtIYzhoR0hMeWozZ0R1ZGVtTHdTSlgwNmdYMjNuZFJvc1JkMXBISERlbURDLUxldGxuNFZIWm52Ym5ud1RxNGpHZmcxM2tZTEt3dWc?oc=5\" target=\"_blank\" rel=\"nofollow noopener\">Pilar Alegr\u00eda admite errores de S\u00e1nchez tras su salida de Moncloa: \u00abNo es un momento sencillo\u00bb<\/a>&nbsp;&nbsp;La Raz\u00f3n<\/li>\n<\/ol>\n","protected":false},"excerpt":{"rendered":"\u00daltima hora pol\u00edtica, en directo | Moreno defiende que los cribados de c\u00e1ncer \u00abhan salido reforzados\u00bb tras la&hellip;\n","protected":false},"author":2,"featured_media":298113,"comment_status":"","ping_status":"","sticky":false,"template":"","format":"standard","meta":{"footnotes":""},"categories":[8],"tags":[17,18,25,24,13,14,11,19,20,9,10,15,16,952,23,12,21,22],"class_list":{"0":"post-298112","1":"post","2":"type-post","3":"status-publish","4":"format-standard","5":"has-post-thumbnail","7":"category-espana","8":"tag-breaking-news","9":"tag-breakingnews","10":"tag-es","11":"tag-espana","12":"tag-featured-news","13":"tag-featurednews","14":"tag-headlines","15":"tag-latest-news","16":"tag-latestnews","17":"tag-news","18":"tag-noticias","19":"tag-noticias-destacadas","20":"tag-noticiasdestacadas","21":"tag-politica","22":"tag-spain","23":"tag-titulares","24":"tag-ultimas-noticias","25":"tag-ultimasnoticias"},"share_on_mastodon":{"url":"https:\/\/pubeurope.com\/@es\/115752661579679455","error":""},"_links":{"self":[{"href":"https:\/\/www.europesays.com\/es\/wp-json\/wp\/v2\/posts\/298112","targetHints":{"allow":["GET"]}}],"collection":[{"href":"https:\/\/www.europesays.com\/es\/wp-json\/wp\/v2\/posts"}],"about":[{"href":"https:\/\/www.europesays.com\/es\/wp-json\/wp\/v2\/types\/post"}],"author":[{"embeddable":true,"href":"https:\/\/www.europesays.com\/es\/wp-json\/wp\/v2\/users\/2"}],"replies":[{"embeddable":true,"href":"https:\/\/www.europesays.com\/es\/wp-json\/wp\/v2\/comments?post=298112"}],"version-history":[{"count":0,"href":"https:\/\/www.europesays.com\/es\/wp-json\/wp\/v2\/posts\/298112\/revisions"}],"wp:featuredmedia":[{"embeddable":true,"href":"https:\/\/www.europesays.com\/es\/wp-json\/wp\/v2\/media\/298113"}],"wp:attachment":[{"href":"https:\/\/www.europesays.com\/es\/wp-json\/wp\/v2\/media?parent=298112"}],"wp:term":[{"taxonomy":"category","embeddable":true,"href":"https:\/\/www.europesays.com\/es\/wp-json\/wp\/v2\/categories?post=298112"},{"taxonomy":"post_tag","embeddable":true,"href":"https:\/\/www.europesays.com\/es\/wp-json\/wp\/v2\/tags?post=298112"}],"curies":[{"name":"wp","href":"https:\/\/api.w.org\/{rel}","templated":true}]}}