{"id":298114,"date":"2025-12-20T15:43:14","date_gmt":"2025-12-20T15:43:14","guid":{"rendered":"https:\/\/www.europesays.com\/es\/298114\/"},"modified":"2025-12-20T15:43:14","modified_gmt":"2025-12-20T15:43:14","slug":"los-hinchas-no-necesitan-gente-sana-necesitan-que-el-equipo-gane","status":"publish","type":"post","link":"https:\/\/www.europesays.com\/es\/298114\/","title":{"rendered":"Los hinchas no necesitan gente sana, necesitan que el equipo gane"},"content":{"rendered":"<p data-gtm-element-container=\"modulo-texto-link\" class=\"paragraph\">Diego Pablo Simeone, t\u00e9cnico del Atl\u00e9tico de Madrid, compareci\u00f3 ante los medios de comunicaci\u00f3n en la previa del \u00faltimo encuentro del a\u00f1o. Un partido que ser\u00e1 contra el Girona en Montilivi.\u00a0\u00a0<\/p>\n<p data-gtm-element-container=\"modulo-texto-link\" class=\"paragraph\"><strong>Thiago Almada<\/strong><\/p>\n<p data-gtm-element-container=\"modulo-texto-link\" class=\"paragraph\">\u201cEn realidad est\u00e1 compitiendo muy bien, est\u00e1 trabajando en consecuencia de lo que necesitamos. Hay otros compa\u00f1eros que lo est\u00e1n haciendo muy bien y el entrenador termina decidiendo por uno o por otro. Lo necesitamos de la mejor manera. Tiene una visi\u00f3n de juego en el \u00faltimo tramo del campo importante. No nos olvidemos que en el partido contra el Barcelona pudo haber hecho un gol, dio una asistencia a Griezmann que pudo terminar en gol. El pase a Conor, el otro d\u00eda en Copa, fue de \u00e9l. Son cosas que son pesantes dentro del juego del equipo. A nosotros nos gusta, nos sirve y esperemos que siga evolucionando para lo que queremos y para lo que quiere \u00e9l\u201d.<\/p>\n<p data-gtm-element-container=\"modulo-texto-link\" class=\"paragraph\"><strong>Partido ante el Girona<\/strong><\/p>\n<p data-gtm-element-container=\"modulo-texto-link\" class=\"paragraph\">\u201cSiempre miro a los rivales seg\u00fan el momento actual en el que est\u00e1n. Est\u00e1n ahora mejor. Viene de tener resultados positivos. Tres o cuatro partidos viene compitiendo muy bien. Me viene en mente el partido de local contra el Real Madrid o contra la Real Sociedad levantaron el partido. Vienen en la misma l\u00ednea en su juego de buscar provocar el juego valiente que tienen. Ma\u00f1ana tendremos que llevar el partido a donde le podamos hacer da\u00f1o\u201d.<\/p>\n<p data-gtm-element-container=\"modulo-texto-link\" class=\"paragraph\"><strong>Ahora, muchos partidos fuera de casa seguidos<\/strong><\/p>\n<p data-gtm-element-container=\"modulo-texto-link\" class=\"paragraph\">\u201cNinguna, como no hay ninguna fuerza para poder generar di\u00e1logo. Tenemos que aceptar como est\u00e1 puesto el calendario. Luego, tratar de hacerlo lo mejor posible\u201d.<\/p>\n<p data-gtm-element-container=\"modulo-texto-link\" class=\"paragraph\"><strong>Tres victorias seguidas fuera de casa<\/strong><\/p>\n<p data-gtm-element-container=\"modulo-texto-link\" class=\"paragraph\">\u201cNormal, que la opini\u00f3n siempre est\u00e9 de parte de ustedes que son los que siguen los equipos, los partidos. El a\u00f1o es muy largo, el a\u00f1o tiene pasajes buenos, pasajes regulares. Cuando los pasajes no son tan buenos hay que estar fuerte. Nos tenemos que hacer fuertes fuera de casa y en ese crecimiento estamos\u201d.<\/p>\n<p>    Lee tambi\u00e9n<\/p>\n<p data-gtm-element-container=\"modulo-texto-link\" class=\"paragraph\"><strong>Tengo dos preguntas una de f\u00fatbol y otra no, \u00bfcu\u00e1l prefieres?<\/strong><\/p>\n<p data-gtm-element-container=\"modulo-texto-link\" class=\"paragraph\">La que no.<\/p>\n<p data-gtm-element-container=\"modulo-texto-link\" class=\"paragraph\"><strong>Separaci\u00f3n de Ferrero y Alcaraz<\/strong><\/p>\n<p data-gtm-element-container=\"modulo-texto-link\" class=\"paragraph\">Hazme la de f\u00fatbol.<\/p>\n<p data-gtm-element-container=\"modulo-texto-link\" class=\"paragraph\"><strong>El factor campo para el Villarreal en el partido ante el Barcelona<\/strong><\/p>\n<p data-gtm-element-container=\"modulo-texto-link\" class=\"paragraph\">\u201cSabes que no opino lo que pueda pasar en otros campos. Nosotros tenemos que estar a lo que nos interes. La temporada sigue siendo muy larga. Nos centramos en el partido del Girona\u201d.<\/p>\n<p>        Lee tambi\u00e9n<\/p>\n<p>    Walter Zimmermann<\/p>\n<p>             <img loading=\"lazy\" decoding=\"async\" data-full-src=\"https:\/\/www.mundodeportivo.com\/uploads\/2025\/12\/16\/6941cf3ebbaba.jpeg\" alt=\"Horizontal\" width=\"334\" height=\"164\" src=\"https:\/\/www.europesays.com\/es\/wp-content\/uploads\/2025\/12\/6941cf3ebbaba.r_d.1310-800.jpeg\" class=\"lazy\"\/><\/p>\n<p data-gtm-element-container=\"modulo-texto-link\" class=\"paragraph\"><strong>Cansancio acumulado<\/strong><\/p>\n<p data-gtm-element-container=\"modulo-texto-link\" class=\"paragraph\">\u201cEst\u00e1 claro que todo est\u00e1 derivado a ese sector, a competir, a jugar, a no tener tiempo de recuperaci\u00f3n, gestion\u00e1ndolo en el andar. Es dif\u00edcil de gestionar porque cualquier tipo de partido hay que ganarlo. Te lleva siempre a la exigencia m\u00e1xima de ganarlo. Te lleva siempre a la exigencia m\u00e1xima de parte del cuerpo t\u00e9cnico, preparadores f\u00edsicos, fisios, y ni que hablar de los futbolistas. De los partidos de los futbolistas, no se puede hacer nada. Tenemos que estar preparados para tener una plantilla amplia, gestionar, hacer los esfuerzos y competir. Los hinchas no necesitan gente sana sino necesitan que el equipo gane\u201d.<\/p>\n<p data-gtm-element-container=\"modulo-texto-link\" class=\"paragraph\"><strong>Llorente<\/strong><\/p>\n<p data-gtm-element-container=\"modulo-texto-link\" class=\"paragraph\">Lo vimos bastante bien. Ma\u00f1ana decidiremos qui\u00e9n empieza, yo lo veo la verdad que bien.<\/p>\n","protected":false},"excerpt":{"rendered":"Diego Pablo Simeone, t\u00e9cnico del Atl\u00e9tico de Madrid, compareci\u00f3 ante los medios de comunicaci\u00f3n en la previa del&hellip;\n","protected":false},"author":2,"featured_media":298115,"comment_status":"","ping_status":"","sticky":false,"template":"","format":"standard","meta":{"footnotes":""},"categories":[5],"tags":[17,18,25,24,13,14,11,19,20,9,10,15,16,23,12,21,22],"class_list":{"0":"post-298114","1":"post","2":"type-post","3":"status-publish","4":"format-standard","5":"has-post-thumbnail","7":"category-titulares","8":"tag-breaking-news","9":"tag-breakingnews","10":"tag-es","11":"tag-espana","12":"tag-featured-news","13":"tag-featurednews","14":"tag-headlines","15":"tag-latest-news","16":"tag-latestnews","17":"tag-news","18":"tag-noticias","19":"tag-noticias-destacadas","20":"tag-noticiasdestacadas","21":"tag-spain","22":"tag-titulares","23":"tag-ultimas-noticias","24":"tag-ultimasnoticias"},"share_on_mastodon":{"url":"https:\/\/pubeurope.com\/@es\/115752666004178192","error":""},"_links":{"self":[{"href":"https:\/\/www.europesays.com\/es\/wp-json\/wp\/v2\/posts\/298114","targetHints":{"allow":["GET"]}}],"collection":[{"href":"https:\/\/www.europesays.com\/es\/wp-json\/wp\/v2\/posts"}],"about":[{"href":"https:\/\/www.europesays.com\/es\/wp-json\/wp\/v2\/types\/post"}],"author":[{"embeddable":true,"href":"https:\/\/www.europesays.com\/es\/wp-json\/wp\/v2\/users\/2"}],"replies":[{"embeddable":true,"href":"https:\/\/www.europesays.com\/es\/wp-json\/wp\/v2\/comments?post=298114"}],"version-history":[{"count":0,"href":"https:\/\/www.europesays.com\/es\/wp-json\/wp\/v2\/posts\/298114\/revisions"}],"wp:featuredmedia":[{"embeddable":true,"href":"https:\/\/www.europesays.com\/es\/wp-json\/wp\/v2\/media\/298115"}],"wp:attachment":[{"href":"https:\/\/www.europesays.com\/es\/wp-json\/wp\/v2\/media?parent=298114"}],"wp:term":[{"taxonomy":"category","embeddable":true,"href":"https:\/\/www.europesays.com\/es\/wp-json\/wp\/v2\/categories?post=298114"},{"taxonomy":"post_tag","embeddable":true,"href":"https:\/\/www.europesays.com\/es\/wp-json\/wp\/v2\/tags?post=298114"}],"curies":[{"name":"wp","href":"https:\/\/api.w.org\/{rel}","templated":true}]}}