{"id":298116,"date":"2025-12-20T15:47:13","date_gmt":"2025-12-20T15:47:13","guid":{"rendered":"https:\/\/www.europesays.com\/es\/298116\/"},"modified":"2025-12-20T15:47:13","modified_gmt":"2025-12-20T15:47:13","slug":"el-ranking-mundial-actualiza-la-situacion-de-la-solicitud-de-liv-golf","status":"publish","type":"post","link":"https:\/\/www.europesays.com\/es\/298116\/","title":{"rendered":"El Ranking Mundial actualiza la situaci\u00f3n de la solicitud de LIV Golf"},"content":{"rendered":"<p>            <a href=\"https:\/\/ten-golf.com\/wp-content\/uploads\/2025\/02\/webimage-FC6018E3-9471-47A7-B543DEF4491C6523.webp\" data-caption=\"Riyadh Golf Club \u00a9 LIV Golf\" rel=\"nofollow noopener\" target=\"_blank\"><img decoding=\"async\" loading=\"lazy\" width=\"666\" height=\"444\" class=\"entry-thumb td-modal-image\" src=\"https:\/\/www.europesays.com\/es\/wp-content\/uploads\/2025\/12\/webimage-FC6018E3-9471-47A7-B543DEF4491C6523-666x444.webp.webp\"   alt=\"Riyadh Golf Club \u00a9 LIV Golf\" title=\"Riyadh Golf Club \u00a9 LIV Golf\"\/><\/a>Riyadh Golf Club \u00a9 LIV Golf<\/p>\n<p class=\"p1\">El <strong>Ranking Mundial (OWGR)<\/strong> contin\u00faa analizando la solicitud de <strong>LIV Golf<\/strong> para obtener puntos de ranking mundial, seg\u00fan ha confirmado esta semana su presidente, <strong>Trevor Immelman.<\/strong> El proceso sigue abierto tras los recientes cambios anunciados por el circuito, entre ellos el paso de torneos de 54 a 72 hoyos a partir de la temporada 2026.<\/p>\n<p class=\"p1\">Immelman ha explicado que mantiene contacto continuo con LIV Golf desde que el circuito volviera a presentar formalmente su solicitud el pasado mes de junio. En ese contexto, Trevor ha se\u00f1alado que <strong>Scott O\u2019Neil<\/strong>, responsable ejecutivo de LIV, inform\u00f3 al ranking mundial del cambio de formato antes de que se hiciera p\u00fablico.<\/p>\n<p class=\"p1\">\u201cVan a jugar 72 hoyos y con fields m\u00e1s amplios\u201d, ha recordado Immelman, quien subray\u00f3 que el OWGR est\u00e1 revisando la evoluci\u00f3n del circuito como parte del an\u00e1lisis de su candidatura.<\/p>\n<p class=\"p1\">La falta de reconocimiento por parte del ranking mundial ha sido uno de los principales obst\u00e1culos para LIV Golf desde su creaci\u00f3n. Sin puntos OWGR, sus jugadores han descendido en la clasificaci\u00f3n mundial, lo que afecta directamente a sus opciones de acceso a los Majors, que utilizan el ranking como uno de sus principales criterios de clasificaci\u00f3n.<\/p>\n<p class=\"p1\">El presidente del OWGR ha insistido en que el di\u00e1logo con LIV es constante y que el objetivo es gestionar el proceso con criterios de integridad y coherencia con las normas del ranking. No obstante, aclar\u00f3 que todav\u00eda no se ha tomado ninguna decisi\u00f3n sobre la aceptaci\u00f3n o no del circuito.<\/p>\n<p class=\"p1\">Desde LIV Golf conf\u00edan en que el OWGR emita una resoluci\u00f3n antes del inicio de la temporada 2026, que comenzar\u00e1 el 4 de febrero en <strong>Riad<\/strong>,<strong> Arabia Saud\u00ed<\/strong>. Hasta entonces, el estatus del circuito en el ranking mundial sigue pendiente de evaluaci\u00f3n.<\/p>\n","protected":false},"excerpt":{"rendered":"Riyadh Golf Club \u00a9 LIV Golf El Ranking Mundial (OWGR) contin\u00faa analizando la solicitud de LIV Golf para&hellip;\n","protected":false},"author":2,"featured_media":298117,"comment_status":"","ping_status":"","sticky":false,"template":"","format":"standard","meta":{"footnotes":""},"categories":[275],"tags":[168,25,24,329,968,336,70918,338,339,340,70919,23,167,70920],"class_list":{"0":"post-298116","1":"post","2":"type-post","3":"status-publish","4":"format-standard","5":"has-post-thumbnail","7":"category-golf","8":"tag-deportes","9":"tag-es","10":"tag-espana","11":"tag-golf","12":"tag-liv-golf","13":"tag-notificacion","14":"tag-owgr","15":"tag-portada","16":"tag-portada-america","17":"tag-portada-global","18":"tag-ranking-mundial-de-golf-masculino","19":"tag-spain","20":"tag-sports","21":"tag-trevor-immelman"},"share_on_mastodon":{"url":"https:\/\/pubeurope.com\/@es\/115752681385948921","error":""},"_links":{"self":[{"href":"https:\/\/www.europesays.com\/es\/wp-json\/wp\/v2\/posts\/298116","targetHints":{"allow":["GET"]}}],"collection":[{"href":"https:\/\/www.europesays.com\/es\/wp-json\/wp\/v2\/posts"}],"about":[{"href":"https:\/\/www.europesays.com\/es\/wp-json\/wp\/v2\/types\/post"}],"author":[{"embeddable":true,"href":"https:\/\/www.europesays.com\/es\/wp-json\/wp\/v2\/users\/2"}],"replies":[{"embeddable":true,"href":"https:\/\/www.europesays.com\/es\/wp-json\/wp\/v2\/comments?post=298116"}],"version-history":[{"count":0,"href":"https:\/\/www.europesays.com\/es\/wp-json\/wp\/v2\/posts\/298116\/revisions"}],"wp:featuredmedia":[{"embeddable":true,"href":"https:\/\/www.europesays.com\/es\/wp-json\/wp\/v2\/media\/298117"}],"wp:attachment":[{"href":"https:\/\/www.europesays.com\/es\/wp-json\/wp\/v2\/media?parent=298116"}],"wp:term":[{"taxonomy":"category","embeddable":true,"href":"https:\/\/www.europesays.com\/es\/wp-json\/wp\/v2\/categories?post=298116"},{"taxonomy":"post_tag","embeddable":true,"href":"https:\/\/www.europesays.com\/es\/wp-json\/wp\/v2\/tags?post=298116"}],"curies":[{"name":"wp","href":"https:\/\/api.w.org\/{rel}","templated":true}]}}