{"id":298126,"date":"2025-12-20T15:53:08","date_gmt":"2025-12-20T15:53:08","guid":{"rendered":"https:\/\/www.europesays.com\/es\/298126\/"},"modified":"2025-12-20T15:53:08","modified_gmt":"2025-12-20T15:53:08","slug":"preocupacion-entre-los-fans-por-la-extrema-delgadez-de-james-van-der-beek-dawson-crece-en-su-lucha-contra-el-cancer","status":"publish","type":"post","link":"https:\/\/www.europesays.com\/es\/298126\/","title":{"rendered":"Preocupaci\u00f3n entre los fans por la extrema delgadez de James Van Der Beek (&#8216;Dawson Crece&#8217;) en su lucha contra el c\u00e1ncer"},"content":{"rendered":"<p class=\"c-paragraph\">El actor <b>James Van Der Beek<\/b>, famoso por su papel protag\u00f3nico en la serie Dawson crece\u00a0(1998-2003), lleva m\u00e1s de dos a\u00f1os luchando contra un <a href=\"https:\/\/www.20minutos.es\/tags\/temas\/cancer-de-colon.html\" title=\"C\u00e1ncer de Colon\" rel=\"nofollow noopener\" target=\"_blank\">c\u00e1ncer colorrectal<\/a> del que se est\u00e1 tratando. En una de sus \u00faltimas apariciones, ha despertado la preocupaci\u00f3n de sus fans por su aspecto.<\/p>\n<p class=\"c-paragraph\">El int\u00e9rprete, de 48 a\u00f1os, ha querido tranquilizar a sus seguidores, explicando que su aspecto se deb\u00eda a <b>un virus estomacal <\/b>que le hab\u00eda hecho perder mucho peso.<\/p>\n<p class=\"c-paragraph\">Durante una entrevista con Craig Melvin de Today, que se emiti\u00f3 el viernes, Van Der Beek dijo que su delgadez no ten\u00eda \u00abnada que ver con el c\u00e1ncer. Aunque con el c\u00e1ncer todo es como:<b> &#8216;\u00bfPor qu\u00e9 no aumentamos el tama\u00f1o de ese virus estomacal?&#8217;<\/b>\u00ab.<\/p>\n<p class=\"c-paragraph\">En noviembre de 2024, Van Der Beek revel\u00f3 su diagn\u00f3stico de c\u00e1ncer mientras en una entrevista con People. \u00abTengo c\u00e1ncer colorrectal. He estado lidiando con <b>este diagn\u00f3stico en privado<\/b> y he estado tomando medidas para resolverlo, con el apoyo de mi incre\u00edble familia\u00bb, dijo. \u00abHay motivos para el optimismo y me siento bien\u00bb, a\u00f1adi\u00f3.<\/p>\n<p class=\"c-paragraph\">En la entrevista del viernes, Van Der Beek, habl\u00f3 de su estado actual. \u00ab<b>Me siento much\u00edsimo mejor que hace un par de meses\u00bb, <\/b>dijo. \u00abHa sido un camino m\u00e1s largo de lo que jam\u00e1s imagin\u00e9. Me ha exigido m\u00e1s: m\u00e1s paciencia, m\u00e1s disciplina, m\u00e1s fuerza de la que cre\u00eda tener. Sab\u00eda que era fuerte. No sab\u00eda que fuera tan fuerte. Pero me siento bien\u00bb, afirm\u00f3.<\/p>\n<p class=\"c-paragraph\">Van Der Beek dijo que su lucha contra el c\u00e1ncer ha fortalecido su <b>\u00abconexi\u00f3n con Dios\u00bb<\/b>. \u00abMe di cuenta de que todav\u00eda soy digno de amor: mi propio amor, el amor de Dios\u00bb, explic\u00f3, antes de decir que es \u00ababrumador\u00bb cuando los fans se acercan a \u00e9l y le dicen: \u00abEstoy orando por ti\u00bb, concluy\u00f3.<\/p>\n","protected":false},"excerpt":{"rendered":"El actor James Van Der Beek, famoso por su papel protag\u00f3nico en la serie Dawson crece\u00a0(1998-2003), lleva m\u00e1s&hellip;\n","protected":false},"author":2,"featured_media":298127,"comment_status":"","ping_status":"","sticky":false,"template":"","format":"standard","meta":{"footnotes":""},"categories":[174],"tags":[255,146,160,147,25,24,256,7136,4417,5043,864,23],"class_list":{"0":"post-298126","1":"post","2":"type-post","3":"status-publish","4":"format-standard","5":"has-post-thumbnail","7":"category-famosos","8":"tag-celebrities","9":"tag-entertainment","10":"tag-entre","11":"tag-entretenimiento","12":"tag-es","13":"tag-espana","14":"tag-famosos","15":"tag-fans","16":"tag-los","17":"tag-por","18":"tag-preocupacion","19":"tag-spain"},"share_on_mastodon":{"url":"https:\/\/pubeurope.com\/@es\/115752704934954878","error":""},"_links":{"self":[{"href":"https:\/\/www.europesays.com\/es\/wp-json\/wp\/v2\/posts\/298126","targetHints":{"allow":["GET"]}}],"collection":[{"href":"https:\/\/www.europesays.com\/es\/wp-json\/wp\/v2\/posts"}],"about":[{"href":"https:\/\/www.europesays.com\/es\/wp-json\/wp\/v2\/types\/post"}],"author":[{"embeddable":true,"href":"https:\/\/www.europesays.com\/es\/wp-json\/wp\/v2\/users\/2"}],"replies":[{"embeddable":true,"href":"https:\/\/www.europesays.com\/es\/wp-json\/wp\/v2\/comments?post=298126"}],"version-history":[{"count":0,"href":"https:\/\/www.europesays.com\/es\/wp-json\/wp\/v2\/posts\/298126\/revisions"}],"wp:featuredmedia":[{"embeddable":true,"href":"https:\/\/www.europesays.com\/es\/wp-json\/wp\/v2\/media\/298127"}],"wp:attachment":[{"href":"https:\/\/www.europesays.com\/es\/wp-json\/wp\/v2\/media?parent=298126"}],"wp:term":[{"taxonomy":"category","embeddable":true,"href":"https:\/\/www.europesays.com\/es\/wp-json\/wp\/v2\/categories?post=298126"},{"taxonomy":"post_tag","embeddable":true,"href":"https:\/\/www.europesays.com\/es\/wp-json\/wp\/v2\/tags?post=298126"}],"curies":[{"name":"wp","href":"https:\/\/api.w.org\/{rel}","templated":true}]}}