{"id":298146,"date":"2025-12-20T16:04:12","date_gmt":"2025-12-20T16:04:12","guid":{"rendered":"https:\/\/www.europesays.com\/es\/298146\/"},"modified":"2025-12-20T16:04:12","modified_gmt":"2025-12-20T16:04:12","slug":"el-nuevo-mapa-politico-de-america-latina-dw-19-12-2025","status":"publish","type":"post","link":"https:\/\/www.europesays.com\/es\/298146\/","title":{"rendered":"el nuevo mapa pol\u00edtico de Am\u00e9rica Latina \u2013 DW \u2013 19\/12\/2025"},"content":{"rendered":"<p>En un movimiento pendular, que a veces se inclina a la derecha y otras a la izquierda, y que configura ciertas coincidencias temporales, las elecciones presidenciales en <a class=\"internal-link\" href=\"https:\/\/www.dw.com\/es\/am\u00e9rica-latina-entre-el-giro-a-la-derecha-y-la-sombra-de-trump\/a-75231124\" rel=\"nofollow noopener\" target=\"_blank\">los pa\u00edses latinoamericanos<\/a> est\u00e1n modificando el mapa pol\u00edtico de <a class=\"internal-link\" href=\"https:\/\/www.dw.com\/es\/am\u00e9rica-latina\/t-17411636\" rel=\"nofollow noopener\" target=\"_blank\">Am\u00e9rica Latina<\/a>.<\/p>\n<p>Con el triunfo en <a class=\"internal-link\" href=\"https:\/\/www.dw.com\/es\/chile\/t-17411731\" rel=\"nofollow noopener\" target=\"_blank\">Chile<\/a> del ultraconservador <a class=\"internal-link\" href=\"https:\/\/www.dw.com\/es\/jos\u00e9-antonio-kast\/t-75154542\" rel=\"nofollow noopener\" target=\"_blank\">Jos\u00e9 Antonio Kast<\/a>, fundador y l\u00edder del partido Republicano, y defensor de la dictadura de Augusto Pinochet, llega por primera vez la ultraderecha al gobierno, despu\u00e9s del retorno a la democracia. En el tablero latinoamericano la derecha suma as\u00ed una nueva ficha, que se suma a presidentes como <a class=\"internal-link\" href=\"https:\/\/www.dw.com\/es\/milei-javier\/t-67510223\" rel=\"nofollow noopener\" target=\"_blank\">Javier Milei<\/a> en Argentina, <a class=\"internal-link\" href=\"https:\/\/www.dw.com\/es\/noboa-daniel\/t-67524363\" rel=\"nofollow noopener\" target=\"_blank\">Daniel Noboa<\/a> en Ecuador o <a class=\"internal-link\" href=\"https:\/\/www.dw.com\/es\/bukele-nayib\/t-47302581\" rel=\"nofollow noopener\" target=\"_blank\">Nayib Bukele<\/a> en El Salvador.<\/p>\n<p>De 19 pa\u00edses latinoamericanos, actualmente en nueve hay gobiernos de derecha y en diez, de izquierda. Entre estos \u00faltimos, en M\u00e9xico (Claudia Sheinbaum), Brasil (Lula da Silva), Colombia (Gustavo Petro), Uruguay (Yamand\u00fa Ors\u00fa), adem\u00e1s de Chile (Gabriel Boric). Con la llegada de Kast a la presidencia y el probable resultado de las recientes elecciones en Honduras -a\u00fan no finalizados los escrutinios-, la balanza se inclinar\u00e1 hacia la derecha.<\/p>\n<p>M\u00e1s all\u00e1 del mapa, hay una complejidad que no se explica simplemente como una \u00abola derechista\u00bb. La foto del momento tiene que ver con procesos tanto internos como globales y el impacto a nivel latinoamericano de la llegada de un gobierno de color distinto depender\u00e1 del peso del pa\u00eds en cuesti\u00f3n y del liderazgo de su presidente o presidenta.<\/p>\n<p>Alternancia izquierda-derecha<\/p>\n<p>En opini\u00f3n de Andr\u00e9s Malamud, \u00abes improbable que <a class=\"internal-link\" href=\"https:\/\/www.dw.com\/es\/kast-gana-en-chile-sigue-el-giro-a-la-derecha-en-am\u00e9rica-latina\/a-75181161\" rel=\"nofollow noopener\" target=\"_blank\">la victoria de Kast<\/a> tenga gran impacto regional\u00bb. Esto, por dos razones, dice a DW el investigador del Instituto de Ciencias Sociales de la Universidad de Lisboa: \u00abPrimero, es lo usual que Chile alterne entre izquierda y derecha cada cuatro a\u00f1os. Segundo, Kast tiene un estilo menos disruptivo que Bukele o Milei\u00bb.<\/p>\n<p>Es importante tener en cuenta el peso de Chile en la regi\u00f3n, el de los liderazgos -en este caso el de Boric comparado con el que podr\u00eda tener Kast- y luego la vinculaci\u00f3n de Chile y de este nuevo liderazgo con la agenda global, explica a DW la polit\u00f3loga Yanina Welp.<\/p>\n<p>\u00abChile no tiene la incidencia que puede tener <a class=\"internal-link\" href=\"https:\/\/www.dw.com\/es\/brasil\/t-17411698\" rel=\"nofollow noopener\" target=\"_blank\">Brasil<\/a>\u00a0en\u00a0un cambio de pol\u00edtica o el peso econ\u00f3mico o simb\u00f3lico de Brasil. Por lo tanto, sin negar que hay un impacto claramente, no veo un cambio enorme. Por otro lado, la pol\u00edtica chilena se ha caracterizado en los \u00faltimos a\u00f1os por una gran estabilidad\u00bb, dice la investigadora del Albert Hirschman Democracy Centre, Geneva Graduate Institute.<\/p>\n<p>A pesar de que el cambio pol\u00edtico en Chile no tiene mayor impacto a nivel latinoamericano, reconoce que el presidente Boric \u00abtuvo un peso bastante importante en la agenda democr\u00e1tica en la regi\u00f3n. Fue uno de los pocos y de los primeros en hablar claro alrededor de distinguir qu\u00e9 es democr\u00e1tico y <a class=\"internal-link\" href=\"https:\/\/www.dw.com\/es\/gabriel-boric-la-dictadura-de-venezuela-no-es-la-izquierda\/a-70022892\" rel=\"nofollow noopener\" target=\"_blank\">qu\u00e9 es autoritario<\/a>, con independencia de si se lo ubica a la izquierda o la derecha. Me parece que ese valor con Kast se pierde, no tiene una agenda pro democracia y tampoco espero que tenga tanta intervenci\u00f3n como intent\u00f3 tener Boric en ese debate global\u00bb.<\/p>\n<p>\u00bfOla derechista?<\/p>\n<p>\u00abHay una dimensi\u00f3n regional del surgimiento de estos liderazgos de ultraderecha, no es casualidad que se est\u00e1 fortaleciendo en distintos pa\u00edses de Am\u00e9rica Latina. Tambi\u00e9n tiene una dimensi\u00f3n global, porque este tipo de <a class=\"internal-link\" href=\"https:\/\/www.dw.com\/es\/el-avance-de-las-nuevas-derechas-en-am\u00e9rica-latina\/a-73759242\" rel=\"nofollow noopener\" target=\"_blank\">propuestas radicales<\/a> tiene antecedentes en Estados Unidos, en Europa y distintas partes de mundo\u00bb, dice a DW Claudia Heiss, profesora del Departamento de Estudios Pol\u00edticos de la Universidad de Chile.<\/p>\n<p><img data-format=\"MASTER_LANDSCAPE\" data-id=\"74674566\" data-url=\"https:\/\/static.dw.com\/image\/74674566_${formatId}.jpg\" data-aspect-ratio=\"16\/9\" alt=\"Rodrigo Paz saluda con su mano derecha.\" style=\"padding-bottom: 56.25%; height: 0; max-height: 0;\"\/>\u00abHablar de ola derechista es descriptivamente correcto, pero anal\u00edticamente enga\u00f1oso: en Sudam\u00e9rica est\u00e1n triunfando las oposiciones, que solo circunstancialmente son de derecha\u00bb, opina Andr\u00e9s Malaud, investigador del Instituto de Ciencias Sociales de la Universidad de Lisboa.Imagen: Aizar Raldes\/AFP\/Getty Images<\/p>\n<p>Sobre el reciente <a class=\"internal-link\" href=\"https:\/\/www.dw.com\/es\/kast-hace-pagar-a-la-izquierda-chilena-su-sordera\/a-75154540\" rel=\"nofollow noopener\" target=\"_blank\">triunfo de la ultraderecha<\/a> en Chile, afirma que \u00abpara los equilibrios regionales, se ve m\u00e1s debilitado el polo de izquierda en Am\u00e9rica Latina y fortalecido el de derecha. No hay duda que Kast va a tener una <a class=\"internal-link\" href=\"https:\/\/www.dw.com\/es\/javier-milei-recibe-a-kast-y-anuncian-hoja-de-ruta-bilateral\/a-75191794\" rel=\"nofollow noopener\" target=\"_blank\">relaci\u00f3n muy estrecha<\/a> con Milei\u00bb. As\u00ed lo muestra la primera acci\u00f3n del presidente electo, que fue viajar a Buenos Aires para reunirse con el presidente argentino.<\/p>\n<p>En opini\u00f3n de Heiss, esto anticipa \u00abuna alianza y un espectro de pol\u00edticas p\u00fablicas compartidas y de cooperaci\u00f3n, entre Chile y Argentina en lo inmediato, y seguramente con otros gobiernos de derecha en la regi\u00f3n y acercamiento a <a class=\"internal-link\" href=\"https:\/\/www.dw.com\/es\/estados-unidos\/t-17411942\" rel=\"nofollow noopener\" target=\"_blank\">Estados Unidos\u00bb<\/a>.\u00a0Esto podr\u00eda tener efectos tambi\u00e9n en la relaci\u00f3n con China, pa\u00eds que ha tenido una influencia creciente en Chile, particularmente en inversiones en obras p\u00fablicas, y que busca extenderla en Latinoam\u00e9rica.<\/p>\n<p>El futuro gobierno chileno, m\u00e1s cercano a <a class=\"internal-link\" href=\"https:\/\/www.dw.com\/es\/donald-trump\/t-19445010\" rel=\"nofollow noopener\" target=\"_blank\">Donald Trump<\/a>, podr\u00eda facilitar los intereses de Estados Unidos y su nuevo principio de pol\u00edtica exterior con el foco en Am\u00e9rica Latina. Seg\u00fan Welp, esto va a resultar m\u00e1s f\u00e1cil que con Boric, con el posible impacto en la agenda. Con todo, lo que ser\u00e1 m\u00e1s relevante es que \u00abse pierde la agenda de promoci\u00f3n o defensa de la democracia con el liderazgo de Kast\u00bb.<\/p>\n<p>Qu\u00e9 hay detr\u00e1s de la ola<\/p>\n<p>M\u00e1s all\u00e1 del giro a la derecha, para Welp \u00abcentrar todo el debate p\u00fablico en hablar de una ola derechista, incluso de extrema derecha, y poner a todos los liderazgos en un mismo paquete, lo que hace es ocultar que hay unas demandas ciudadanas que tienen una base concreta.\u00a0<a class=\"internal-link\" href=\"https:\/\/www.dw.com\/es\/la-masacre-de-r\u00edo-y-otros-ciclos-de-violencia-criminal-en-am\u00e9rica-latina\/a-74573619\" rel=\"nofollow noopener\" target=\"_blank\">La criminalidad<\/a> crece en Am\u00e9rica Latina y hay una tremenda insatisfacci\u00f3n frente al estado de cosas y, quiz\u00e1s como un elemento destacado en eso, a la enorme corrupci\u00f3n que hubo con gobiernos de giro a la izquierda\u00bb.<\/p>\n<p>El \u00e9nfasis en esta ola \u00abdemoniza liderazgos y tapa falencias de los sistemas pol\u00edticos\u00bb, asegura la polit\u00f3loga. En los distintos pa\u00edses se identifican ciertos elementos comunes, que explican el avance de la derecha, como la agenda de seguridad, pero hay tambi\u00e9n bastantes diferencias, dice: \u00abEn Chile, seguridad y migraci\u00f3n son el centro del debate, mientras en Argentina el triunfo de Milei se explica mucho m\u00e1s por variables econ\u00f3micas y por la inflaci\u00f3n\u00bb.<\/p>\n<p>En opini\u00f3n de Malamud, \u00abhablar de una ola derechista es descriptivamente correcto, pero anal\u00edticamente enga\u00f1oso: en Sudam\u00e9rica est\u00e1n triunfando las oposiciones, que solo circunstancialmente son de derecha. En Uruguay, por ejemplo, gan\u00f3 la izquierda porque gobernaba la derecha\u201d.<\/p>\n<p>Por su parte, Heiss observa \u00abuna votaci\u00f3n pendular desde la izquierda a la derecha, que podr\u00eda revertirse hacia la izquierda, de seguir el movimiento pendular\u00bb. Las elecciones presidenciales del 2026 en Costa Rica, Colombia, Brasil y Per\u00fa ser\u00e1n una nueva prueba para verificar cu\u00e1nto ha crecido la adhesi\u00f3n a las posturas de extrema derecha.<\/p>\n<p>Al respecto, se han estudiado una serie de fen\u00f3menos, desde la erosi\u00f3n de la democracia, la mayor tolerancia al autoritarismo, la b\u00fasqueda de liderazgos fuertes que prometan soluciones inmediatas, el aumento de la desigualdad, y el efecto ejemplo, que tienen medidas como la discutida\u00a0<a class=\"internal-link\" href=\"https:\/\/www.dw.com\/es\/el-populismo-punitivo-de-las-megac\u00e1rceles-entre-estados-unidos-y-am\u00e9rica-latina\/a-72518321\" rel=\"nofollow noopener\" target=\"_blank\">pol\u00edtica anticriminalidad<\/a> de Bukele en El Salvador.<\/p>\n<p>Por ahora, Kast est\u00e1 moderando su discurso y evita los temas que no son mayoritarios, como la agenda cultural, la reducci\u00f3n del pluralismo, la diversidad sexual o las mujeres, para centrarse en econom\u00eda, crimen y migraci\u00f3n, en los que tiene adhesi\u00f3n mayoritaria. En su primer discurso tras ser elegido habl\u00f3 de bajar las expectativas y no esperar cambios inmediatos, apunta Heiss: \u00abEso podr\u00eda reflejar la b\u00fasqueda de una derecha no tan radical como la que hemos visto en sus campa\u00f1as, en sus partidarios y parlamentarios\u00bb.<\/p>\n<p>(ms)<\/p>\n<p>\u00a0<\/p>\n<p>\u00a0<\/p>\n<p>\u00a0<\/p>\n<p>\u00a0<\/p>\n<p>\u00a0<\/p>\n<p>\u00a0<\/p>\n<p>\u00a0<\/p>\n<p>\u00a0<\/p>\n","protected":false},"excerpt":{"rendered":"En un movimiento pendular, que a veces se inclina a la derecha y otras a la izquierda, y&hellip;\n","protected":false},"author":2,"featured_media":298147,"comment_status":"","ping_status":"","sticky":false,"template":"","format":"standard","meta":{"footnotes":""},"categories":[42],"tags":[17,18,13,14,11,61,62,63,64,19,20,9,10,15,16,12,21,22,65,66,67],"class_list":{"0":"post-298146","1":"post","2":"type-post","3":"status-publish","4":"format-standard","5":"has-post-thumbnail","7":"category-internacional","8":"tag-breaking-news","9":"tag-breakingnews","10":"tag-featured-news","11":"tag-featurednews","12":"tag-headlines","13":"tag-internacional","14":"tag-international","15":"tag-international-news","16":"tag-internationalnews","17":"tag-latest-news","18":"tag-latestnews","19":"tag-news","20":"tag-noticias","21":"tag-noticias-destacadas","22":"tag-noticiasdestacadas","23":"tag-titulares","24":"tag-ultimas-noticias","25":"tag-ultimasnoticias","26":"tag-world","27":"tag-world-news","28":"tag-worldnews"},"share_on_mastodon":{"url":"https:\/\/pubeurope.com\/@es\/115752747935844102","error":""},"_links":{"self":[{"href":"https:\/\/www.europesays.com\/es\/wp-json\/wp\/v2\/posts\/298146","targetHints":{"allow":["GET"]}}],"collection":[{"href":"https:\/\/www.europesays.com\/es\/wp-json\/wp\/v2\/posts"}],"about":[{"href":"https:\/\/www.europesays.com\/es\/wp-json\/wp\/v2\/types\/post"}],"author":[{"embeddable":true,"href":"https:\/\/www.europesays.com\/es\/wp-json\/wp\/v2\/users\/2"}],"replies":[{"embeddable":true,"href":"https:\/\/www.europesays.com\/es\/wp-json\/wp\/v2\/comments?post=298146"}],"version-history":[{"count":0,"href":"https:\/\/www.europesays.com\/es\/wp-json\/wp\/v2\/posts\/298146\/revisions"}],"wp:featuredmedia":[{"embeddable":true,"href":"https:\/\/www.europesays.com\/es\/wp-json\/wp\/v2\/media\/298147"}],"wp:attachment":[{"href":"https:\/\/www.europesays.com\/es\/wp-json\/wp\/v2\/media?parent=298146"}],"wp:term":[{"taxonomy":"category","embeddable":true,"href":"https:\/\/www.europesays.com\/es\/wp-json\/wp\/v2\/categories?post=298146"},{"taxonomy":"post_tag","embeddable":true,"href":"https:\/\/www.europesays.com\/es\/wp-json\/wp\/v2\/tags?post=298146"}],"curies":[{"name":"wp","href":"https:\/\/api.w.org\/{rel}","templated":true}]}}