{"id":298158,"date":"2025-12-20T16:15:11","date_gmt":"2025-12-20T16:15:11","guid":{"rendered":"https:\/\/www.europesays.com\/es\/298158\/"},"modified":"2025-12-20T16:15:11","modified_gmt":"2025-12-20T16:15:11","slug":"pedri-sera-baja-ante-el-villarreal","status":"publish","type":"post","link":"https:\/\/www.europesays.com\/es\/298158\/","title":{"rendered":"Pedri ser\u00e1 baja ante el Villarreal"},"content":{"rendered":"<p class=\"\">El estado f\u00edsico de Pedri es ahora mismo <b>la m\u00e1xima preocupaci\u00f3n de los t\u00e9cnicos<\/b>. El centrocampista acab\u00f3 el partido del martes de Copa ante el Guadalajara con <b>unas peque\u00f1as molestias en el s\u00f3leo de la pierna izquierda<\/b>. Tras descansar dos d\u00edas, el viernes regres\u00f3 a la Ciutat Esportiva, pero <b>las molestias no acababan de remitir<\/b>, qued\u00e1ndose en el gimnasio para hacer trabajo espec\u00edfico. Las pruebas descartaron una lesi\u00f3n de alcance, pero s\u00ed confirmaron una sobrecarga.<\/p>\n<p class=\"\">Ante esta situaci\u00f3n &#8211;<b>la sobrecarga es siempre un primer aviso de la posibilidad de una lesi\u00f3n mayor<\/b>-, y conociendo los antecedentes de lesiones musculares del centrocampista,<b> los t\u00e9cnicos no est\u00e1n dispuestos a arriesgar en ning\u00fan caso<\/b>, por lo que no entrar\u00e1 en la lista para el partido de este domingo contra el Villarreal, seg\u00fan ha verbalizado el propio Flick.<\/p>\n<blockquote class=\"twitter-tweet\">\n<p lang=\"es\" dir=\"ltr\">\ud835\uddd6\ud835\udde2\ud835\udde0\ud835\udde8\ud835\udde1\ud835\udddc\ud835\uddd6\ud835\uddd4\ud835\uddd7\ud835\udde2 \ud835\udde0\ud835\uddd8\u0301\ud835\uddd7\ud835\udddc\ud835\uddd6\ud835\udde2<\/p>\n<p>El jugador del primer equipo \ud835\udde3\ud835\uddf2\ud835\uddf1\ud835\uddff\ud835\uddfc \ud835\uddda\ud835\uddfc\ud835\uddfb\ud835\ude07\ud835\uddee\u0301\ud835\uddf9\ud835\uddf2\ud835\ude07, \ud835\udde3\ud835\uddf2\ud835\uddf1\ud835\uddff\ud835\uddf6, es baja para el partido contra el Villarreal CF por precauci\u00f3n, debido a unas leves molestias musculares.<\/p>\n<p>Se espera que el jugador est\u00e9 disponible para el pr\u00f3ximo partido\u2026 <a href=\"https:\/\/t.co\/F1GL2UgIgq\" rel=\"nofollow\">pic.twitter.com\/F1GL2UgIgq<\/a><\/p>\n<p>\u2014 FC Barcelona (@FCBarcelona_es) <a href=\"https:\/\/twitter.com\/FCBarcelona_es\/status\/2002409828900303042?ref_src=twsrc%5Etfw\" rel=\"nofollow noopener\" target=\"_blank\">December 20, 2025<\/a><\/p><\/blockquote>\n<p class=\"\"><b>Tal como avanz\u00f3 AS, las dudas con Pedri se confirmaron en la exploraci\u00f3n del viernes, al no remitir las molestias en el s\u00f3leo<\/b>. En todo caso, se trata en principio de una lesi\u00f3n de peque\u00f1o alcance, por lo que ahora mismo <b>no peligrar\u00eda su presencia de cara al partido contra el Espanyol del pr\u00f3ximo 3 de enero<\/b>.<\/p>\n<p>Noticias relacionadas<\/p>\n<p class=\"\">Con Pedri fuera de la ecuaci\u00f3n, <b>todo apunta a que ser\u00e1 Frenkie de Jong quien coja el relevo en el mediocampo ante el Villarreal<\/b>, acompa\u00f1ado de <b>Eric Garc\u00eda en el pivote defensivo y presumiblemente Ferm\u00edn en la media punta<\/b>. Hay que recordar que Hansi Flick tampoco podr\u00e1 contar de cara a este partido con Dani Olmo, recuper\u00e1ndose de una luxaci\u00f3n en el hombro izquierdo.<\/p>\n<p class=\"\"><b>\u00a1Tus opiniones importan!<\/b> Comenta en los art\u00edculos y suscr\u00edbete gratis a nuestra <a href=\"https:\/\/asfan.as.com\/newsletters\/\" target=\"_blank\" rel=\"nofollow noopener\" title=\"https:\/\/asfan.as.com\/newsletters\/\">newsletter<\/a> y a las alertas informativas en la <a href=\"https:\/\/as.com\/aplicacion-de-as-n\/\" target=\"_blank\" rel=\"nofollow noopener\" title=\"https:\/\/as.com\/aplicacion-de-as-n\/\">App<\/a> o el canal de <a href=\"https:\/\/www.whatsapp.com\/channel\/0029VaAasdA7j6g745nz9M10\" target=\"_blank\" rel=\"nofollow noopener\" title=\"https:\/\/www.whatsapp.com\/channel\/0029VaAasdA7j6g745nz9M10\">WhatsApp<\/a>. \u00bfBuscas licenciar contenido? Haz clic <a href=\"https:\/\/profesional.elpais.com\/soluciones-sindicacion?utm_medium=interno&amp;utm_source=crosslinking&amp;utm_campaign=sindicacion_as_pie_articulos\" target=\"_blank\" rel=\"nofollow noopener\" title=\"https:\/\/profesional.elpais.com\/soluciones-sindicacion?utm_medium=interno&amp;utm_source=crosslinking&amp;utm_campaign=sindicacion_as_pie_articulos\">aqu\u00ed<\/a><\/p>\n<p><script async src=\"https:\/\/platform.twitter.com\/widgets.js\" charset=\"utf-8\"><\/script><\/p>\n","protected":false},"excerpt":{"rendered":"El estado f\u00edsico de Pedri es ahora mismo la m\u00e1xima preocupaci\u00f3n de los t\u00e9cnicos. El centrocampista acab\u00f3 el&hellip;\n","protected":false},"author":2,"featured_media":298159,"comment_status":"","ping_status":"","sticky":false,"template":"","format":"standard","meta":{"footnotes":""},"categories":[268],"tags":[168,25,24,280,282,281,23,167],"class_list":{"0":"post-298158","1":"post","2":"type-post","3":"status-publish","4":"format-standard","5":"has-post-thumbnail","7":"category-futbol","8":"tag-deportes","9":"tag-es","10":"tag-espana","11":"tag-football","12":"tag-futbol","13":"tag-soccer","14":"tag-spain","15":"tag-sports"},"share_on_mastodon":{"url":"https:\/\/pubeurope.com\/@es\/115752791385119097","error":""},"_links":{"self":[{"href":"https:\/\/www.europesays.com\/es\/wp-json\/wp\/v2\/posts\/298158","targetHints":{"allow":["GET"]}}],"collection":[{"href":"https:\/\/www.europesays.com\/es\/wp-json\/wp\/v2\/posts"}],"about":[{"href":"https:\/\/www.europesays.com\/es\/wp-json\/wp\/v2\/types\/post"}],"author":[{"embeddable":true,"href":"https:\/\/www.europesays.com\/es\/wp-json\/wp\/v2\/users\/2"}],"replies":[{"embeddable":true,"href":"https:\/\/www.europesays.com\/es\/wp-json\/wp\/v2\/comments?post=298158"}],"version-history":[{"count":0,"href":"https:\/\/www.europesays.com\/es\/wp-json\/wp\/v2\/posts\/298158\/revisions"}],"wp:featuredmedia":[{"embeddable":true,"href":"https:\/\/www.europesays.com\/es\/wp-json\/wp\/v2\/media\/298159"}],"wp:attachment":[{"href":"https:\/\/www.europesays.com\/es\/wp-json\/wp\/v2\/media?parent=298158"}],"wp:term":[{"taxonomy":"category","embeddable":true,"href":"https:\/\/www.europesays.com\/es\/wp-json\/wp\/v2\/categories?post=298158"},{"taxonomy":"post_tag","embeddable":true,"href":"https:\/\/www.europesays.com\/es\/wp-json\/wp\/v2\/tags?post=298158"}],"curies":[{"name":"wp","href":"https:\/\/api.w.org\/{rel}","templated":true}]}}