{"id":298160,"date":"2025-12-20T16:16:10","date_gmt":"2025-12-20T16:16:10","guid":{"rendered":"https:\/\/www.europesays.com\/es\/298160\/"},"modified":"2025-12-20T16:16:10","modified_gmt":"2025-12-20T16:16:10","slug":"josema-yuste-sin-etiquetas-en-plano-general","status":"publish","type":"post","link":"https:\/\/www.europesays.com\/es\/298160\/","title":{"rendered":"Josema Yuste, sin etiquetas, en Plano General"},"content":{"rendered":"<p><strong>Plano General<\/strong>, el programa de entrevistas de <strong>La2<\/strong> dirigido y presentador por el periodista espa\u00f1ol <strong>Jenaro Castro<\/strong>, ha acogido este viernes 19 de diciembre al <strong>actor y humorista Josema Yuste<\/strong>. El int\u00e9rprete madrile\u00f1o, tras muchos a\u00f1os en la pantalla, fue en uno de los c\u00f3micos m\u00e1s queridos y reconocidos de nuestro pa\u00eds, formando parte de las navidades de millones de personas gracias a sus especiales de <strong>Nochevieja en Televisi\u00f3n Espa\u00f1ola<\/strong>. Bien conocido por su participaci\u00f3n en la dupla junto a <strong>Mill\u00e1n Sancedo<\/strong> de <strong>Martes y Trece<\/strong> hasta el a\u00f1o 1999, Yuste ha concedido una entrevista de treinta minutos en la que ha promocionado su nueva obra <strong>Que Dios nos pille confesados<\/strong>, en el <strong>Teatro Mu\u00f1oz Seca de Madrid<\/strong>.<\/p>\n<blockquote class=\"twitter-tweet\">\n<p dir=\"ltr\" lang=\"es\">Plano General del actor y humorista Josema Yuste, la mitad de Martes y Trece. Este viernes en \u2066<a href=\"https:\/\/twitter.com\/la2_tve?ref_src=twsrc%5Etfw\" rel=\"nofollow noopener\" target=\"_blank\">@la2_tve<\/a>\u2069 a partir de las 22 horas. <a href=\"https:\/\/twitter.com\/hashtag\/PGJosemaYuste?src=hash&amp;ref_src=twsrc%5Etfw\" rel=\"nofollow noopener\" target=\"_blank\">#PGJosemaYuste<\/a> , una entrevista seriamente divertida como aperitivo navide\u00f1o \ud83d\ude0a <a href=\"https:\/\/t.co\/mJKblHu3Vu\" rel=\"nofollow\">pic.twitter.com\/mJKblHu3Vu<\/a><\/p>\n<p>\u2014 Jenaro Castro (@JenaroCastroM) <a href=\"https:\/\/twitter.com\/JenaroCastroM\/status\/2000204818283962395?ref_src=twsrc%5Etfw\" rel=\"nofollow noopener\" target=\"_blank\">December 14, 2025<\/a><\/p><\/blockquote>\n<p>Adem\u00e1s, ha hablado abiertamente de su <strong>rechazo al \u201ceufemismo fachosfera\u201d<\/strong>, que no ha dudado calificar de \u00ab<strong>rid\u00edculo\u00bb<\/strong>, y ha reivindicado el derecho a la discrepancia como <strong>\u201cdem\u00f3crata liberal\u201d<\/strong>: \u201cYo<strong> no opino como t\u00fa y <\/strong>soy un<strong> fascista. Es el colmo de la desfachatez<\/strong>, de la cara dura, que tienen los que dicen eso. Primero, <strong>el presidente del Gobierno y algunos ministros<\/strong>. Yo no opino como t\u00fa y soy tan <strong>dem\u00f3crata<\/strong> o m\u00e1s que t\u00fa. Eso me revienta. No lo puedo soportar\u00bb, ha se\u00f1alado.<\/p>\n<p>Tras ello, el presentador del programa, Jenaro Castro, le ha preguntado si por esa hab\u00eda sido <strong>calificado<\/strong> como \u00ab<strong>facha<\/strong> alguna vez\u00bb. Ante la cuesti\u00f3n, el actor ha <strong>rechazado<\/strong> cualquier tipo de <strong>etiquetas<\/strong>, defendiendo que no compartir ideolog\u00edas no implica pertenecer a posiciones extremas. \u00abSi yo no pienso como t\u00fa y t\u00fa eres de izquierdas, yo soy de derechas. Pero <strong>ni yo soy facha ni t\u00fa<\/strong>\u00ab, ha afirmado.<\/p>\n<p>Y en la misma l\u00ednea, ha mostrado su <strong>desacuerdo<\/strong> con el uso de <strong>t\u00e9rminos \u201cdespectivos\u201d<\/strong>, como cuando se le llama a alguien de <strong>izquierdas<\/strong>, \u00abrojo\u00bb: \u00ab<strong>Tampoco me parece bien. No me gustan los t\u00e9rminos. <\/strong>Yo puedo ser m\u00e1s conservador y t\u00fa m\u00e1s progresista, pero lo que yo valoro es que seamos dem\u00f3cratas y que tengamos diferentes puntos de vista sobre las cosas. (Lo otro) Es un insulto\u00bb, ha razonado.<\/p>\n<p>Yuste ha aclarado que <strong>se siente \u201cespa\u00f1ol, no patriota\u201d<\/strong>, y que aunque dice \u201ccreer en la <strong>Constituci\u00f3n<\/strong>\u201d no est\u00e1 cerrado a su <strong>modificaci\u00f3n<\/strong>.<\/p>\n<p>Durante la entrevista, el actor tambi\u00e9n se ha pronunciado acerca de las investigaciones abiertas sobre presuntos <strong>casos de corrupci\u00f3n<\/strong> que afectan al entorno del <strong><a data-external=\"0\" data-intl-links-es=\"https:\/\/www.elplural.com\/politica\/espana\/sumar-insiste-exigencias-sanchez-mientras-psoe-minimiza-desencuentro-socios_368009102\" href=\"https:\/\/www.elplural.com\/politica\/espana\/sumar-insiste-exigencias-sanchez-mientras-psoe-minimiza-desencuentro-socios_368009102\" rel=\"follow nofollow noopener\" target=\"_self\" title=\"Sumar insiste en sus exigencias a S\u00e1nchez mientras el PSOE minimiza el desencuentro con los socios\">Partido Socialista<\/a><\/strong>. En este contexto el humorista ha defendido la necesidad de <strong>respetar<\/strong> tanto la<strong> \u201cseparaci\u00f3n de poderes\u201d<\/strong> como \u201cunos a los otros\u201d, y cuestionado que responsables pol\u00edticos se pronuncien sobre asuntos que, a su juicio, corresponden \u00fanica y exclusivamente al \u00e1mbito judicial en referencia a las declaraciones del presidente del Gobierno, <strong>Pedro S\u00e1nchez<\/strong>, quien consider\u00f3 inapropiado que se adelante una valoraci\u00f3n sobre la inocencia de los cargos p\u00fablicos como el <strong>Fiscal General del Estado<\/strong>, por ejemplo. <strong>\u201cTendr\u00e1 que decirlo un juez\u201d<\/strong>, ha se\u00f1alado Yuste, antes de a\u00f1adir que la politizaci\u00f3n de la justicia ser\u00eda <strong>\u201cmala\u201d<\/strong>, mientras que, en su opini\u00f3n, la anticipaci\u00f3n de decisiones desde el Gobierno resulta \u201ccuanto menos, poco democr\u00e1tico\u201d.<\/p>\n<p>En el terreno ideol\u00f3gico, Josema Yuste ha justificado que \u00e9l cree en \u00abuna <strong>socialdemocracia moderada<\/strong>\u00bb y \u00aben un <strong>centroizquierda<\/strong> como el de <strong>Felipe Gonz\u00e1lez<\/strong>\u00ab. En este punto, el actor ha aprovechado tambi\u00e9n para aludir a las declaraciones del mismo expresidente socialista respecto al actual Gobierno, zanjando que las opiniones del mismo dan \u201cpara pensar\u201d.<\/p>\n<p>El actor se ha sometido finalmente a todas las secciones del programa. Desde <strong>la semblanza<\/strong> hasta <strong>el muro<\/strong>, pasando por <strong>sala de prensa <\/strong>(secci\u00f3n analizada en este art\u00edculo), en <strong>un rinc\u00f3n del alma<\/strong> y <strong>primer plano<\/strong>.<\/p>\n<p>S\u00famate a <img decoding=\"async\" alt=\"El Plural\" height=\"50\" loading=\"lazy\" src=\"https:\/\/www.elplural.com\/uploads\/static\/elplural\/dist\/img\/cta-image.svg\" width=\"148\"\/><\/p>\n<p>Apoya nuestro trabajo. Navega sin publicidad. Entra a todos los contenidos.<\/p>\n<p><a href=\"https:\/\/www.elplural.com\/registro.html?utm_source=BOTON_CTA&amp;utm_campaign=ctabutton_noticia\" rel=\"nofollow noopener\" target=\"_blank\">hazte socio<\/a><script async src=\"https:\/\/platform.twitter.com\/widgets.js\" charset=\"utf-8\"><\/script><\/p>\n","protected":false},"excerpt":{"rendered":"Plano General, el programa de entrevistas de La2 dirigido y presentador por el periodista espa\u00f1ol Jenaro Castro, ha&hellip;\n","protected":false},"author":2,"featured_media":298161,"comment_status":"","ping_status":"","sticky":false,"template":"","format":"standard","meta":{"footnotes":""},"categories":[174],"tags":[255,146,147,25,24,256,23],"class_list":{"0":"post-298160","1":"post","2":"type-post","3":"status-publish","4":"format-standard","5":"has-post-thumbnail","7":"category-famosos","8":"tag-celebrities","9":"tag-entertainment","10":"tag-entretenimiento","11":"tag-es","12":"tag-espana","13":"tag-famosos","14":"tag-spain"},"share_on_mastodon":{"url":"https:\/\/pubeurope.com\/@es\/115752795474795950","error":""},"_links":{"self":[{"href":"https:\/\/www.europesays.com\/es\/wp-json\/wp\/v2\/posts\/298160","targetHints":{"allow":["GET"]}}],"collection":[{"href":"https:\/\/www.europesays.com\/es\/wp-json\/wp\/v2\/posts"}],"about":[{"href":"https:\/\/www.europesays.com\/es\/wp-json\/wp\/v2\/types\/post"}],"author":[{"embeddable":true,"href":"https:\/\/www.europesays.com\/es\/wp-json\/wp\/v2\/users\/2"}],"replies":[{"embeddable":true,"href":"https:\/\/www.europesays.com\/es\/wp-json\/wp\/v2\/comments?post=298160"}],"version-history":[{"count":0,"href":"https:\/\/www.europesays.com\/es\/wp-json\/wp\/v2\/posts\/298160\/revisions"}],"wp:featuredmedia":[{"embeddable":true,"href":"https:\/\/www.europesays.com\/es\/wp-json\/wp\/v2\/media\/298161"}],"wp:attachment":[{"href":"https:\/\/www.europesays.com\/es\/wp-json\/wp\/v2\/media?parent=298160"}],"wp:term":[{"taxonomy":"category","embeddable":true,"href":"https:\/\/www.europesays.com\/es\/wp-json\/wp\/v2\/categories?post=298160"},{"taxonomy":"post_tag","embeddable":true,"href":"https:\/\/www.europesays.com\/es\/wp-json\/wp\/v2\/tags?post=298160"}],"curies":[{"name":"wp","href":"https:\/\/api.w.org\/{rel}","templated":true}]}}